{"id":234666,"date":"2025-01-30T08:39:29","date_gmt":"2025-01-30T07:39:29","guid":{"rendered":"https:\/\/www.tourisme-marchesdebretagne.com\/braderie-puericulture\/"},"modified":"2026-03-08T11:10:32","modified_gmt":"2026-03-08T10:10:32","slug":"braderie-puericulture","status":"publish","type":"post","link":"https:\/\/www.tourisme-marchesdebretagne.com\/en\/braderie-puericulture\/","title":{"rendered":"Braderie Pu\u00e9riculture"},"content":{"rendered":"<p>Organis\u00e9 par l&#8217;ASC Marcill\u00e9-Raoul,  cette braderie sera l&#8217;occasion de vendre ou de venir acqu\u00e9rir des articles de pu\u00e9riculture.<\/p>\n<p>Tarifs exposants :  3\u20ac la table d&#8217;1m20 &#8211; 4\u20ac la table d&#8217;1m80 &#8211; 1\u20ac le portant non fourni &#8211; Limit\u00e9 \u00e0 3 m par exposant<\/p>\n<p>Buvette et petite restauration sur place (formule d\u00e9jeuner sur r\u00e9servation).<\/p>\n<p>Accueil des exposants entre 8h et 8h45.<\/p>\n","protected":false},"excerpt":{"rendered":"<p>Organis\u00e9 par l&#8217;ASC Marcill\u00e9-Raoul, cette braderie sera l&#8217;occasion de vendre ou de venir acqu\u00e9rir des articles de pu\u00e9riculture. Tarifs exposants : 3\u20ac la table d&#8217;1m20 &#8211; 4\u20ac la table d&#8217;1m80 &#8211; 1\u20ac le portant non fourni &#8211; Limit\u00e9 \u00e0 3 m par exposant Buvette et petite restauration sur place (formule d\u00e9jeuner sur r\u00e9servation). Accueil des [&hellip;]<\/p>\n","protected":false},"author":0,"featured_media":241999,"comment_status":"closed","ping_status":"open","sticky":false,"template":"","format":"standard","meta":{"footnotes":""},"categories":[16],"tags":[],"acf":[],"yoast_head":"<!-- This site is optimized with the Yoast SEO plugin v18.4.1 - https:\/\/yoast.com\/wordpress\/plugins\/seo\/ -->\n<title>Braderie Pu\u00e9riculture - Office de tourisme Couesnon Marches de Bretagne<\/title>\n<meta name=\"robots\" content=\"index, follow, max-snippet:-1, max-image-preview:large, max-video-preview:-1\" \/>\n<link rel=\"canonical\" href=\"https:\/\/www.tourisme-marchesdebretagne.com\/en\/braderie-puericulture\/\" \/>\n<meta property=\"og:locale\" content=\"en_US\" \/>\n<meta property=\"og:type\" content=\"article\" \/>\n<meta property=\"og:title\" content=\"Braderie Pu\u00e9riculture - Office de tourisme Couesnon Marches de Bretagne\" \/>\n<meta property=\"og:description\" content=\"Organis\u00e9 par l&#8217;ASC Marcill\u00e9-Raoul, cette braderie sera l&#8217;occasion de vendre ou de venir acqu\u00e9rir des articles de pu\u00e9riculture. Tarifs exposants : 3\u20ac la table d&#8217;1m20 &#8211; 4\u20ac la table d&#8217;1m80 &#8211; 1\u20ac le portant non fourni &#8211; Limit\u00e9 \u00e0 3 m par exposant Buvette et petite restauration sur place (formule d\u00e9jeuner sur r\u00e9servation). Accueil des [&hellip;]\" \/>\n<meta property=\"og:url\" content=\"https:\/\/www.tourisme-marchesdebretagne.com\/en\/braderie-puericulture\/\" \/>\n<meta property=\"og:site_name\" content=\"Office de tourisme Couesnon Marches de Bretagne\" \/>\n<meta property=\"article:published_time\" content=\"2025-01-30T07:39:29+00:00\" \/>\n<meta property=\"article:modified_time\" content=\"2026-03-08T10:10:32+00:00\" \/>\n<meta property=\"og:image\" content=\"https:\/\/www.tourisme-marchesdebretagne.com\/wp-content\/uploads\/2026\/02\/Capture-d-ecran-2026-02-13-150814.jpeg\" \/>\n\t<meta property=\"og:image:width\" content=\"800\" \/>\n\t<meta property=\"og:image:height\" content=\"493\" \/>\n\t<meta property=\"og:image:type\" content=\"image\/jpeg\" \/>\n<meta name=\"twitter:card\" content=\"summary_large_image\" \/>\n<script type=\"application\/ld+json\" class=\"yoast-schema-graph\">{\"@context\":\"https:\/\/schema.org\",\"@graph\":[{\"@type\":\"Organization\",\"@id\":\"https:\/\/www.tourisme-marchesdebretagne.com\/en\/#organization\",\"name\":\"R\u00e9sultats de recherche R\u00e9sultats Web http:\/\/www.tourisme-marchesdebretagne.com\/www.tourisme-marchesdebretagne.com \u203a marches March\u00e9s - Office de Tourisme Couesnon Marches de Bretagne\",\"url\":\"https:\/\/www.tourisme-marchesdebretagne.com\/en\/\",\"sameAs\":[],\"logo\":{\"@type\":\"ImageObject\",\"@id\":\"https:\/\/www.tourisme-marchesdebretagne.com\/en\/#logo\",\"inLanguage\":\"en-US\",\"url\":\"https:\/\/www.tourisme-marchesdebretagne.com\/wp-content\/uploads\/2019\/12\/header_logo_grand.png\",\"contentUrl\":\"https:\/\/www.tourisme-marchesdebretagne.com\/wp-content\/uploads\/2019\/12\/header_logo_grand.png\",\"width\":280,\"height\":76,\"caption\":\"R\u00e9sultats de recherche R\u00e9sultats Web http:\/\/www.tourisme-marchesdebretagne.com\/www.tourisme-marchesdebretagne.com \u203a marches March\u00e9s - Office de Tourisme Couesnon Marches de Bretagne\"},\"image\":{\"@id\":\"https:\/\/www.tourisme-marchesdebretagne.com\/en\/#logo\"}},{\"@type\":\"WebSite\",\"@id\":\"https:\/\/www.tourisme-marchesdebretagne.com\/en\/#website\",\"url\":\"https:\/\/www.tourisme-marchesdebretagne.com\/en\/\",\"name\":\"Office de tourisme Couesnon Marches de Bretagne\",\"description\":\"Le site officiel de l&#039;Office de Tourisme Couesnon Marches de Bretagne \u00e0 Bazouges-la-P\u00e9rouse et Maen Roch en Ille-et-Vilaine.\",\"publisher\":{\"@id\":\"https:\/\/www.tourisme-marchesdebretagne.com\/en\/#organization\"},\"potentialAction\":[{\"@type\":\"SearchAction\",\"target\":{\"@type\":\"EntryPoint\",\"urlTemplate\":\"https:\/\/www.tourisme-marchesdebretagne.com\/en\/?s={search_term_string}\"},\"query-input\":\"required name=search_term_string\"}],\"inLanguage\":\"en-US\"},{\"@type\":\"ImageObject\",\"@id\":\"https:\/\/www.tourisme-marchesdebretagne.com\/en\/braderie-puericulture\/#primaryimage\",\"inLanguage\":\"en-US\",\"url\":\"https:\/\/www.tourisme-marchesdebretagne.com\/wp-content\/uploads\/2026\/02\/Capture-d-ecran-2026-02-13-150814.jpeg\",\"contentUrl\":\"https:\/\/www.tourisme-marchesdebretagne.com\/wp-content\/uploads\/2026\/02\/Capture-d-ecran-2026-02-13-150814.jpeg\",\"width\":800,\"height\":493},{\"@type\":\"WebPage\",\"@id\":\"https:\/\/www.tourisme-marchesdebretagne.com\/en\/braderie-puericulture\/#webpage\",\"url\":\"https:\/\/www.tourisme-marchesdebretagne.com\/en\/braderie-puericulture\/\",\"name\":\"Braderie Pu\u00e9riculture - Office de tourisme Couesnon Marches de Bretagne\",\"isPartOf\":{\"@id\":\"https:\/\/www.tourisme-marchesdebretagne.com\/en\/#website\"},\"primaryImageOfPage\":{\"@id\":\"https:\/\/www.tourisme-marchesdebretagne.com\/en\/braderie-puericulture\/#primaryimage\"},\"datePublished\":\"2025-01-30T07:39:29+00:00\",\"dateModified\":\"2026-03-08T10:10:32+00:00\",\"breadcrumb\":{\"@id\":\"https:\/\/www.tourisme-marchesdebretagne.com\/en\/braderie-puericulture\/#breadcrumb\"},\"inLanguage\":\"en-US\",\"potentialAction\":[{\"@type\":\"ReadAction\",\"target\":[\"https:\/\/www.tourisme-marchesdebretagne.com\/en\/braderie-puericulture\/\"]}]},{\"@type\":\"BreadcrumbList\",\"@id\":\"https:\/\/www.tourisme-marchesdebretagne.com\/en\/braderie-puericulture\/#breadcrumb\",\"itemListElement\":[{\"@type\":\"ListItem\",\"position\":1,\"name\":\"Accueil\",\"item\":\"https:\/\/www.tourisme-marchesdebretagne.com\/en\/\"},{\"@type\":\"ListItem\",\"position\":2,\"name\":\"Agenda\",\"item\":\"https:\/\/www.tourisme-marchesdebretagne.com\/en\/category\/agenda\/\"},{\"@type\":\"ListItem\",\"position\":3,\"name\":\"Braderie Pu\u00e9riculture\"}]},{\"@type\":\"Article\",\"@id\":\"https:\/\/www.tourisme-marchesdebretagne.com\/en\/braderie-puericulture\/#article\",\"isPartOf\":{\"@id\":\"https:\/\/www.tourisme-marchesdebretagne.com\/en\/braderie-puericulture\/#webpage\"},\"author\":{\"@id\":\"\"},\"headline\":\"Braderie Pu\u00e9riculture\",\"datePublished\":\"2025-01-30T07:39:29+00:00\",\"dateModified\":\"2026-03-08T10:10:32+00:00\",\"mainEntityOfPage\":{\"@id\":\"https:\/\/www.tourisme-marchesdebretagne.com\/en\/braderie-puericulture\/#webpage\"},\"wordCount\":64,\"publisher\":{\"@id\":\"https:\/\/www.tourisme-marchesdebretagne.com\/en\/#organization\"},\"image\":{\"@id\":\"https:\/\/www.tourisme-marchesdebretagne.com\/en\/braderie-puericulture\/#primaryimage\"},\"thumbnailUrl\":\"https:\/\/www.tourisme-marchesdebretagne.com\/wp-content\/uploads\/2026\/02\/Capture-d-ecran-2026-02-13-150814.jpeg\",\"articleSection\":[\"Agenda\"],\"inLanguage\":\"en-US\"}]}<\/script>\n<!-- \/ Yoast SEO plugin. -->","yoast_head_json":{"title":"Braderie Pu\u00e9riculture - Office de tourisme Couesnon Marches de Bretagne","robots":{"index":"index","follow":"follow","max-snippet":"max-snippet:-1","max-image-preview":"max-image-preview:large","max-video-preview":"max-video-preview:-1"},"canonical":"https:\/\/www.tourisme-marchesdebretagne.com\/en\/braderie-puericulture\/","og_locale":"en_US","og_type":"article","og_title":"Braderie Pu\u00e9riculture - Office de tourisme Couesnon Marches de Bretagne","og_description":"Organis\u00e9 par l&#8217;ASC Marcill\u00e9-Raoul, cette braderie sera l&#8217;occasion de vendre ou de venir acqu\u00e9rir des articles de pu\u00e9riculture. Tarifs exposants : 3\u20ac la table d&#8217;1m20 &#8211; 4\u20ac la table d&#8217;1m80 &#8211; 1\u20ac le portant non fourni &#8211; Limit\u00e9 \u00e0 3 m par exposant Buvette et petite restauration sur place (formule d\u00e9jeuner sur r\u00e9servation). Accueil des [&hellip;]","og_url":"https:\/\/www.tourisme-marchesdebretagne.com\/en\/braderie-puericulture\/","og_site_name":"Office de tourisme Couesnon Marches de Bretagne","article_published_time":"2025-01-30T07:39:29+00:00","article_modified_time":"2026-03-08T10:10:32+00:00","og_image":[{"width":800,"height":493,"url":"https:\/\/www.tourisme-marchesdebretagne.com\/wp-content\/uploads\/2026\/02\/Capture-d-ecran-2026-02-13-150814.jpeg","type":"image\/jpeg"}],"twitter_card":"summary_large_image","schema":{"@context":"https:\/\/schema.org","@graph":[{"@type":"Organization","@id":"https:\/\/www.tourisme-marchesdebretagne.com\/en\/#organization","name":"R\u00e9sultats de recherche R\u00e9sultats Web http:\/\/www.tourisme-marchesdebretagne.com\/www.tourisme-marchesdebretagne.com \u203a marches March\u00e9s - Office de Tourisme Couesnon Marches de Bretagne","url":"https:\/\/www.tourisme-marchesdebretagne.com\/en\/","sameAs":[],"logo":{"@type":"ImageObject","@id":"https:\/\/www.tourisme-marchesdebretagne.com\/en\/#logo","inLanguage":"en-US","url":"https:\/\/www.tourisme-marchesdebretagne.com\/wp-content\/uploads\/2019\/12\/header_logo_grand.png","contentUrl":"https:\/\/www.tourisme-marchesdebretagne.com\/wp-content\/uploads\/2019\/12\/header_logo_grand.png","width":280,"height":76,"caption":"R\u00e9sultats de recherche R\u00e9sultats Web http:\/\/www.tourisme-marchesdebretagne.com\/www.tourisme-marchesdebretagne.com \u203a marches March\u00e9s - Office de Tourisme Couesnon Marches de Bretagne"},"image":{"@id":"https:\/\/www.tourisme-marchesdebretagne.com\/en\/#logo"}},{"@type":"WebSite","@id":"https:\/\/www.tourisme-marchesdebretagne.com\/en\/#website","url":"https:\/\/www.tourisme-marchesdebretagne.com\/en\/","name":"Office de tourisme Couesnon Marches de Bretagne","description":"Le site officiel de l&#039;Office de Tourisme Couesnon Marches de Bretagne \u00e0 Bazouges-la-P\u00e9rouse et Maen Roch en Ille-et-Vilaine.","publisher":{"@id":"https:\/\/www.tourisme-marchesdebretagne.com\/en\/#organization"},"potentialAction":[{"@type":"SearchAction","target":{"@type":"EntryPoint","urlTemplate":"https:\/\/www.tourisme-marchesdebretagne.com\/en\/?s={search_term_string}"},"query-input":"required name=search_term_string"}],"inLanguage":"en-US"},{"@type":"ImageObject","@id":"https:\/\/www.tourisme-marchesdebretagne.com\/en\/braderie-puericulture\/#primaryimage","inLanguage":"en-US","url":"https:\/\/www.tourisme-marchesdebretagne.com\/wp-content\/uploads\/2026\/02\/Capture-d-ecran-2026-02-13-150814.jpeg","contentUrl":"https:\/\/www.tourisme-marchesdebretagne.com\/wp-content\/uploads\/2026\/02\/Capture-d-ecran-2026-02-13-150814.jpeg","width":800,"height":493},{"@type":"WebPage","@id":"https:\/\/www.tourisme-marchesdebretagne.com\/en\/braderie-puericulture\/#webpage","url":"https:\/\/www.tourisme-marchesdebretagne.com\/en\/braderie-puericulture\/","name":"Braderie Pu\u00e9riculture - Office de tourisme Couesnon Marches de Bretagne","isPartOf":{"@id":"https:\/\/www.tourisme-marchesdebretagne.com\/en\/#website"},"primaryImageOfPage":{"@id":"https:\/\/www.tourisme-marchesdebretagne.com\/en\/braderie-puericulture\/#primaryimage"},"datePublished":"2025-01-30T07:39:29+00:00","dateModified":"2026-03-08T10:10:32+00:00","breadcrumb":{"@id":"https:\/\/www.tourisme-marchesdebretagne.com\/en\/braderie-puericulture\/#breadcrumb"},"inLanguage":"en-US","potentialAction":[{"@type":"ReadAction","target":["https:\/\/www.tourisme-marchesdebretagne.com\/en\/braderie-puericulture\/"]}]},{"@type":"BreadcrumbList","@id":"https:\/\/www.tourisme-marchesdebretagne.com\/en\/braderie-puericulture\/#breadcrumb","itemListElement":[{"@type":"ListItem","position":1,"name":"Accueil","item":"https:\/\/www.tourisme-marchesdebretagne.com\/en\/"},{"@type":"ListItem","position":2,"name":"Agenda","item":"https:\/\/www.tourisme-marchesdebretagne.com\/en\/category\/agenda\/"},{"@type":"ListItem","position":3,"name":"Braderie Pu\u00e9riculture"}]},{"@type":"Article","@id":"https:\/\/www.tourisme-marchesdebretagne.com\/en\/braderie-puericulture\/#article","isPartOf":{"@id":"https:\/\/www.tourisme-marchesdebretagne.com\/en\/braderie-puericulture\/#webpage"},"author":{"@id":""},"headline":"Braderie Pu\u00e9riculture","datePublished":"2025-01-30T07:39:29+00:00","dateModified":"2026-03-08T10:10:32+00:00","mainEntityOfPage":{"@id":"https:\/\/www.tourisme-marchesdebretagne.com\/en\/braderie-puericulture\/#webpage"},"wordCount":64,"publisher":{"@id":"https:\/\/www.tourisme-marchesdebretagne.com\/en\/#organization"},"image":{"@id":"https:\/\/www.tourisme-marchesdebretagne.com\/en\/braderie-puericulture\/#primaryimage"},"thumbnailUrl":"https:\/\/www.tourisme-marchesdebretagne.com\/wp-content\/uploads\/2026\/02\/Capture-d-ecran-2026-02-13-150814.jpeg","articleSection":["Agenda"],"inLanguage":"en-US"}]}},"_links":{"self":[{"href":"https:\/\/www.tourisme-marchesdebretagne.com\/en\/wp-json\/wp\/v2\/posts\/234666"}],"collection":[{"href":"https:\/\/www.tourisme-marchesdebretagne.com\/en\/wp-json\/wp\/v2\/posts"}],"about":[{"href":"https:\/\/www.tourisme-marchesdebretagne.com\/en\/wp-json\/wp\/v2\/types\/post"}],"replies":[{"embeddable":true,"href":"https:\/\/www.tourisme-marchesdebretagne.com\/en\/wp-json\/wp\/v2\/comments?post=234666"}],"version-history":[{"count":1,"href":"https:\/\/www.tourisme-marchesdebretagne.com\/en\/wp-json\/wp\/v2\/posts\/234666\/revisions"}],"predecessor-version":[{"id":234669,"href":"https:\/\/www.tourisme-marchesdebretagne.com\/en\/wp-json\/wp\/v2\/posts\/234666\/revisions\/234669"}],"wp:featuredmedia":[{"embeddable":true,"href":"https:\/\/www.tourisme-marchesdebretagne.com\/en\/wp-json\/wp\/v2\/media\/241999"}],"wp:attachment":[{"href":"https:\/\/www.tourisme-marchesdebretagne.com\/en\/wp-json\/wp\/v2\/media?parent=234666"}],"wp:term":[{"taxonomy":"category","embeddable":true,"href":"https:\/\/www.tourisme-marchesdebretagne.com\/en\/wp-json\/wp\/v2\/categories?post=234666"},{"taxonomy":"post_tag","embeddable":true,"href":"https:\/\/www.tourisme-marchesdebretagne.com\/en\/wp-json\/wp\/v2\/tags?post=234666"}],"curies":[{"name":"wp","href":"https:\/\/api.w.org\/{rel}","templated":true}]}}