{"id":235868,"date":"2025-03-15T09:57:06","date_gmt":"2025-03-15T08:57:06","guid":{"rendered":"https:\/\/www.tourisme-marchesdebretagne.com\/rocher-portail-le-chateau-des-sorciers-la-foret-interdite\/"},"modified":"2026-04-27T05:01:38","modified_gmt":"2026-04-27T03:01:38","slug":"rocher-portail-le-chateau-des-sorciers-la-foret-interdite","status":"publish","type":"post","link":"https:\/\/www.tourisme-marchesdebretagne.com\/en\/rocher-portail-le-chateau-des-sorciers-la-foret-interdite\/","title":{"rendered":"Rocher Portail, le Ch\u00e2teau des Sorciers &#8211; La For\u00eat Interdite"},"content":{"rendered":"<p>Pendant les vacances de printemps et les samedis en mai, le ch\u00e2teau breton Le Rocher Portail ouvre \u00e0 nouveau son \u00e9cole de sorcellerie \u00e0 tous les apprentis sorciers ! Venez arpenter la for\u00eat interdite et exp\u00e9rimente les sortil\u00e8ges de m\u00e9tamorphose !<\/p>\n<p>Apr\u00e8s la visite du ch\u00e2teau anim\u00e9e par des com\u00e9diens professionnels, d\u00e9couvrez dans les jardins et la For\u00eat Interdite un tout nouveau parcours et ses jeux.<\/p>\n<p>Deux formules vous seront propos\u00e9es :<br \/>\n\u2022 La formule journ\u00e9e (cr\u00e9neaux horaires entre 10h30 et 19h) \u2013 Acc\u00e8s \u00e0 partir de 4 ans<br \/>\nProfitez de l\u2019acc\u00e8s au ch\u00e2teau (visite d\u2019environ 1h30), aux jardins (filet suspendu, accrobranche, la hutte dans les bois, animaux fantastiques, jeux), aux animations et aux jeux.<\/p>\n<p>\u2022 La formule Soir\u00e9e diner spectacle (entre 17h30 et 23h15) \u2013 Acc\u00e8s \u00e0 partir de 7 ans<br \/>\nAcc\u00e9dez avant le diner aux jardins et la For\u00eat Interdite et ses jeux. Partagez un repas ensorcelant avec vos professeurs dans la magnifique salle des banquets. D\u00e9couvrez le Ch\u00e2teau de Sorciers Rocher Portail de nuit avec vos professeurs et admirez le feu d\u2019artifice.<\/p>\n<p>Billetterie en ligne et dans la boutique officielle \u00e0 Dinard. Pas de vente sur place.<\/p>\n<p>NB : Tout mineur de moins de 16 ans souhaitant participer \u00e0 l\u2019\u00e9v\u00e9nement doit obligatoirement \u00eatre accompagn\u00e9 d\u2019une personne majeure \u2013 Merci de respecter l\u2019\u00e2ge minimal requis, certains effets sp\u00e9ciaux pouvant impressionner les plus jeunes.<\/p>\n","protected":false},"excerpt":{"rendered":"<p>Pendant les vacances de printemps et les samedis en mai, le ch\u00e2teau breton Le Rocher Portail ouvre \u00e0 nouveau son \u00e9cole de sorcellerie \u00e0 tous les apprentis sorciers ! Venez arpenter la for\u00eat interdite et exp\u00e9rimente les sortil\u00e8ges de m\u00e9tamorphose ! Apr\u00e8s la visite du ch\u00e2teau anim\u00e9e par des com\u00e9diens professionnels, d\u00e9couvrez dans les jardins [&hellip;]<\/p>\n","protected":false},"author":8,"featured_media":242055,"comment_status":"closed","ping_status":"open","sticky":false,"template":"","format":"standard","meta":{"footnotes":""},"categories":[16],"tags":[],"acf":[],"yoast_head":"<!-- This site is optimized with the Yoast SEO plugin v18.4.1 - https:\/\/yoast.com\/wordpress\/plugins\/seo\/ -->\n<title>Rocher Portail, le Ch\u00e2teau des Sorciers - La For\u00eat Interdite - Office de tourisme Couesnon Marches de Bretagne<\/title>\n<meta name=\"robots\" content=\"index, follow, max-snippet:-1, max-image-preview:large, max-video-preview:-1\" \/>\n<link rel=\"canonical\" href=\"https:\/\/www.tourisme-marchesdebretagne.com\/en\/rocher-portail-le-chateau-des-sorciers-la-foret-interdite\/\" \/>\n<meta property=\"og:locale\" content=\"en_US\" \/>\n<meta property=\"og:type\" content=\"article\" \/>\n<meta property=\"og:title\" content=\"Rocher Portail, le Ch\u00e2teau des Sorciers - La For\u00eat Interdite - Office de tourisme Couesnon Marches de Bretagne\" \/>\n<meta property=\"og:description\" content=\"Pendant les vacances de printemps et les samedis en mai, le ch\u00e2teau breton Le Rocher Portail ouvre \u00e0 nouveau son \u00e9cole de sorcellerie \u00e0 tous les apprentis sorciers ! Venez arpenter la for\u00eat interdite et exp\u00e9rimente les sortil\u00e8ges de m\u00e9tamorphose ! Apr\u00e8s la visite du ch\u00e2teau anim\u00e9e par des com\u00e9diens professionnels, d\u00e9couvrez dans les jardins [&hellip;]\" \/>\n<meta property=\"og:url\" content=\"https:\/\/www.tourisme-marchesdebretagne.com\/en\/rocher-portail-le-chateau-des-sorciers-la-foret-interdite\/\" \/>\n<meta property=\"og:site_name\" content=\"Office de tourisme Couesnon Marches de Bretagne\" \/>\n<meta property=\"article:published_time\" content=\"2025-03-15T08:57:06+00:00\" \/>\n<meta property=\"article:modified_time\" content=\"2026-04-27T03:01:38+00:00\" \/>\n<meta property=\"og:image\" content=\"https:\/\/www.tourisme-marchesdebretagne.com\/wp-content\/uploads\/2026\/02\/Foret-interdite.jpg\" \/>\n\t<meta property=\"og:image:width\" content=\"800\" \/>\n\t<meta property=\"og:image:height\" content=\"600\" \/>\n\t<meta property=\"og:image:type\" content=\"image\/jpeg\" \/>\n<meta name=\"twitter:card\" content=\"summary_large_image\" \/>\n<meta name=\"twitter:label1\" content=\"Written by\" \/>\n\t<meta name=\"twitter:data1\" content=\"Anne-Mich\u00e8le GAUCHARD\" \/>\n\t<meta name=\"twitter:label2\" content=\"Est. reading time\" \/>\n\t<meta name=\"twitter:data2\" content=\"1 minute\" \/>\n<script type=\"application\/ld+json\" class=\"yoast-schema-graph\">{\"@context\":\"https:\/\/schema.org\",\"@graph\":[{\"@type\":\"Organization\",\"@id\":\"https:\/\/www.tourisme-marchesdebretagne.com\/en\/#organization\",\"name\":\"R\u00e9sultats de recherche R\u00e9sultats Web http:\/\/www.tourisme-marchesdebretagne.com\/www.tourisme-marchesdebretagne.com \u203a marches March\u00e9s - Office de Tourisme Couesnon Marches de Bretagne\",\"url\":\"https:\/\/www.tourisme-marchesdebretagne.com\/en\/\",\"sameAs\":[],\"logo\":{\"@type\":\"ImageObject\",\"@id\":\"https:\/\/www.tourisme-marchesdebretagne.com\/en\/#logo\",\"inLanguage\":\"en-US\",\"url\":\"https:\/\/www.tourisme-marchesdebretagne.com\/wp-content\/uploads\/2019\/12\/header_logo_grand.png\",\"contentUrl\":\"https:\/\/www.tourisme-marchesdebretagne.com\/wp-content\/uploads\/2019\/12\/header_logo_grand.png\",\"width\":280,\"height\":76,\"caption\":\"R\u00e9sultats de recherche R\u00e9sultats Web http:\/\/www.tourisme-marchesdebretagne.com\/www.tourisme-marchesdebretagne.com \u203a marches March\u00e9s - Office de Tourisme Couesnon Marches de Bretagne\"},\"image\":{\"@id\":\"https:\/\/www.tourisme-marchesdebretagne.com\/en\/#logo\"}},{\"@type\":\"WebSite\",\"@id\":\"https:\/\/www.tourisme-marchesdebretagne.com\/en\/#website\",\"url\":\"https:\/\/www.tourisme-marchesdebretagne.com\/en\/\",\"name\":\"Office de tourisme Couesnon Marches de Bretagne\",\"description\":\"Le site officiel de l&#039;Office de Tourisme Couesnon Marches de Bretagne \u00e0 Bazouges-la-P\u00e9rouse et Maen Roch en Ille-et-Vilaine.\",\"publisher\":{\"@id\":\"https:\/\/www.tourisme-marchesdebretagne.com\/en\/#organization\"},\"potentialAction\":[{\"@type\":\"SearchAction\",\"target\":{\"@type\":\"EntryPoint\",\"urlTemplate\":\"https:\/\/www.tourisme-marchesdebretagne.com\/en\/?s={search_term_string}\"},\"query-input\":\"required name=search_term_string\"}],\"inLanguage\":\"en-US\"},{\"@type\":\"ImageObject\",\"@id\":\"https:\/\/www.tourisme-marchesdebretagne.com\/en\/rocher-portail-le-chateau-des-sorciers-la-foret-interdite\/#primaryimage\",\"inLanguage\":\"en-US\",\"url\":\"https:\/\/www.tourisme-marchesdebretagne.com\/wp-content\/uploads\/2026\/02\/Foret-interdite.jpg\",\"contentUrl\":\"https:\/\/www.tourisme-marchesdebretagne.com\/wp-content\/uploads\/2026\/02\/Foret-interdite.jpg\",\"width\":800,\"height\":600},{\"@type\":\"WebPage\",\"@id\":\"https:\/\/www.tourisme-marchesdebretagne.com\/en\/rocher-portail-le-chateau-des-sorciers-la-foret-interdite\/#webpage\",\"url\":\"https:\/\/www.tourisme-marchesdebretagne.com\/en\/rocher-portail-le-chateau-des-sorciers-la-foret-interdite\/\",\"name\":\"Rocher Portail, le Ch\u00e2teau des Sorciers - La For\u00eat Interdite - Office de tourisme Couesnon Marches de Bretagne\",\"isPartOf\":{\"@id\":\"https:\/\/www.tourisme-marchesdebretagne.com\/en\/#website\"},\"primaryImageOfPage\":{\"@id\":\"https:\/\/www.tourisme-marchesdebretagne.com\/en\/rocher-portail-le-chateau-des-sorciers-la-foret-interdite\/#primaryimage\"},\"datePublished\":\"2025-03-15T08:57:06+00:00\",\"dateModified\":\"2026-04-27T03:01:38+00:00\",\"breadcrumb\":{\"@id\":\"https:\/\/www.tourisme-marchesdebretagne.com\/en\/rocher-portail-le-chateau-des-sorciers-la-foret-interdite\/#breadcrumb\"},\"inLanguage\":\"en-US\",\"potentialAction\":[{\"@type\":\"ReadAction\",\"target\":[\"https:\/\/www.tourisme-marchesdebretagne.com\/en\/rocher-portail-le-chateau-des-sorciers-la-foret-interdite\/\"]}]},{\"@type\":\"BreadcrumbList\",\"@id\":\"https:\/\/www.tourisme-marchesdebretagne.com\/en\/rocher-portail-le-chateau-des-sorciers-la-foret-interdite\/#breadcrumb\",\"itemListElement\":[{\"@type\":\"ListItem\",\"position\":1,\"name\":\"Accueil\",\"item\":\"https:\/\/www.tourisme-marchesdebretagne.com\/en\/\"},{\"@type\":\"ListItem\",\"position\":2,\"name\":\"Agenda\",\"item\":\"https:\/\/www.tourisme-marchesdebretagne.com\/en\/category\/agenda\/\"},{\"@type\":\"ListItem\",\"position\":3,\"name\":\"Rocher Portail, le Ch\u00e2teau des Sorciers &#8211; La For\u00eat Interdite\"}]},{\"@type\":\"Article\",\"@id\":\"https:\/\/www.tourisme-marchesdebretagne.com\/en\/rocher-portail-le-chateau-des-sorciers-la-foret-interdite\/#article\",\"isPartOf\":{\"@id\":\"https:\/\/www.tourisme-marchesdebretagne.com\/en\/rocher-portail-le-chateau-des-sorciers-la-foret-interdite\/#webpage\"},\"author\":{\"@id\":\"https:\/\/www.tourisme-marchesdebretagne.com\/en\/#\/schema\/person\/f34ae55a5dabe6b57b374cdf485ec6c6\"},\"headline\":\"Rocher Portail, le Ch\u00e2teau des Sorciers &#8211; La For\u00eat Interdite\",\"datePublished\":\"2025-03-15T08:57:06+00:00\",\"dateModified\":\"2026-04-27T03:01:38+00:00\",\"mainEntityOfPage\":{\"@id\":\"https:\/\/www.tourisme-marchesdebretagne.com\/en\/rocher-portail-le-chateau-des-sorciers-la-foret-interdite\/#webpage\"},\"wordCount\":250,\"publisher\":{\"@id\":\"https:\/\/www.tourisme-marchesdebretagne.com\/en\/#organization\"},\"image\":{\"@id\":\"https:\/\/www.tourisme-marchesdebretagne.com\/en\/rocher-portail-le-chateau-des-sorciers-la-foret-interdite\/#primaryimage\"},\"thumbnailUrl\":\"https:\/\/www.tourisme-marchesdebretagne.com\/wp-content\/uploads\/2026\/02\/Foret-interdite.jpg\",\"articleSection\":[\"Agenda\"],\"inLanguage\":\"en-US\"},{\"@type\":\"Person\",\"@id\":\"https:\/\/www.tourisme-marchesdebretagne.com\/en\/#\/schema\/person\/f34ae55a5dabe6b57b374cdf485ec6c6\",\"name\":\"Anne-Mich\u00e8le GAUCHARD\",\"image\":{\"@type\":\"ImageObject\",\"@id\":\"https:\/\/www.tourisme-marchesdebretagne.com\/en\/#personlogo\",\"inLanguage\":\"en-US\",\"url\":\"https:\/\/secure.gravatar.com\/avatar\/1cbdb3a64f05514dd7b49d6b8eb251f6?s=96&d=mm&r=g\",\"contentUrl\":\"https:\/\/secure.gravatar.com\/avatar\/1cbdb3a64f05514dd7b49d6b8eb251f6?s=96&d=mm&r=g\",\"caption\":\"Anne-Mich\u00e8le GAUCHARD\"}}]}<\/script>\n<!-- \/ Yoast SEO plugin. -->","yoast_head_json":{"title":"Rocher Portail, le Ch\u00e2teau des Sorciers - La For\u00eat Interdite - Office de tourisme Couesnon Marches de Bretagne","robots":{"index":"index","follow":"follow","max-snippet":"max-snippet:-1","max-image-preview":"max-image-preview:large","max-video-preview":"max-video-preview:-1"},"canonical":"https:\/\/www.tourisme-marchesdebretagne.com\/en\/rocher-portail-le-chateau-des-sorciers-la-foret-interdite\/","og_locale":"en_US","og_type":"article","og_title":"Rocher Portail, le Ch\u00e2teau des Sorciers - La For\u00eat Interdite - Office de tourisme Couesnon Marches de Bretagne","og_description":"Pendant les vacances de printemps et les samedis en mai, le ch\u00e2teau breton Le Rocher Portail ouvre \u00e0 nouveau son \u00e9cole de sorcellerie \u00e0 tous les apprentis sorciers ! Venez arpenter la for\u00eat interdite et exp\u00e9rimente les sortil\u00e8ges de m\u00e9tamorphose ! Apr\u00e8s la visite du ch\u00e2teau anim\u00e9e par des com\u00e9diens professionnels, d\u00e9couvrez dans les jardins [&hellip;]","og_url":"https:\/\/www.tourisme-marchesdebretagne.com\/en\/rocher-portail-le-chateau-des-sorciers-la-foret-interdite\/","og_site_name":"Office de tourisme Couesnon Marches de Bretagne","article_published_time":"2025-03-15T08:57:06+00:00","article_modified_time":"2026-04-27T03:01:38+00:00","og_image":[{"width":800,"height":600,"url":"https:\/\/www.tourisme-marchesdebretagne.com\/wp-content\/uploads\/2026\/02\/Foret-interdite.jpg","type":"image\/jpeg"}],"twitter_card":"summary_large_image","twitter_misc":{"Written by":"Anne-Mich\u00e8le GAUCHARD","Est. reading time":"1 minute"},"schema":{"@context":"https:\/\/schema.org","@graph":[{"@type":"Organization","@id":"https:\/\/www.tourisme-marchesdebretagne.com\/en\/#organization","name":"R\u00e9sultats de recherche R\u00e9sultats Web http:\/\/www.tourisme-marchesdebretagne.com\/www.tourisme-marchesdebretagne.com \u203a marches March\u00e9s - Office de Tourisme Couesnon Marches de Bretagne","url":"https:\/\/www.tourisme-marchesdebretagne.com\/en\/","sameAs":[],"logo":{"@type":"ImageObject","@id":"https:\/\/www.tourisme-marchesdebretagne.com\/en\/#logo","inLanguage":"en-US","url":"https:\/\/www.tourisme-marchesdebretagne.com\/wp-content\/uploads\/2019\/12\/header_logo_grand.png","contentUrl":"https:\/\/www.tourisme-marchesdebretagne.com\/wp-content\/uploads\/2019\/12\/header_logo_grand.png","width":280,"height":76,"caption":"R\u00e9sultats de recherche R\u00e9sultats Web http:\/\/www.tourisme-marchesdebretagne.com\/www.tourisme-marchesdebretagne.com \u203a marches March\u00e9s - Office de Tourisme Couesnon Marches de Bretagne"},"image":{"@id":"https:\/\/www.tourisme-marchesdebretagne.com\/en\/#logo"}},{"@type":"WebSite","@id":"https:\/\/www.tourisme-marchesdebretagne.com\/en\/#website","url":"https:\/\/www.tourisme-marchesdebretagne.com\/en\/","name":"Office de tourisme Couesnon Marches de Bretagne","description":"Le site officiel de l&#039;Office de Tourisme Couesnon Marches de Bretagne \u00e0 Bazouges-la-P\u00e9rouse et Maen Roch en Ille-et-Vilaine.","publisher":{"@id":"https:\/\/www.tourisme-marchesdebretagne.com\/en\/#organization"},"potentialAction":[{"@type":"SearchAction","target":{"@type":"EntryPoint","urlTemplate":"https:\/\/www.tourisme-marchesdebretagne.com\/en\/?s={search_term_string}"},"query-input":"required name=search_term_string"}],"inLanguage":"en-US"},{"@type":"ImageObject","@id":"https:\/\/www.tourisme-marchesdebretagne.com\/en\/rocher-portail-le-chateau-des-sorciers-la-foret-interdite\/#primaryimage","inLanguage":"en-US","url":"https:\/\/www.tourisme-marchesdebretagne.com\/wp-content\/uploads\/2026\/02\/Foret-interdite.jpg","contentUrl":"https:\/\/www.tourisme-marchesdebretagne.com\/wp-content\/uploads\/2026\/02\/Foret-interdite.jpg","width":800,"height":600},{"@type":"WebPage","@id":"https:\/\/www.tourisme-marchesdebretagne.com\/en\/rocher-portail-le-chateau-des-sorciers-la-foret-interdite\/#webpage","url":"https:\/\/www.tourisme-marchesdebretagne.com\/en\/rocher-portail-le-chateau-des-sorciers-la-foret-interdite\/","name":"Rocher Portail, le Ch\u00e2teau des Sorciers - La For\u00eat Interdite - Office de tourisme Couesnon Marches de Bretagne","isPartOf":{"@id":"https:\/\/www.tourisme-marchesdebretagne.com\/en\/#website"},"primaryImageOfPage":{"@id":"https:\/\/www.tourisme-marchesdebretagne.com\/en\/rocher-portail-le-chateau-des-sorciers-la-foret-interdite\/#primaryimage"},"datePublished":"2025-03-15T08:57:06+00:00","dateModified":"2026-04-27T03:01:38+00:00","breadcrumb":{"@id":"https:\/\/www.tourisme-marchesdebretagne.com\/en\/rocher-portail-le-chateau-des-sorciers-la-foret-interdite\/#breadcrumb"},"inLanguage":"en-US","potentialAction":[{"@type":"ReadAction","target":["https:\/\/www.tourisme-marchesdebretagne.com\/en\/rocher-portail-le-chateau-des-sorciers-la-foret-interdite\/"]}]},{"@type":"BreadcrumbList","@id":"https:\/\/www.tourisme-marchesdebretagne.com\/en\/rocher-portail-le-chateau-des-sorciers-la-foret-interdite\/#breadcrumb","itemListElement":[{"@type":"ListItem","position":1,"name":"Accueil","item":"https:\/\/www.tourisme-marchesdebretagne.com\/en\/"},{"@type":"ListItem","position":2,"name":"Agenda","item":"https:\/\/www.tourisme-marchesdebretagne.com\/en\/category\/agenda\/"},{"@type":"ListItem","position":3,"name":"Rocher Portail, le Ch\u00e2teau des Sorciers &#8211; La For\u00eat Interdite"}]},{"@type":"Article","@id":"https:\/\/www.tourisme-marchesdebretagne.com\/en\/rocher-portail-le-chateau-des-sorciers-la-foret-interdite\/#article","isPartOf":{"@id":"https:\/\/www.tourisme-marchesdebretagne.com\/en\/rocher-portail-le-chateau-des-sorciers-la-foret-interdite\/#webpage"},"author":{"@id":"https:\/\/www.tourisme-marchesdebretagne.com\/en\/#\/schema\/person\/f34ae55a5dabe6b57b374cdf485ec6c6"},"headline":"Rocher Portail, le Ch\u00e2teau des Sorciers &#8211; La For\u00eat Interdite","datePublished":"2025-03-15T08:57:06+00:00","dateModified":"2026-04-27T03:01:38+00:00","mainEntityOfPage":{"@id":"https:\/\/www.tourisme-marchesdebretagne.com\/en\/rocher-portail-le-chateau-des-sorciers-la-foret-interdite\/#webpage"},"wordCount":250,"publisher":{"@id":"https:\/\/www.tourisme-marchesdebretagne.com\/en\/#organization"},"image":{"@id":"https:\/\/www.tourisme-marchesdebretagne.com\/en\/rocher-portail-le-chateau-des-sorciers-la-foret-interdite\/#primaryimage"},"thumbnailUrl":"https:\/\/www.tourisme-marchesdebretagne.com\/wp-content\/uploads\/2026\/02\/Foret-interdite.jpg","articleSection":["Agenda"],"inLanguage":"en-US"},{"@type":"Person","@id":"https:\/\/www.tourisme-marchesdebretagne.com\/en\/#\/schema\/person\/f34ae55a5dabe6b57b374cdf485ec6c6","name":"Anne-Mich\u00e8le GAUCHARD","image":{"@type":"ImageObject","@id":"https:\/\/www.tourisme-marchesdebretagne.com\/en\/#personlogo","inLanguage":"en-US","url":"https:\/\/secure.gravatar.com\/avatar\/1cbdb3a64f05514dd7b49d6b8eb251f6?s=96&d=mm&r=g","contentUrl":"https:\/\/secure.gravatar.com\/avatar\/1cbdb3a64f05514dd7b49d6b8eb251f6?s=96&d=mm&r=g","caption":"Anne-Mich\u00e8le GAUCHARD"}}]}},"_links":{"self":[{"href":"https:\/\/www.tourisme-marchesdebretagne.com\/en\/wp-json\/wp\/v2\/posts\/235868"}],"collection":[{"href":"https:\/\/www.tourisme-marchesdebretagne.com\/en\/wp-json\/wp\/v2\/posts"}],"about":[{"href":"https:\/\/www.tourisme-marchesdebretagne.com\/en\/wp-json\/wp\/v2\/types\/post"}],"author":[{"embeddable":true,"href":"https:\/\/www.tourisme-marchesdebretagne.com\/en\/wp-json\/wp\/v2\/users\/8"}],"replies":[{"embeddable":true,"href":"https:\/\/www.tourisme-marchesdebretagne.com\/en\/wp-json\/wp\/v2\/comments?post=235868"}],"version-history":[{"count":4,"href":"https:\/\/www.tourisme-marchesdebretagne.com\/en\/wp-json\/wp\/v2\/posts\/235868\/revisions"}],"predecessor-version":[{"id":241890,"href":"https:\/\/www.tourisme-marchesdebretagne.com\/en\/wp-json\/wp\/v2\/posts\/235868\/revisions\/241890"}],"wp:featuredmedia":[{"embeddable":true,"href":"https:\/\/www.tourisme-marchesdebretagne.com\/en\/wp-json\/wp\/v2\/media\/242055"}],"wp:attachment":[{"href":"https:\/\/www.tourisme-marchesdebretagne.com\/en\/wp-json\/wp\/v2\/media?parent=235868"}],"wp:term":[{"taxonomy":"category","embeddable":true,"href":"https:\/\/www.tourisme-marchesdebretagne.com\/en\/wp-json\/wp\/v2\/categories?post=235868"},{"taxonomy":"post_tag","embeddable":true,"href":"https:\/\/www.tourisme-marchesdebretagne.com\/en\/wp-json\/wp\/v2\/tags?post=235868"}],"curies":[{"name":"wp","href":"https:\/\/api.w.org\/{rel}","templated":true}]}}