{"id":237690,"date":"2025-05-23T08:02:08","date_gmt":"2025-05-23T06:02:08","guid":{"rendered":"https:\/\/www.tourisme-marchesdebretagne.com\/festival-a-mon-tour-dejeuner-musical-et-concerts\/"},"modified":"2025-07-20T09:25:42","modified_gmt":"2025-07-20T07:25:42","slug":"festival-a-mon-tour-dejeuner-musical-et-concerts","status":"publish","type":"post","link":"https:\/\/www.tourisme-marchesdebretagne.com\/en\/festival-a-mon-tour-dejeuner-musical-et-concerts\/","title":{"rendered":"Festival \u00c0 Mon Tour &#8211; D\u00e9jeuner musical et concerts"},"content":{"rendered":"<p>\u00c0 Mon Tour est un festival de musiques cr\u00e9atives port\u00e9 par l\u2019Association Jules et Jos\u00e9phine.<br \/>\nL\u2019ambition de ce festival, qui f\u00eate sa deuxi\u00e8me ann\u00e9e, est de proposer \u00e0 un large public des musiques peu repr\u00e9sent\u00e9es sur le territoire du Coglais, mais aussi de mettre en valeur le patrimoine de la ville de Montours. <\/p>\n<p>\u00c0 12h -D\u00e9jeuner musical  au restaurant Chez Jacques<br \/>\nRencontres improvis\u00e9es avec les musiciens du festival<br \/>\nRepas sur r\u00e9servation aupr\u00e8s du restaurant : 02 56 47 14 68<\/p>\n<p>\u00c0 15h30 &#8211; \u00c0 Mon Tour de jouer : Restitution des ateliers<br \/>\nConcert-cr\u00e9ation sur le parvis de l\u2019\u00e9glise<\/p>\n<p>\u00c0 16h &#8211;  Concerts dans l&#8217;\u00e9glise Saint Melaine de Montours<br \/>\nSynesth\u00e9sia &#8211; Solo de contrebasse avec Ronan Courty<br \/>\nPan Atlantico &#8211; Chansons argentines avec Diana Baroni et Simon Drappier<\/p>\n","protected":false},"excerpt":{"rendered":"<p>\u00c0 Mon Tour est un festival de musiques cr\u00e9atives port\u00e9 par l\u2019Association Jules et Jos\u00e9phine. L\u2019ambition de ce festival, qui f\u00eate sa deuxi\u00e8me ann\u00e9e, est de proposer \u00e0 un large public des musiques peu repr\u00e9sent\u00e9es sur le territoire du Coglais, mais aussi de mettre en valeur le patrimoine de la ville de Montours. \u00c0 12h [&hellip;]<\/p>\n","protected":false},"author":0,"featured_media":237691,"comment_status":"closed","ping_status":"open","sticky":false,"template":"","format":"standard","meta":{"footnotes":""},"categories":[16],"tags":[],"acf":[],"yoast_head":"<!-- This site is optimized with the Yoast SEO plugin v18.4.1 - https:\/\/yoast.com\/wordpress\/plugins\/seo\/ -->\n<title>Festival \u00c0 Mon Tour - D\u00e9jeuner musical et concerts - Office de tourisme Couesnon Marches de Bretagne<\/title>\n<meta name=\"robots\" content=\"index, follow, max-snippet:-1, max-image-preview:large, max-video-preview:-1\" \/>\n<link rel=\"canonical\" href=\"https:\/\/www.tourisme-marchesdebretagne.com\/en\/festival-a-mon-tour-dejeuner-musical-et-concerts\/\" \/>\n<meta property=\"og:locale\" content=\"en_US\" \/>\n<meta property=\"og:type\" content=\"article\" \/>\n<meta property=\"og:title\" content=\"Festival \u00c0 Mon Tour - D\u00e9jeuner musical et concerts - Office de tourisme Couesnon Marches de Bretagne\" \/>\n<meta property=\"og:description\" content=\"\u00c0 Mon Tour est un festival de musiques cr\u00e9atives port\u00e9 par l\u2019Association Jules et Jos\u00e9phine. L\u2019ambition de ce festival, qui f\u00eate sa deuxi\u00e8me ann\u00e9e, est de proposer \u00e0 un large public des musiques peu repr\u00e9sent\u00e9es sur le territoire du Coglais, mais aussi de mettre en valeur le patrimoine de la ville de Montours. \u00c0 12h [&hellip;]\" \/>\n<meta property=\"og:url\" content=\"https:\/\/www.tourisme-marchesdebretagne.com\/en\/festival-a-mon-tour-dejeuner-musical-et-concerts\/\" \/>\n<meta property=\"og:site_name\" content=\"Office de tourisme Couesnon Marches de Bretagne\" \/>\n<meta property=\"article:published_time\" content=\"2025-05-23T06:02:08+00:00\" \/>\n<meta property=\"article:modified_time\" content=\"2025-07-20T07:25:42+00:00\" \/>\n<meta property=\"og:image\" content=\"https:\/\/www.tourisme-marchesdebretagne.com\/wp-content\/uploads\/2025\/05\/A-Mon-Tour-4.jpg\" \/>\n\t<meta property=\"og:image:width\" content=\"709\" \/>\n\t<meta property=\"og:image:height\" content=\"551\" \/>\n\t<meta property=\"og:image:type\" content=\"image\/jpeg\" \/>\n<meta name=\"twitter:card\" content=\"summary_large_image\" \/>\n<meta name=\"twitter:label1\" content=\"Est. reading time\" \/>\n\t<meta name=\"twitter:data1\" content=\"1 minute\" \/>\n<script type=\"application\/ld+json\" class=\"yoast-schema-graph\">{\"@context\":\"https:\/\/schema.org\",\"@graph\":[{\"@type\":\"Organization\",\"@id\":\"https:\/\/www.tourisme-marchesdebretagne.com\/en\/#organization\",\"name\":\"R\u00e9sultats de recherche R\u00e9sultats Web http:\/\/www.tourisme-marchesdebretagne.com\/www.tourisme-marchesdebretagne.com \u203a marches March\u00e9s - Office de Tourisme Couesnon Marches de Bretagne\",\"url\":\"https:\/\/www.tourisme-marchesdebretagne.com\/en\/\",\"sameAs\":[],\"logo\":{\"@type\":\"ImageObject\",\"@id\":\"https:\/\/www.tourisme-marchesdebretagne.com\/en\/#logo\",\"inLanguage\":\"en-US\",\"url\":\"https:\/\/www.tourisme-marchesdebretagne.com\/wp-content\/uploads\/2019\/12\/header_logo_grand.png\",\"contentUrl\":\"https:\/\/www.tourisme-marchesdebretagne.com\/wp-content\/uploads\/2019\/12\/header_logo_grand.png\",\"width\":280,\"height\":76,\"caption\":\"R\u00e9sultats de recherche R\u00e9sultats Web http:\/\/www.tourisme-marchesdebretagne.com\/www.tourisme-marchesdebretagne.com \u203a marches March\u00e9s - Office de Tourisme Couesnon Marches de Bretagne\"},\"image\":{\"@id\":\"https:\/\/www.tourisme-marchesdebretagne.com\/en\/#logo\"}},{\"@type\":\"WebSite\",\"@id\":\"https:\/\/www.tourisme-marchesdebretagne.com\/en\/#website\",\"url\":\"https:\/\/www.tourisme-marchesdebretagne.com\/en\/\",\"name\":\"Office de tourisme Couesnon Marches de Bretagne\",\"description\":\"Le site officiel de l&#039;Office de Tourisme Couesnon Marches de Bretagne \u00e0 Bazouges-la-P\u00e9rouse et Maen Roch en Ille-et-Vilaine.\",\"publisher\":{\"@id\":\"https:\/\/www.tourisme-marchesdebretagne.com\/en\/#organization\"},\"potentialAction\":[{\"@type\":\"SearchAction\",\"target\":{\"@type\":\"EntryPoint\",\"urlTemplate\":\"https:\/\/www.tourisme-marchesdebretagne.com\/en\/?s={search_term_string}\"},\"query-input\":\"required name=search_term_string\"}],\"inLanguage\":\"en-US\"},{\"@type\":\"ImageObject\",\"@id\":\"https:\/\/www.tourisme-marchesdebretagne.com\/en\/festival-a-mon-tour-dejeuner-musical-et-concerts\/#primaryimage\",\"inLanguage\":\"en-US\",\"url\":\"https:\/\/www.tourisme-marchesdebretagne.com\/wp-content\/uploads\/2025\/05\/A-Mon-Tour-4.jpg\",\"contentUrl\":\"https:\/\/www.tourisme-marchesdebretagne.com\/wp-content\/uploads\/2025\/05\/A-Mon-Tour-4.jpg\",\"width\":709,\"height\":551},{\"@type\":\"WebPage\",\"@id\":\"https:\/\/www.tourisme-marchesdebretagne.com\/en\/festival-a-mon-tour-dejeuner-musical-et-concerts\/#webpage\",\"url\":\"https:\/\/www.tourisme-marchesdebretagne.com\/en\/festival-a-mon-tour-dejeuner-musical-et-concerts\/\",\"name\":\"Festival \u00c0 Mon Tour - D\u00e9jeuner musical et concerts - Office de tourisme Couesnon Marches de Bretagne\",\"isPartOf\":{\"@id\":\"https:\/\/www.tourisme-marchesdebretagne.com\/en\/#website\"},\"primaryImageOfPage\":{\"@id\":\"https:\/\/www.tourisme-marchesdebretagne.com\/en\/festival-a-mon-tour-dejeuner-musical-et-concerts\/#primaryimage\"},\"datePublished\":\"2025-05-23T06:02:08+00:00\",\"dateModified\":\"2025-07-20T07:25:42+00:00\",\"breadcrumb\":{\"@id\":\"https:\/\/www.tourisme-marchesdebretagne.com\/en\/festival-a-mon-tour-dejeuner-musical-et-concerts\/#breadcrumb\"},\"inLanguage\":\"en-US\",\"potentialAction\":[{\"@type\":\"ReadAction\",\"target\":[\"https:\/\/www.tourisme-marchesdebretagne.com\/en\/festival-a-mon-tour-dejeuner-musical-et-concerts\/\"]}]},{\"@type\":\"BreadcrumbList\",\"@id\":\"https:\/\/www.tourisme-marchesdebretagne.com\/en\/festival-a-mon-tour-dejeuner-musical-et-concerts\/#breadcrumb\",\"itemListElement\":[{\"@type\":\"ListItem\",\"position\":1,\"name\":\"Accueil\",\"item\":\"https:\/\/www.tourisme-marchesdebretagne.com\/en\/\"},{\"@type\":\"ListItem\",\"position\":2,\"name\":\"Agenda\",\"item\":\"https:\/\/www.tourisme-marchesdebretagne.com\/en\/category\/agenda\/\"},{\"@type\":\"ListItem\",\"position\":3,\"name\":\"Festival \u00c0 Mon Tour &#8211; D\u00e9jeuner musical et concerts\"}]},{\"@type\":\"Article\",\"@id\":\"https:\/\/www.tourisme-marchesdebretagne.com\/en\/festival-a-mon-tour-dejeuner-musical-et-concerts\/#article\",\"isPartOf\":{\"@id\":\"https:\/\/www.tourisme-marchesdebretagne.com\/en\/festival-a-mon-tour-dejeuner-musical-et-concerts\/#webpage\"},\"author\":{\"@id\":\"\"},\"headline\":\"Festival \u00c0 Mon Tour &#8211; D\u00e9jeuner musical et concerts\",\"datePublished\":\"2025-05-23T06:02:08+00:00\",\"dateModified\":\"2025-07-20T07:25:42+00:00\",\"mainEntityOfPage\":{\"@id\":\"https:\/\/www.tourisme-marchesdebretagne.com\/en\/festival-a-mon-tour-dejeuner-musical-et-concerts\/#webpage\"},\"wordCount\":140,\"publisher\":{\"@id\":\"https:\/\/www.tourisme-marchesdebretagne.com\/en\/#organization\"},\"image\":{\"@id\":\"https:\/\/www.tourisme-marchesdebretagne.com\/en\/festival-a-mon-tour-dejeuner-musical-et-concerts\/#primaryimage\"},\"thumbnailUrl\":\"https:\/\/www.tourisme-marchesdebretagne.com\/wp-content\/uploads\/2025\/05\/A-Mon-Tour-4.jpg\",\"articleSection\":[\"Agenda\"],\"inLanguage\":\"en-US\"}]}<\/script>\n<!-- \/ Yoast SEO plugin. -->","yoast_head_json":{"title":"Festival \u00c0 Mon Tour - D\u00e9jeuner musical et concerts - Office de tourisme Couesnon Marches de Bretagne","robots":{"index":"index","follow":"follow","max-snippet":"max-snippet:-1","max-image-preview":"max-image-preview:large","max-video-preview":"max-video-preview:-1"},"canonical":"https:\/\/www.tourisme-marchesdebretagne.com\/en\/festival-a-mon-tour-dejeuner-musical-et-concerts\/","og_locale":"en_US","og_type":"article","og_title":"Festival \u00c0 Mon Tour - D\u00e9jeuner musical et concerts - Office de tourisme Couesnon Marches de Bretagne","og_description":"\u00c0 Mon Tour est un festival de musiques cr\u00e9atives port\u00e9 par l\u2019Association Jules et Jos\u00e9phine. L\u2019ambition de ce festival, qui f\u00eate sa deuxi\u00e8me ann\u00e9e, est de proposer \u00e0 un large public des musiques peu repr\u00e9sent\u00e9es sur le territoire du Coglais, mais aussi de mettre en valeur le patrimoine de la ville de Montours. \u00c0 12h [&hellip;]","og_url":"https:\/\/www.tourisme-marchesdebretagne.com\/en\/festival-a-mon-tour-dejeuner-musical-et-concerts\/","og_site_name":"Office de tourisme Couesnon Marches de Bretagne","article_published_time":"2025-05-23T06:02:08+00:00","article_modified_time":"2025-07-20T07:25:42+00:00","og_image":[{"width":709,"height":551,"url":"https:\/\/www.tourisme-marchesdebretagne.com\/wp-content\/uploads\/2025\/05\/A-Mon-Tour-4.jpg","type":"image\/jpeg"}],"twitter_card":"summary_large_image","twitter_misc":{"Est. reading time":"1 minute"},"schema":{"@context":"https:\/\/schema.org","@graph":[{"@type":"Organization","@id":"https:\/\/www.tourisme-marchesdebretagne.com\/en\/#organization","name":"R\u00e9sultats de recherche R\u00e9sultats Web http:\/\/www.tourisme-marchesdebretagne.com\/www.tourisme-marchesdebretagne.com \u203a marches March\u00e9s - Office de Tourisme Couesnon Marches de Bretagne","url":"https:\/\/www.tourisme-marchesdebretagne.com\/en\/","sameAs":[],"logo":{"@type":"ImageObject","@id":"https:\/\/www.tourisme-marchesdebretagne.com\/en\/#logo","inLanguage":"en-US","url":"https:\/\/www.tourisme-marchesdebretagne.com\/wp-content\/uploads\/2019\/12\/header_logo_grand.png","contentUrl":"https:\/\/www.tourisme-marchesdebretagne.com\/wp-content\/uploads\/2019\/12\/header_logo_grand.png","width":280,"height":76,"caption":"R\u00e9sultats de recherche R\u00e9sultats Web http:\/\/www.tourisme-marchesdebretagne.com\/www.tourisme-marchesdebretagne.com \u203a marches March\u00e9s - Office de Tourisme Couesnon Marches de Bretagne"},"image":{"@id":"https:\/\/www.tourisme-marchesdebretagne.com\/en\/#logo"}},{"@type":"WebSite","@id":"https:\/\/www.tourisme-marchesdebretagne.com\/en\/#website","url":"https:\/\/www.tourisme-marchesdebretagne.com\/en\/","name":"Office de tourisme Couesnon Marches de Bretagne","description":"Le site officiel de l&#039;Office de Tourisme Couesnon Marches de Bretagne \u00e0 Bazouges-la-P\u00e9rouse et Maen Roch en Ille-et-Vilaine.","publisher":{"@id":"https:\/\/www.tourisme-marchesdebretagne.com\/en\/#organization"},"potentialAction":[{"@type":"SearchAction","target":{"@type":"EntryPoint","urlTemplate":"https:\/\/www.tourisme-marchesdebretagne.com\/en\/?s={search_term_string}"},"query-input":"required name=search_term_string"}],"inLanguage":"en-US"},{"@type":"ImageObject","@id":"https:\/\/www.tourisme-marchesdebretagne.com\/en\/festival-a-mon-tour-dejeuner-musical-et-concerts\/#primaryimage","inLanguage":"en-US","url":"https:\/\/www.tourisme-marchesdebretagne.com\/wp-content\/uploads\/2025\/05\/A-Mon-Tour-4.jpg","contentUrl":"https:\/\/www.tourisme-marchesdebretagne.com\/wp-content\/uploads\/2025\/05\/A-Mon-Tour-4.jpg","width":709,"height":551},{"@type":"WebPage","@id":"https:\/\/www.tourisme-marchesdebretagne.com\/en\/festival-a-mon-tour-dejeuner-musical-et-concerts\/#webpage","url":"https:\/\/www.tourisme-marchesdebretagne.com\/en\/festival-a-mon-tour-dejeuner-musical-et-concerts\/","name":"Festival \u00c0 Mon Tour - D\u00e9jeuner musical et concerts - Office de tourisme Couesnon Marches de Bretagne","isPartOf":{"@id":"https:\/\/www.tourisme-marchesdebretagne.com\/en\/#website"},"primaryImageOfPage":{"@id":"https:\/\/www.tourisme-marchesdebretagne.com\/en\/festival-a-mon-tour-dejeuner-musical-et-concerts\/#primaryimage"},"datePublished":"2025-05-23T06:02:08+00:00","dateModified":"2025-07-20T07:25:42+00:00","breadcrumb":{"@id":"https:\/\/www.tourisme-marchesdebretagne.com\/en\/festival-a-mon-tour-dejeuner-musical-et-concerts\/#breadcrumb"},"inLanguage":"en-US","potentialAction":[{"@type":"ReadAction","target":["https:\/\/www.tourisme-marchesdebretagne.com\/en\/festival-a-mon-tour-dejeuner-musical-et-concerts\/"]}]},{"@type":"BreadcrumbList","@id":"https:\/\/www.tourisme-marchesdebretagne.com\/en\/festival-a-mon-tour-dejeuner-musical-et-concerts\/#breadcrumb","itemListElement":[{"@type":"ListItem","position":1,"name":"Accueil","item":"https:\/\/www.tourisme-marchesdebretagne.com\/en\/"},{"@type":"ListItem","position":2,"name":"Agenda","item":"https:\/\/www.tourisme-marchesdebretagne.com\/en\/category\/agenda\/"},{"@type":"ListItem","position":3,"name":"Festival \u00c0 Mon Tour &#8211; D\u00e9jeuner musical et concerts"}]},{"@type":"Article","@id":"https:\/\/www.tourisme-marchesdebretagne.com\/en\/festival-a-mon-tour-dejeuner-musical-et-concerts\/#article","isPartOf":{"@id":"https:\/\/www.tourisme-marchesdebretagne.com\/en\/festival-a-mon-tour-dejeuner-musical-et-concerts\/#webpage"},"author":{"@id":""},"headline":"Festival \u00c0 Mon Tour &#8211; D\u00e9jeuner musical et concerts","datePublished":"2025-05-23T06:02:08+00:00","dateModified":"2025-07-20T07:25:42+00:00","mainEntityOfPage":{"@id":"https:\/\/www.tourisme-marchesdebretagne.com\/en\/festival-a-mon-tour-dejeuner-musical-et-concerts\/#webpage"},"wordCount":140,"publisher":{"@id":"https:\/\/www.tourisme-marchesdebretagne.com\/en\/#organization"},"image":{"@id":"https:\/\/www.tourisme-marchesdebretagne.com\/en\/festival-a-mon-tour-dejeuner-musical-et-concerts\/#primaryimage"},"thumbnailUrl":"https:\/\/www.tourisme-marchesdebretagne.com\/wp-content\/uploads\/2025\/05\/A-Mon-Tour-4.jpg","articleSection":["Agenda"],"inLanguage":"en-US"}]}},"_links":{"self":[{"href":"https:\/\/www.tourisme-marchesdebretagne.com\/en\/wp-json\/wp\/v2\/posts\/237690"}],"collection":[{"href":"https:\/\/www.tourisme-marchesdebretagne.com\/en\/wp-json\/wp\/v2\/posts"}],"about":[{"href":"https:\/\/www.tourisme-marchesdebretagne.com\/en\/wp-json\/wp\/v2\/types\/post"}],"replies":[{"embeddable":true,"href":"https:\/\/www.tourisme-marchesdebretagne.com\/en\/wp-json\/wp\/v2\/comments?post=237690"}],"version-history":[{"count":1,"href":"https:\/\/www.tourisme-marchesdebretagne.com\/en\/wp-json\/wp\/v2\/posts\/237690\/revisions"}],"predecessor-version":[{"id":237693,"href":"https:\/\/www.tourisme-marchesdebretagne.com\/en\/wp-json\/wp\/v2\/posts\/237690\/revisions\/237693"}],"wp:featuredmedia":[{"embeddable":true,"href":"https:\/\/www.tourisme-marchesdebretagne.com\/en\/wp-json\/wp\/v2\/media\/237691"}],"wp:attachment":[{"href":"https:\/\/www.tourisme-marchesdebretagne.com\/en\/wp-json\/wp\/v2\/media?parent=237690"}],"wp:term":[{"taxonomy":"category","embeddable":true,"href":"https:\/\/www.tourisme-marchesdebretagne.com\/en\/wp-json\/wp\/v2\/categories?post=237690"},{"taxonomy":"post_tag","embeddable":true,"href":"https:\/\/www.tourisme-marchesdebretagne.com\/en\/wp-json\/wp\/v2\/tags?post=237690"}],"curies":[{"name":"wp","href":"https:\/\/api.w.org\/{rel}","templated":true}]}}