{"id":238401,"date":"2025-06-22T08:05:08","date_gmt":"2025-06-22T06:05:08","guid":{"rendered":"https:\/\/www.tourisme-marchesdebretagne.com\/braderie-vide-greniers\/"},"modified":"2026-08-30T07:36:56","modified_gmt":"2026-08-30T05:36:56","slug":"braderie-vide-greniers","status":"publish","type":"post","link":"https:\/\/www.tourisme-marchesdebretagne.com\/en\/braderie-vide-greniers\/","title":{"rendered":"Braderie &#8211; Vide-Greniers"},"content":{"rendered":"<p>Le comit\u00e9 des f\u00eates de Bazouges-la-P\u00e9rouse organise la 55\u00e8me \u00e9dition de la braderie annuelle, accompagn\u00e9e de son traditionnel vide-greniers !<\/p>\n<p>Le vide-greniers aura lieu au c\u0153ur du bourg de la Petite Cit\u00e9 de Caract\u00e8re. Il regroupe habituellement plus de 150 exposants.<\/p>\n<p>Pas de r\u00e9servation, les emplacements se feront au fur et \u00e0 mesure des arriv\u00e9es. Accueil des exposants d\u00e8s 6h.<br \/>\nLe m\u00e8tre lin\u00e9aire sera \u00e0 2 \u20ac.<\/p>\n<p>Restauration et buvette sur place<\/p>\n","protected":false},"excerpt":{"rendered":"<p>Le comit\u00e9 des f\u00eates de Bazouges-la-P\u00e9rouse organise la 55\u00e8me \u00e9dition de la braderie annuelle, accompagn\u00e9e de son traditionnel vide-greniers ! Le vide-greniers aura lieu au c\u0153ur du bourg de la Petite Cit\u00e9 de Caract\u00e8re. Il regroupe habituellement plus de 150 exposants. Pas de r\u00e9servation, les emplacements se feront au fur et \u00e0 mesure des arriv\u00e9es. [&hellip;]<\/p>\n","protected":false},"author":0,"featured_media":238402,"comment_status":"closed","ping_status":"open","sticky":false,"template":"","format":"standard","meta":{"footnotes":""},"categories":[16],"tags":[],"acf":[],"yoast_head":"<!-- This site is optimized with the Yoast SEO plugin v18.4.1 - https:\/\/yoast.com\/wordpress\/plugins\/seo\/ -->\n<title>Braderie - Vide-Greniers - Office de tourisme Couesnon Marches de Bretagne<\/title>\n<meta name=\"robots\" content=\"index, follow, max-snippet:-1, max-image-preview:large, max-video-preview:-1\" \/>\n<link rel=\"canonical\" href=\"https:\/\/www.tourisme-marchesdebretagne.com\/en\/braderie-vide-greniers\/\" \/>\n<meta property=\"og:locale\" content=\"en_US\" \/>\n<meta property=\"og:type\" content=\"article\" \/>\n<meta property=\"og:title\" content=\"Braderie - Vide-Greniers - Office de tourisme Couesnon Marches de Bretagne\" \/>\n<meta property=\"og:description\" content=\"Le comit\u00e9 des f\u00eates de Bazouges-la-P\u00e9rouse organise la 55\u00e8me \u00e9dition de la braderie annuelle, accompagn\u00e9e de son traditionnel vide-greniers ! Le vide-greniers aura lieu au c\u0153ur du bourg de la Petite Cit\u00e9 de Caract\u00e8re. Il regroupe habituellement plus de 150 exposants. Pas de r\u00e9servation, les emplacements se feront au fur et \u00e0 mesure des arriv\u00e9es. [&hellip;]\" \/>\n<meta property=\"og:url\" content=\"https:\/\/www.tourisme-marchesdebretagne.com\/en\/braderie-vide-greniers\/\" \/>\n<meta property=\"og:site_name\" content=\"Office de tourisme Couesnon Marches de Bretagne\" \/>\n<meta property=\"article:published_time\" content=\"2025-06-22T06:05:08+00:00\" \/>\n<meta property=\"article:modified_time\" content=\"2026-08-30T05:36:56+00:00\" \/>\n<meta property=\"og:image\" content=\"https:\/\/www.tourisme-marchesdebretagne.com\/wp-content\/uploads\/2025\/06\/Vide-grenier-Bazouges-la-Perouse-Comite-des-fete-de-Bazouges.jpg\" \/>\n\t<meta property=\"og:image:width\" content=\"854\" \/>\n\t<meta property=\"og:image:height\" content=\"569\" \/>\n\t<meta property=\"og:image:type\" content=\"image\/jpeg\" \/>\n<meta name=\"twitter:card\" content=\"summary_large_image\" \/>\n<script type=\"application\/ld+json\" class=\"yoast-schema-graph\">{\"@context\":\"https:\/\/schema.org\",\"@graph\":[{\"@type\":\"Organization\",\"@id\":\"https:\/\/www.tourisme-marchesdebretagne.com\/en\/#organization\",\"name\":\"R\u00e9sultats de recherche R\u00e9sultats Web http:\/\/www.tourisme-marchesdebretagne.com\/www.tourisme-marchesdebretagne.com \u203a marches March\u00e9s - Office de Tourisme Couesnon Marches de Bretagne\",\"url\":\"https:\/\/www.tourisme-marchesdebretagne.com\/en\/\",\"sameAs\":[],\"logo\":{\"@type\":\"ImageObject\",\"@id\":\"https:\/\/www.tourisme-marchesdebretagne.com\/en\/#logo\",\"inLanguage\":\"en-US\",\"url\":\"https:\/\/www.tourisme-marchesdebretagne.com\/wp-content\/uploads\/2019\/12\/header_logo_grand.png\",\"contentUrl\":\"https:\/\/www.tourisme-marchesdebretagne.com\/wp-content\/uploads\/2019\/12\/header_logo_grand.png\",\"width\":280,\"height\":76,\"caption\":\"R\u00e9sultats de recherche R\u00e9sultats Web http:\/\/www.tourisme-marchesdebretagne.com\/www.tourisme-marchesdebretagne.com \u203a marches March\u00e9s - Office de Tourisme Couesnon Marches de Bretagne\"},\"image\":{\"@id\":\"https:\/\/www.tourisme-marchesdebretagne.com\/en\/#logo\"}},{\"@type\":\"WebSite\",\"@id\":\"https:\/\/www.tourisme-marchesdebretagne.com\/en\/#website\",\"url\":\"https:\/\/www.tourisme-marchesdebretagne.com\/en\/\",\"name\":\"Office de tourisme Couesnon Marches de Bretagne\",\"description\":\"Le site officiel de l&#039;Office de Tourisme Couesnon Marches de Bretagne \u00e0 Bazouges-la-P\u00e9rouse et Maen Roch en Ille-et-Vilaine.\",\"publisher\":{\"@id\":\"https:\/\/www.tourisme-marchesdebretagne.com\/en\/#organization\"},\"potentialAction\":[{\"@type\":\"SearchAction\",\"target\":{\"@type\":\"EntryPoint\",\"urlTemplate\":\"https:\/\/www.tourisme-marchesdebretagne.com\/en\/?s={search_term_string}\"},\"query-input\":\"required name=search_term_string\"}],\"inLanguage\":\"en-US\"},{\"@type\":\"ImageObject\",\"@id\":\"https:\/\/www.tourisme-marchesdebretagne.com\/en\/braderie-vide-greniers\/#primaryimage\",\"inLanguage\":\"en-US\",\"url\":\"https:\/\/www.tourisme-marchesdebretagne.com\/wp-content\/uploads\/2025\/06\/Vide-grenier-Bazouges-la-Perouse-Comite-des-fete-de-Bazouges.jpg\",\"contentUrl\":\"https:\/\/www.tourisme-marchesdebretagne.com\/wp-content\/uploads\/2025\/06\/Vide-grenier-Bazouges-la-Perouse-Comite-des-fete-de-Bazouges.jpg\",\"width\":854,\"height\":569},{\"@type\":\"WebPage\",\"@id\":\"https:\/\/www.tourisme-marchesdebretagne.com\/en\/braderie-vide-greniers\/#webpage\",\"url\":\"https:\/\/www.tourisme-marchesdebretagne.com\/en\/braderie-vide-greniers\/\",\"name\":\"Braderie - Vide-Greniers - Office de tourisme Couesnon Marches de Bretagne\",\"isPartOf\":{\"@id\":\"https:\/\/www.tourisme-marchesdebretagne.com\/en\/#website\"},\"primaryImageOfPage\":{\"@id\":\"https:\/\/www.tourisme-marchesdebretagne.com\/en\/braderie-vide-greniers\/#primaryimage\"},\"datePublished\":\"2025-06-22T06:05:08+00:00\",\"dateModified\":\"2026-08-30T05:36:56+00:00\",\"breadcrumb\":{\"@id\":\"https:\/\/www.tourisme-marchesdebretagne.com\/en\/braderie-vide-greniers\/#breadcrumb\"},\"inLanguage\":\"en-US\",\"potentialAction\":[{\"@type\":\"ReadAction\",\"target\":[\"https:\/\/www.tourisme-marchesdebretagne.com\/en\/braderie-vide-greniers\/\"]}]},{\"@type\":\"BreadcrumbList\",\"@id\":\"https:\/\/www.tourisme-marchesdebretagne.com\/en\/braderie-vide-greniers\/#breadcrumb\",\"itemListElement\":[{\"@type\":\"ListItem\",\"position\":1,\"name\":\"Accueil\",\"item\":\"https:\/\/www.tourisme-marchesdebretagne.com\/en\/\"},{\"@type\":\"ListItem\",\"position\":2,\"name\":\"Agenda\",\"item\":\"https:\/\/www.tourisme-marchesdebretagne.com\/en\/category\/agenda\/\"},{\"@type\":\"ListItem\",\"position\":3,\"name\":\"Braderie &#8211; Vide-Greniers\"}]},{\"@type\":\"Article\",\"@id\":\"https:\/\/www.tourisme-marchesdebretagne.com\/en\/braderie-vide-greniers\/#article\",\"isPartOf\":{\"@id\":\"https:\/\/www.tourisme-marchesdebretagne.com\/en\/braderie-vide-greniers\/#webpage\"},\"author\":{\"@id\":\"\"},\"headline\":\"Braderie &#8211; Vide-Greniers\",\"datePublished\":\"2025-06-22T06:05:08+00:00\",\"dateModified\":\"2026-08-30T05:36:56+00:00\",\"mainEntityOfPage\":{\"@id\":\"https:\/\/www.tourisme-marchesdebretagne.com\/en\/braderie-vide-greniers\/#webpage\"},\"wordCount\":79,\"publisher\":{\"@id\":\"https:\/\/www.tourisme-marchesdebretagne.com\/en\/#organization\"},\"image\":{\"@id\":\"https:\/\/www.tourisme-marchesdebretagne.com\/en\/braderie-vide-greniers\/#primaryimage\"},\"thumbnailUrl\":\"https:\/\/www.tourisme-marchesdebretagne.com\/wp-content\/uploads\/2025\/06\/Vide-grenier-Bazouges-la-Perouse-Comite-des-fete-de-Bazouges.jpg\",\"articleSection\":[\"Agenda\"],\"inLanguage\":\"en-US\"}]}<\/script>\n<!-- \/ Yoast SEO plugin. -->","yoast_head_json":{"title":"Braderie - Vide-Greniers - Office de tourisme Couesnon Marches de Bretagne","robots":{"index":"index","follow":"follow","max-snippet":"max-snippet:-1","max-image-preview":"max-image-preview:large","max-video-preview":"max-video-preview:-1"},"canonical":"https:\/\/www.tourisme-marchesdebretagne.com\/en\/braderie-vide-greniers\/","og_locale":"en_US","og_type":"article","og_title":"Braderie - Vide-Greniers - Office de tourisme Couesnon Marches de Bretagne","og_description":"Le comit\u00e9 des f\u00eates de Bazouges-la-P\u00e9rouse organise la 55\u00e8me \u00e9dition de la braderie annuelle, accompagn\u00e9e de son traditionnel vide-greniers ! Le vide-greniers aura lieu au c\u0153ur du bourg de la Petite Cit\u00e9 de Caract\u00e8re. Il regroupe habituellement plus de 150 exposants. Pas de r\u00e9servation, les emplacements se feront au fur et \u00e0 mesure des arriv\u00e9es. [&hellip;]","og_url":"https:\/\/www.tourisme-marchesdebretagne.com\/en\/braderie-vide-greniers\/","og_site_name":"Office de tourisme Couesnon Marches de Bretagne","article_published_time":"2025-06-22T06:05:08+00:00","article_modified_time":"2026-08-30T05:36:56+00:00","og_image":[{"width":854,"height":569,"url":"https:\/\/www.tourisme-marchesdebretagne.com\/wp-content\/uploads\/2025\/06\/Vide-grenier-Bazouges-la-Perouse-Comite-des-fete-de-Bazouges.jpg","type":"image\/jpeg"}],"twitter_card":"summary_large_image","schema":{"@context":"https:\/\/schema.org","@graph":[{"@type":"Organization","@id":"https:\/\/www.tourisme-marchesdebretagne.com\/en\/#organization","name":"R\u00e9sultats de recherche R\u00e9sultats Web http:\/\/www.tourisme-marchesdebretagne.com\/www.tourisme-marchesdebretagne.com \u203a marches March\u00e9s - Office de Tourisme Couesnon Marches de Bretagne","url":"https:\/\/www.tourisme-marchesdebretagne.com\/en\/","sameAs":[],"logo":{"@type":"ImageObject","@id":"https:\/\/www.tourisme-marchesdebretagne.com\/en\/#logo","inLanguage":"en-US","url":"https:\/\/www.tourisme-marchesdebretagne.com\/wp-content\/uploads\/2019\/12\/header_logo_grand.png","contentUrl":"https:\/\/www.tourisme-marchesdebretagne.com\/wp-content\/uploads\/2019\/12\/header_logo_grand.png","width":280,"height":76,"caption":"R\u00e9sultats de recherche R\u00e9sultats Web http:\/\/www.tourisme-marchesdebretagne.com\/www.tourisme-marchesdebretagne.com \u203a marches March\u00e9s - Office de Tourisme Couesnon Marches de Bretagne"},"image":{"@id":"https:\/\/www.tourisme-marchesdebretagne.com\/en\/#logo"}},{"@type":"WebSite","@id":"https:\/\/www.tourisme-marchesdebretagne.com\/en\/#website","url":"https:\/\/www.tourisme-marchesdebretagne.com\/en\/","name":"Office de tourisme Couesnon Marches de Bretagne","description":"Le site officiel de l&#039;Office de Tourisme Couesnon Marches de Bretagne \u00e0 Bazouges-la-P\u00e9rouse et Maen Roch en Ille-et-Vilaine.","publisher":{"@id":"https:\/\/www.tourisme-marchesdebretagne.com\/en\/#organization"},"potentialAction":[{"@type":"SearchAction","target":{"@type":"EntryPoint","urlTemplate":"https:\/\/www.tourisme-marchesdebretagne.com\/en\/?s={search_term_string}"},"query-input":"required name=search_term_string"}],"inLanguage":"en-US"},{"@type":"ImageObject","@id":"https:\/\/www.tourisme-marchesdebretagne.com\/en\/braderie-vide-greniers\/#primaryimage","inLanguage":"en-US","url":"https:\/\/www.tourisme-marchesdebretagne.com\/wp-content\/uploads\/2025\/06\/Vide-grenier-Bazouges-la-Perouse-Comite-des-fete-de-Bazouges.jpg","contentUrl":"https:\/\/www.tourisme-marchesdebretagne.com\/wp-content\/uploads\/2025\/06\/Vide-grenier-Bazouges-la-Perouse-Comite-des-fete-de-Bazouges.jpg","width":854,"height":569},{"@type":"WebPage","@id":"https:\/\/www.tourisme-marchesdebretagne.com\/en\/braderie-vide-greniers\/#webpage","url":"https:\/\/www.tourisme-marchesdebretagne.com\/en\/braderie-vide-greniers\/","name":"Braderie - Vide-Greniers - Office de tourisme Couesnon Marches de Bretagne","isPartOf":{"@id":"https:\/\/www.tourisme-marchesdebretagne.com\/en\/#website"},"primaryImageOfPage":{"@id":"https:\/\/www.tourisme-marchesdebretagne.com\/en\/braderie-vide-greniers\/#primaryimage"},"datePublished":"2025-06-22T06:05:08+00:00","dateModified":"2026-08-30T05:36:56+00:00","breadcrumb":{"@id":"https:\/\/www.tourisme-marchesdebretagne.com\/en\/braderie-vide-greniers\/#breadcrumb"},"inLanguage":"en-US","potentialAction":[{"@type":"ReadAction","target":["https:\/\/www.tourisme-marchesdebretagne.com\/en\/braderie-vide-greniers\/"]}]},{"@type":"BreadcrumbList","@id":"https:\/\/www.tourisme-marchesdebretagne.com\/en\/braderie-vide-greniers\/#breadcrumb","itemListElement":[{"@type":"ListItem","position":1,"name":"Accueil","item":"https:\/\/www.tourisme-marchesdebretagne.com\/en\/"},{"@type":"ListItem","position":2,"name":"Agenda","item":"https:\/\/www.tourisme-marchesdebretagne.com\/en\/category\/agenda\/"},{"@type":"ListItem","position":3,"name":"Braderie &#8211; Vide-Greniers"}]},{"@type":"Article","@id":"https:\/\/www.tourisme-marchesdebretagne.com\/en\/braderie-vide-greniers\/#article","isPartOf":{"@id":"https:\/\/www.tourisme-marchesdebretagne.com\/en\/braderie-vide-greniers\/#webpage"},"author":{"@id":""},"headline":"Braderie &#8211; Vide-Greniers","datePublished":"2025-06-22T06:05:08+00:00","dateModified":"2026-08-30T05:36:56+00:00","mainEntityOfPage":{"@id":"https:\/\/www.tourisme-marchesdebretagne.com\/en\/braderie-vide-greniers\/#webpage"},"wordCount":79,"publisher":{"@id":"https:\/\/www.tourisme-marchesdebretagne.com\/en\/#organization"},"image":{"@id":"https:\/\/www.tourisme-marchesdebretagne.com\/en\/braderie-vide-greniers\/#primaryimage"},"thumbnailUrl":"https:\/\/www.tourisme-marchesdebretagne.com\/wp-content\/uploads\/2025\/06\/Vide-grenier-Bazouges-la-Perouse-Comite-des-fete-de-Bazouges.jpg","articleSection":["Agenda"],"inLanguage":"en-US"}]}},"_links":{"self":[{"href":"https:\/\/www.tourisme-marchesdebretagne.com\/en\/wp-json\/wp\/v2\/posts\/238401"}],"collection":[{"href":"https:\/\/www.tourisme-marchesdebretagne.com\/en\/wp-json\/wp\/v2\/posts"}],"about":[{"href":"https:\/\/www.tourisme-marchesdebretagne.com\/en\/wp-json\/wp\/v2\/types\/post"}],"replies":[{"embeddable":true,"href":"https:\/\/www.tourisme-marchesdebretagne.com\/en\/wp-json\/wp\/v2\/comments?post=238401"}],"version-history":[{"count":4,"href":"https:\/\/www.tourisme-marchesdebretagne.com\/en\/wp-json\/wp\/v2\/posts\/238401\/revisions"}],"predecessor-version":[{"id":244709,"href":"https:\/\/www.tourisme-marchesdebretagne.com\/en\/wp-json\/wp\/v2\/posts\/238401\/revisions\/244709"}],"wp:featuredmedia":[{"embeddable":true,"href":"https:\/\/www.tourisme-marchesdebretagne.com\/en\/wp-json\/wp\/v2\/media\/238402"}],"wp:attachment":[{"href":"https:\/\/www.tourisme-marchesdebretagne.com\/en\/wp-json\/wp\/v2\/media?parent=238401"}],"wp:term":[{"taxonomy":"category","embeddable":true,"href":"https:\/\/www.tourisme-marchesdebretagne.com\/en\/wp-json\/wp\/v2\/categories?post=238401"},{"taxonomy":"post_tag","embeddable":true,"href":"https:\/\/www.tourisme-marchesdebretagne.com\/en\/wp-json\/wp\/v2\/tags?post=238401"}],"curies":[{"name":"wp","href":"https:\/\/api.w.org\/{rel}","templated":true}]}}