{"id":239388,"date":"2025-08-27T07:55:09","date_gmt":"2025-08-27T05:55:09","guid":{"rendered":"https:\/\/www.tourisme-marchesdebretagne.com\/comice-agricole-du-coglais\/"},"modified":"2025-09-06T18:05:30","modified_gmt":"2025-09-06T16:05:30","slug":"comice-agricole-du-coglais","status":"publish","type":"post","link":"https:\/\/www.tourisme-marchesdebretagne.com\/en\/comice-agricole-du-coglais\/","title":{"rendered":"Comice Agricole du Coglais"},"content":{"rendered":"<p>Cette ann\u00e9e le Comice Agricole du Coglais s&#8217;installe sur Maen Roch.<\/p>\n<p>Au programme sur place :<br \/>\n&#8211; March\u00e9 des producteurs locaux<br \/>\n&#8211; Pr\u00e9sentation de mat\u00e9riel agricole<br \/>\n&#8211; Rencontre avec les exposants, artisans, entreprises<br \/>\n&#8211; Animations diverses<br \/>\n&#8211; Buvette sur place<br \/>\n&#8211; 9h15 : D\u00e9part pour une randonn\u00e9e de 6 km<br \/>\n&#8211; De 10h \u00e0 17h : concours bovins et labour<br \/>\n&#8211; 12h : Repas sous chapiteau, restauration rapide<br \/>\n&#8211; 14h : Concours meneurs : pr\u00e9sentation des veaux par les enfants<\/p>\n<p>Acc\u00e8s libre.<\/p>\n<p>Un repas-spectacle est pr\u00e9vu le soir \u00e0 la salle des f\u00eates Adonis \u00e0 Saint-Brice-en-Cogl\u00e8s, sur r\u00e9servation.<\/p>\n","protected":false},"excerpt":{"rendered":"<p>Cette ann\u00e9e le Comice Agricole du Coglais s&#8217;installe sur Maen Roch. Au programme sur place : &#8211; March\u00e9 des producteurs locaux &#8211; Pr\u00e9sentation de mat\u00e9riel agricole &#8211; Rencontre avec les exposants, artisans, entreprises &#8211; Animations diverses &#8211; Buvette sur place &#8211; 9h15 : D\u00e9part pour une randonn\u00e9e de 6 km &#8211; De 10h \u00e0 17h [&hellip;]<\/p>\n","protected":false},"author":0,"featured_media":239389,"comment_status":"closed","ping_status":"open","sticky":false,"template":"","format":"standard","meta":{"footnotes":""},"categories":[16],"tags":[],"acf":[],"yoast_head":"<!-- This site is optimized with the Yoast SEO plugin v18.4.1 - https:\/\/yoast.com\/wordpress\/plugins\/seo\/ -->\n<title>Comice Agricole du Coglais - Office de tourisme Couesnon Marches de Bretagne<\/title>\n<meta name=\"robots\" content=\"index, follow, max-snippet:-1, max-image-preview:large, max-video-preview:-1\" \/>\n<link rel=\"canonical\" href=\"https:\/\/www.tourisme-marchesdebretagne.com\/en\/comice-agricole-du-coglais\/\" \/>\n<meta property=\"og:locale\" content=\"en_US\" \/>\n<meta property=\"og:type\" content=\"article\" \/>\n<meta property=\"og:title\" content=\"Comice Agricole du Coglais - Office de tourisme Couesnon Marches de Bretagne\" \/>\n<meta property=\"og:description\" content=\"Cette ann\u00e9e le Comice Agricole du Coglais s&#8217;installe sur Maen Roch. Au programme sur place : &#8211; March\u00e9 des producteurs locaux &#8211; Pr\u00e9sentation de mat\u00e9riel agricole &#8211; Rencontre avec les exposants, artisans, entreprises &#8211; Animations diverses &#8211; Buvette sur place &#8211; 9h15 : D\u00e9part pour une randonn\u00e9e de 6 km &#8211; De 10h \u00e0 17h [&hellip;]\" \/>\n<meta property=\"og:url\" content=\"https:\/\/www.tourisme-marchesdebretagne.com\/en\/comice-agricole-du-coglais\/\" \/>\n<meta property=\"og:site_name\" content=\"Office de tourisme Couesnon Marches de Bretagne\" \/>\n<meta property=\"article:published_time\" content=\"2025-08-27T05:55:09+00:00\" \/>\n<meta property=\"article:modified_time\" content=\"2025-09-06T16:05:30+00:00\" \/>\n<meta property=\"og:image\" content=\"https:\/\/www.tourisme-marchesdebretagne.com\/wp-content\/uploads\/2025\/08\/comice-agricole-2.jpg\" \/>\n\t<meta property=\"og:image:width\" content=\"640\" \/>\n\t<meta property=\"og:image:height\" content=\"465\" \/>\n\t<meta property=\"og:image:type\" content=\"image\/jpeg\" \/>\n<meta name=\"twitter:card\" content=\"summary_large_image\" \/>\n<script type=\"application\/ld+json\" class=\"yoast-schema-graph\">{\"@context\":\"https:\/\/schema.org\",\"@graph\":[{\"@type\":\"Organization\",\"@id\":\"https:\/\/www.tourisme-marchesdebretagne.com\/en\/#organization\",\"name\":\"R\u00e9sultats de recherche R\u00e9sultats Web http:\/\/www.tourisme-marchesdebretagne.com\/www.tourisme-marchesdebretagne.com \u203a marches March\u00e9s - Office de Tourisme Couesnon Marches de Bretagne\",\"url\":\"https:\/\/www.tourisme-marchesdebretagne.com\/en\/\",\"sameAs\":[],\"logo\":{\"@type\":\"ImageObject\",\"@id\":\"https:\/\/www.tourisme-marchesdebretagne.com\/en\/#logo\",\"inLanguage\":\"en-US\",\"url\":\"https:\/\/www.tourisme-marchesdebretagne.com\/wp-content\/uploads\/2019\/12\/header_logo_grand.png\",\"contentUrl\":\"https:\/\/www.tourisme-marchesdebretagne.com\/wp-content\/uploads\/2019\/12\/header_logo_grand.png\",\"width\":280,\"height\":76,\"caption\":\"R\u00e9sultats de recherche R\u00e9sultats Web http:\/\/www.tourisme-marchesdebretagne.com\/www.tourisme-marchesdebretagne.com \u203a marches March\u00e9s - Office de Tourisme Couesnon Marches de Bretagne\"},\"image\":{\"@id\":\"https:\/\/www.tourisme-marchesdebretagne.com\/en\/#logo\"}},{\"@type\":\"WebSite\",\"@id\":\"https:\/\/www.tourisme-marchesdebretagne.com\/en\/#website\",\"url\":\"https:\/\/www.tourisme-marchesdebretagne.com\/en\/\",\"name\":\"Office de tourisme Couesnon Marches de Bretagne\",\"description\":\"Le site officiel de l&#039;Office de Tourisme Couesnon Marches de Bretagne \u00e0 Bazouges-la-P\u00e9rouse et Maen Roch en Ille-et-Vilaine.\",\"publisher\":{\"@id\":\"https:\/\/www.tourisme-marchesdebretagne.com\/en\/#organization\"},\"potentialAction\":[{\"@type\":\"SearchAction\",\"target\":{\"@type\":\"EntryPoint\",\"urlTemplate\":\"https:\/\/www.tourisme-marchesdebretagne.com\/en\/?s={search_term_string}\"},\"query-input\":\"required name=search_term_string\"}],\"inLanguage\":\"en-US\"},{\"@type\":\"ImageObject\",\"@id\":\"https:\/\/www.tourisme-marchesdebretagne.com\/en\/comice-agricole-du-coglais\/#primaryimage\",\"inLanguage\":\"en-US\",\"url\":\"https:\/\/www.tourisme-marchesdebretagne.com\/wp-content\/uploads\/2025\/08\/comice-agricole-2.jpg\",\"contentUrl\":\"https:\/\/www.tourisme-marchesdebretagne.com\/wp-content\/uploads\/2025\/08\/comice-agricole-2.jpg\",\"width\":640,\"height\":465},{\"@type\":\"WebPage\",\"@id\":\"https:\/\/www.tourisme-marchesdebretagne.com\/en\/comice-agricole-du-coglais\/#webpage\",\"url\":\"https:\/\/www.tourisme-marchesdebretagne.com\/en\/comice-agricole-du-coglais\/\",\"name\":\"Comice Agricole du Coglais - Office de tourisme Couesnon Marches de Bretagne\",\"isPartOf\":{\"@id\":\"https:\/\/www.tourisme-marchesdebretagne.com\/en\/#website\"},\"primaryImageOfPage\":{\"@id\":\"https:\/\/www.tourisme-marchesdebretagne.com\/en\/comice-agricole-du-coglais\/#primaryimage\"},\"datePublished\":\"2025-08-27T05:55:09+00:00\",\"dateModified\":\"2025-09-06T16:05:30+00:00\",\"breadcrumb\":{\"@id\":\"https:\/\/www.tourisme-marchesdebretagne.com\/en\/comice-agricole-du-coglais\/#breadcrumb\"},\"inLanguage\":\"en-US\",\"potentialAction\":[{\"@type\":\"ReadAction\",\"target\":[\"https:\/\/www.tourisme-marchesdebretagne.com\/en\/comice-agricole-du-coglais\/\"]}]},{\"@type\":\"BreadcrumbList\",\"@id\":\"https:\/\/www.tourisme-marchesdebretagne.com\/en\/comice-agricole-du-coglais\/#breadcrumb\",\"itemListElement\":[{\"@type\":\"ListItem\",\"position\":1,\"name\":\"Accueil\",\"item\":\"https:\/\/www.tourisme-marchesdebretagne.com\/en\/\"},{\"@type\":\"ListItem\",\"position\":2,\"name\":\"Agenda\",\"item\":\"https:\/\/www.tourisme-marchesdebretagne.com\/en\/category\/agenda\/\"},{\"@type\":\"ListItem\",\"position\":3,\"name\":\"Comice Agricole du Coglais\"}]},{\"@type\":\"Article\",\"@id\":\"https:\/\/www.tourisme-marchesdebretagne.com\/en\/comice-agricole-du-coglais\/#article\",\"isPartOf\":{\"@id\":\"https:\/\/www.tourisme-marchesdebretagne.com\/en\/comice-agricole-du-coglais\/#webpage\"},\"author\":{\"@id\":\"\"},\"headline\":\"Comice Agricole du Coglais\",\"datePublished\":\"2025-08-27T05:55:09+00:00\",\"dateModified\":\"2025-09-06T16:05:30+00:00\",\"mainEntityOfPage\":{\"@id\":\"https:\/\/www.tourisme-marchesdebretagne.com\/en\/comice-agricole-du-coglais\/#webpage\"},\"wordCount\":103,\"publisher\":{\"@id\":\"https:\/\/www.tourisme-marchesdebretagne.com\/en\/#organization\"},\"image\":{\"@id\":\"https:\/\/www.tourisme-marchesdebretagne.com\/en\/comice-agricole-du-coglais\/#primaryimage\"},\"thumbnailUrl\":\"https:\/\/www.tourisme-marchesdebretagne.com\/wp-content\/uploads\/2025\/08\/comice-agricole-2.jpg\",\"articleSection\":[\"Agenda\"],\"inLanguage\":\"en-US\"}]}<\/script>\n<!-- \/ Yoast SEO plugin. -->","yoast_head_json":{"title":"Comice Agricole du Coglais - Office de tourisme Couesnon Marches de Bretagne","robots":{"index":"index","follow":"follow","max-snippet":"max-snippet:-1","max-image-preview":"max-image-preview:large","max-video-preview":"max-video-preview:-1"},"canonical":"https:\/\/www.tourisme-marchesdebretagne.com\/en\/comice-agricole-du-coglais\/","og_locale":"en_US","og_type":"article","og_title":"Comice Agricole du Coglais - Office de tourisme Couesnon Marches de Bretagne","og_description":"Cette ann\u00e9e le Comice Agricole du Coglais s&#8217;installe sur Maen Roch. Au programme sur place : &#8211; March\u00e9 des producteurs locaux &#8211; Pr\u00e9sentation de mat\u00e9riel agricole &#8211; Rencontre avec les exposants, artisans, entreprises &#8211; Animations diverses &#8211; Buvette sur place &#8211; 9h15 : D\u00e9part pour une randonn\u00e9e de 6 km &#8211; De 10h \u00e0 17h [&hellip;]","og_url":"https:\/\/www.tourisme-marchesdebretagne.com\/en\/comice-agricole-du-coglais\/","og_site_name":"Office de tourisme Couesnon Marches de Bretagne","article_published_time":"2025-08-27T05:55:09+00:00","article_modified_time":"2025-09-06T16:05:30+00:00","og_image":[{"width":640,"height":465,"url":"https:\/\/www.tourisme-marchesdebretagne.com\/wp-content\/uploads\/2025\/08\/comice-agricole-2.jpg","type":"image\/jpeg"}],"twitter_card":"summary_large_image","schema":{"@context":"https:\/\/schema.org","@graph":[{"@type":"Organization","@id":"https:\/\/www.tourisme-marchesdebretagne.com\/en\/#organization","name":"R\u00e9sultats de recherche R\u00e9sultats Web http:\/\/www.tourisme-marchesdebretagne.com\/www.tourisme-marchesdebretagne.com \u203a marches March\u00e9s - Office de Tourisme Couesnon Marches de Bretagne","url":"https:\/\/www.tourisme-marchesdebretagne.com\/en\/","sameAs":[],"logo":{"@type":"ImageObject","@id":"https:\/\/www.tourisme-marchesdebretagne.com\/en\/#logo","inLanguage":"en-US","url":"https:\/\/www.tourisme-marchesdebretagne.com\/wp-content\/uploads\/2019\/12\/header_logo_grand.png","contentUrl":"https:\/\/www.tourisme-marchesdebretagne.com\/wp-content\/uploads\/2019\/12\/header_logo_grand.png","width":280,"height":76,"caption":"R\u00e9sultats de recherche R\u00e9sultats Web http:\/\/www.tourisme-marchesdebretagne.com\/www.tourisme-marchesdebretagne.com \u203a marches March\u00e9s - Office de Tourisme Couesnon Marches de Bretagne"},"image":{"@id":"https:\/\/www.tourisme-marchesdebretagne.com\/en\/#logo"}},{"@type":"WebSite","@id":"https:\/\/www.tourisme-marchesdebretagne.com\/en\/#website","url":"https:\/\/www.tourisme-marchesdebretagne.com\/en\/","name":"Office de tourisme Couesnon Marches de Bretagne","description":"Le site officiel de l&#039;Office de Tourisme Couesnon Marches de Bretagne \u00e0 Bazouges-la-P\u00e9rouse et Maen Roch en Ille-et-Vilaine.","publisher":{"@id":"https:\/\/www.tourisme-marchesdebretagne.com\/en\/#organization"},"potentialAction":[{"@type":"SearchAction","target":{"@type":"EntryPoint","urlTemplate":"https:\/\/www.tourisme-marchesdebretagne.com\/en\/?s={search_term_string}"},"query-input":"required name=search_term_string"}],"inLanguage":"en-US"},{"@type":"ImageObject","@id":"https:\/\/www.tourisme-marchesdebretagne.com\/en\/comice-agricole-du-coglais\/#primaryimage","inLanguage":"en-US","url":"https:\/\/www.tourisme-marchesdebretagne.com\/wp-content\/uploads\/2025\/08\/comice-agricole-2.jpg","contentUrl":"https:\/\/www.tourisme-marchesdebretagne.com\/wp-content\/uploads\/2025\/08\/comice-agricole-2.jpg","width":640,"height":465},{"@type":"WebPage","@id":"https:\/\/www.tourisme-marchesdebretagne.com\/en\/comice-agricole-du-coglais\/#webpage","url":"https:\/\/www.tourisme-marchesdebretagne.com\/en\/comice-agricole-du-coglais\/","name":"Comice Agricole du Coglais - Office de tourisme Couesnon Marches de Bretagne","isPartOf":{"@id":"https:\/\/www.tourisme-marchesdebretagne.com\/en\/#website"},"primaryImageOfPage":{"@id":"https:\/\/www.tourisme-marchesdebretagne.com\/en\/comice-agricole-du-coglais\/#primaryimage"},"datePublished":"2025-08-27T05:55:09+00:00","dateModified":"2025-09-06T16:05:30+00:00","breadcrumb":{"@id":"https:\/\/www.tourisme-marchesdebretagne.com\/en\/comice-agricole-du-coglais\/#breadcrumb"},"inLanguage":"en-US","potentialAction":[{"@type":"ReadAction","target":["https:\/\/www.tourisme-marchesdebretagne.com\/en\/comice-agricole-du-coglais\/"]}]},{"@type":"BreadcrumbList","@id":"https:\/\/www.tourisme-marchesdebretagne.com\/en\/comice-agricole-du-coglais\/#breadcrumb","itemListElement":[{"@type":"ListItem","position":1,"name":"Accueil","item":"https:\/\/www.tourisme-marchesdebretagne.com\/en\/"},{"@type":"ListItem","position":2,"name":"Agenda","item":"https:\/\/www.tourisme-marchesdebretagne.com\/en\/category\/agenda\/"},{"@type":"ListItem","position":3,"name":"Comice Agricole du Coglais"}]},{"@type":"Article","@id":"https:\/\/www.tourisme-marchesdebretagne.com\/en\/comice-agricole-du-coglais\/#article","isPartOf":{"@id":"https:\/\/www.tourisme-marchesdebretagne.com\/en\/comice-agricole-du-coglais\/#webpage"},"author":{"@id":""},"headline":"Comice Agricole du Coglais","datePublished":"2025-08-27T05:55:09+00:00","dateModified":"2025-09-06T16:05:30+00:00","mainEntityOfPage":{"@id":"https:\/\/www.tourisme-marchesdebretagne.com\/en\/comice-agricole-du-coglais\/#webpage"},"wordCount":103,"publisher":{"@id":"https:\/\/www.tourisme-marchesdebretagne.com\/en\/#organization"},"image":{"@id":"https:\/\/www.tourisme-marchesdebretagne.com\/en\/comice-agricole-du-coglais\/#primaryimage"},"thumbnailUrl":"https:\/\/www.tourisme-marchesdebretagne.com\/wp-content\/uploads\/2025\/08\/comice-agricole-2.jpg","articleSection":["Agenda"],"inLanguage":"en-US"}]}},"_links":{"self":[{"href":"https:\/\/www.tourisme-marchesdebretagne.com\/en\/wp-json\/wp\/v2\/posts\/239388"}],"collection":[{"href":"https:\/\/www.tourisme-marchesdebretagne.com\/en\/wp-json\/wp\/v2\/posts"}],"about":[{"href":"https:\/\/www.tourisme-marchesdebretagne.com\/en\/wp-json\/wp\/v2\/types\/post"}],"replies":[{"embeddable":true,"href":"https:\/\/www.tourisme-marchesdebretagne.com\/en\/wp-json\/wp\/v2\/comments?post=239388"}],"version-history":[{"count":1,"href":"https:\/\/www.tourisme-marchesdebretagne.com\/en\/wp-json\/wp\/v2\/posts\/239388\/revisions"}],"predecessor-version":[{"id":239391,"href":"https:\/\/www.tourisme-marchesdebretagne.com\/en\/wp-json\/wp\/v2\/posts\/239388\/revisions\/239391"}],"wp:featuredmedia":[{"embeddable":true,"href":"https:\/\/www.tourisme-marchesdebretagne.com\/en\/wp-json\/wp\/v2\/media\/239389"}],"wp:attachment":[{"href":"https:\/\/www.tourisme-marchesdebretagne.com\/en\/wp-json\/wp\/v2\/media?parent=239388"}],"wp:term":[{"taxonomy":"category","embeddable":true,"href":"https:\/\/www.tourisme-marchesdebretagne.com\/en\/wp-json\/wp\/v2\/categories?post=239388"},{"taxonomy":"post_tag","embeddable":true,"href":"https:\/\/www.tourisme-marchesdebretagne.com\/en\/wp-json\/wp\/v2\/tags?post=239388"}],"curies":[{"name":"wp","href":"https:\/\/api.w.org\/{rel}","templated":true}]}}