{"id":239527,"date":"2025-09-05T07:51:57","date_gmt":"2025-09-05T05:51:57","guid":{"rendered":"https:\/\/www.tourisme-marchesdebretagne.com\/nocturnes-automnales-au-parc-botanique-de-haute-bretagne\/"},"modified":"2026-09-03T11:34:17","modified_gmt":"2026-09-03T09:34:17","slug":"nocturnes-automnales-au-parc-botanique-de-haute-bretagne","status":"publish","type":"post","link":"https:\/\/www.tourisme-marchesdebretagne.com\/en\/nocturnes-automnales-au-parc-botanique-de-haute-bretagne\/","title":{"rendered":"Nocturnes automnales au Parc Botanique de Haute Bretagne"},"content":{"rendered":"<p>\u00c0 l\u2019automne, le Parc Botanique de Haute Bretagne se pare de mille nuances et ouvre exceptionnellement ses portes \u00e0 la nuit tomb\u00e9e pour une \u00e9tonnante balade nocturne !<\/p>\n<p>Imagin\u00e9 par Antoine Le Thiec, chef d\u2019\u00e9quipe, passionn\u00e9 de d\u00e9coration et de mise en lumi\u00e8re, et Julien Laudic-Baron, responsable accueil et boutique, fort de plus de dix ans d\u2019exp\u00e9rience dans l\u2019\u00e9v\u00e9nementiel, ce parcours est le fruit d\u2019un travail men\u00e9 toute l\u2019ann\u00e9e avec les \u00e9quipes du parc.<br \/>\nLa sc\u00e9nographie fait la part belle au r\u00e9emploi, en donnant une seconde vie \u00e0 d\u2019anciennes armatures de serres, des tuyaux perc\u00e9s et des toiles d\u2019hivernage. Ces mat\u00e9riaux ont \u00e9t\u00e9 d\u00e9tourn\u00e9s et transform\u00e9s en d\u00e9cors originaux pour cr\u00e9er un univers enchanteur, hors du temps.<\/p>\n<p>Chaque samedi soir, prolongez la soir\u00e9e avec un march\u00e9 r\u00e9unissant artisans et producteurs locaux, du vin chaud et du chocolat chaud, ainsi que des animations surprises et des souvenirs exclusifs du parc. La soir\u00e9e sera prolong\u00e9e jusqu&#8217;\u00e0 22h pour l&#8217;occasion.<\/p>\n<p>Restauration sur place avec le restaurant Casse-Gra\u00eene.<\/p>\n","protected":false},"excerpt":{"rendered":"<p>\u00c0 l\u2019automne, le Parc Botanique de Haute Bretagne se pare de mille nuances et ouvre exceptionnellement ses portes \u00e0 la nuit tomb\u00e9e pour une \u00e9tonnante balade nocturne ! Imagin\u00e9 par Antoine Le Thiec, chef d\u2019\u00e9quipe, passionn\u00e9 de d\u00e9coration et de mise en lumi\u00e8re, et Julien Laudic-Baron, responsable accueil et boutique, fort de plus de dix [&hellip;]<\/p>\n","protected":false},"author":8,"featured_media":244764,"comment_status":"closed","ping_status":"open","sticky":false,"template":"","format":"standard","meta":{"footnotes":""},"categories":[16],"tags":[],"acf":[],"yoast_head":"<!-- This site is optimized with the Yoast SEO plugin v18.4.1 - https:\/\/yoast.com\/wordpress\/plugins\/seo\/ -->\n<title>Nocturnes automnales au Parc Botanique de Haute Bretagne - Office de tourisme Couesnon Marches de Bretagne<\/title>\n<meta name=\"robots\" content=\"index, follow, max-snippet:-1, max-image-preview:large, max-video-preview:-1\" \/>\n<link rel=\"canonical\" href=\"https:\/\/www.tourisme-marchesdebretagne.com\/en\/nocturnes-automnales-au-parc-botanique-de-haute-bretagne\/\" \/>\n<meta property=\"og:locale\" content=\"en_US\" \/>\n<meta property=\"og:type\" content=\"article\" \/>\n<meta property=\"og:title\" content=\"Nocturnes automnales au Parc Botanique de Haute Bretagne - Office de tourisme Couesnon Marches de Bretagne\" \/>\n<meta property=\"og:description\" content=\"\u00c0 l\u2019automne, le Parc Botanique de Haute Bretagne se pare de mille nuances et ouvre exceptionnellement ses portes \u00e0 la nuit tomb\u00e9e pour une \u00e9tonnante balade nocturne ! Imagin\u00e9 par Antoine Le Thiec, chef d\u2019\u00e9quipe, passionn\u00e9 de d\u00e9coration et de mise en lumi\u00e8re, et Julien Laudic-Baron, responsable accueil et boutique, fort de plus de dix [&hellip;]\" \/>\n<meta property=\"og:url\" content=\"https:\/\/www.tourisme-marchesdebretagne.com\/en\/nocturnes-automnales-au-parc-botanique-de-haute-bretagne\/\" \/>\n<meta property=\"og:site_name\" content=\"Office de tourisme Couesnon Marches de Bretagne\" \/>\n<meta property=\"article:published_time\" content=\"2025-09-05T05:51:57+00:00\" \/>\n<meta property=\"article:modified_time\" content=\"2026-09-03T09:34:17+00:00\" \/>\n<meta property=\"og:image\" content=\"https:\/\/www.tourisme-marchesdebretagne.com\/wp-content\/uploads\/2026\/09\/nocturne-automnale.png\" \/>\n\t<meta property=\"og:image:width\" content=\"800\" \/>\n\t<meta property=\"og:image:height\" content=\"569\" \/>\n\t<meta property=\"og:image:type\" content=\"image\/png\" \/>\n<meta name=\"twitter:card\" content=\"summary_large_image\" \/>\n<meta name=\"twitter:label1\" content=\"Written by\" \/>\n\t<meta name=\"twitter:data1\" content=\"Anne-Mich\u00e8le GAUCHARD\" \/>\n\t<meta name=\"twitter:label2\" content=\"Est. reading time\" \/>\n\t<meta name=\"twitter:data2\" content=\"1 minute\" \/>\n<script type=\"application\/ld+json\" class=\"yoast-schema-graph\">{\"@context\":\"https:\/\/schema.org\",\"@graph\":[{\"@type\":\"Organization\",\"@id\":\"https:\/\/www.tourisme-marchesdebretagne.com\/en\/#organization\",\"name\":\"R\u00e9sultats de recherche R\u00e9sultats Web http:\/\/www.tourisme-marchesdebretagne.com\/www.tourisme-marchesdebretagne.com \u203a marches March\u00e9s - Office de Tourisme Couesnon Marches de Bretagne\",\"url\":\"https:\/\/www.tourisme-marchesdebretagne.com\/en\/\",\"sameAs\":[],\"logo\":{\"@type\":\"ImageObject\",\"@id\":\"https:\/\/www.tourisme-marchesdebretagne.com\/en\/#logo\",\"inLanguage\":\"en-US\",\"url\":\"https:\/\/www.tourisme-marchesdebretagne.com\/wp-content\/uploads\/2019\/12\/header_logo_grand.png\",\"contentUrl\":\"https:\/\/www.tourisme-marchesdebretagne.com\/wp-content\/uploads\/2019\/12\/header_logo_grand.png\",\"width\":280,\"height\":76,\"caption\":\"R\u00e9sultats de recherche R\u00e9sultats Web http:\/\/www.tourisme-marchesdebretagne.com\/www.tourisme-marchesdebretagne.com \u203a marches March\u00e9s - Office de Tourisme Couesnon Marches de Bretagne\"},\"image\":{\"@id\":\"https:\/\/www.tourisme-marchesdebretagne.com\/en\/#logo\"}},{\"@type\":\"WebSite\",\"@id\":\"https:\/\/www.tourisme-marchesdebretagne.com\/en\/#website\",\"url\":\"https:\/\/www.tourisme-marchesdebretagne.com\/en\/\",\"name\":\"Office de tourisme Couesnon Marches de Bretagne\",\"description\":\"Le site officiel de l&#039;Office de Tourisme Couesnon Marches de Bretagne \u00e0 Bazouges-la-P\u00e9rouse et Maen Roch en Ille-et-Vilaine.\",\"publisher\":{\"@id\":\"https:\/\/www.tourisme-marchesdebretagne.com\/en\/#organization\"},\"potentialAction\":[{\"@type\":\"SearchAction\",\"target\":{\"@type\":\"EntryPoint\",\"urlTemplate\":\"https:\/\/www.tourisme-marchesdebretagne.com\/en\/?s={search_term_string}\"},\"query-input\":\"required name=search_term_string\"}],\"inLanguage\":\"en-US\"},{\"@type\":\"ImageObject\",\"@id\":\"https:\/\/www.tourisme-marchesdebretagne.com\/en\/nocturnes-automnales-au-parc-botanique-de-haute-bretagne\/#primaryimage\",\"inLanguage\":\"en-US\",\"url\":\"https:\/\/www.tourisme-marchesdebretagne.com\/wp-content\/uploads\/2026\/09\/nocturne-automnale.png\",\"contentUrl\":\"https:\/\/www.tourisme-marchesdebretagne.com\/wp-content\/uploads\/2026\/09\/nocturne-automnale.png\",\"width\":800,\"height\":569},{\"@type\":\"WebPage\",\"@id\":\"https:\/\/www.tourisme-marchesdebretagne.com\/en\/nocturnes-automnales-au-parc-botanique-de-haute-bretagne\/#webpage\",\"url\":\"https:\/\/www.tourisme-marchesdebretagne.com\/en\/nocturnes-automnales-au-parc-botanique-de-haute-bretagne\/\",\"name\":\"Nocturnes automnales au Parc Botanique de Haute Bretagne - Office de tourisme Couesnon Marches de Bretagne\",\"isPartOf\":{\"@id\":\"https:\/\/www.tourisme-marchesdebretagne.com\/en\/#website\"},\"primaryImageOfPage\":{\"@id\":\"https:\/\/www.tourisme-marchesdebretagne.com\/en\/nocturnes-automnales-au-parc-botanique-de-haute-bretagne\/#primaryimage\"},\"datePublished\":\"2025-09-05T05:51:57+00:00\",\"dateModified\":\"2026-09-03T09:34:17+00:00\",\"breadcrumb\":{\"@id\":\"https:\/\/www.tourisme-marchesdebretagne.com\/en\/nocturnes-automnales-au-parc-botanique-de-haute-bretagne\/#breadcrumb\"},\"inLanguage\":\"en-US\",\"potentialAction\":[{\"@type\":\"ReadAction\",\"target\":[\"https:\/\/www.tourisme-marchesdebretagne.com\/en\/nocturnes-automnales-au-parc-botanique-de-haute-bretagne\/\"]}]},{\"@type\":\"BreadcrumbList\",\"@id\":\"https:\/\/www.tourisme-marchesdebretagne.com\/en\/nocturnes-automnales-au-parc-botanique-de-haute-bretagne\/#breadcrumb\",\"itemListElement\":[{\"@type\":\"ListItem\",\"position\":1,\"name\":\"Accueil\",\"item\":\"https:\/\/www.tourisme-marchesdebretagne.com\/en\/\"},{\"@type\":\"ListItem\",\"position\":2,\"name\":\"Agenda\",\"item\":\"https:\/\/www.tourisme-marchesdebretagne.com\/en\/category\/agenda\/\"},{\"@type\":\"ListItem\",\"position\":3,\"name\":\"Nocturnes automnales au Parc Botanique de Haute Bretagne\"}]},{\"@type\":\"Article\",\"@id\":\"https:\/\/www.tourisme-marchesdebretagne.com\/en\/nocturnes-automnales-au-parc-botanique-de-haute-bretagne\/#article\",\"isPartOf\":{\"@id\":\"https:\/\/www.tourisme-marchesdebretagne.com\/en\/nocturnes-automnales-au-parc-botanique-de-haute-bretagne\/#webpage\"},\"author\":{\"@id\":\"https:\/\/www.tourisme-marchesdebretagne.com\/en\/#\/schema\/person\/f34ae55a5dabe6b57b374cdf485ec6c6\"},\"headline\":\"Nocturnes automnales au Parc Botanique de Haute Bretagne\",\"datePublished\":\"2025-09-05T05:51:57+00:00\",\"dateModified\":\"2026-09-03T09:34:17+00:00\",\"mainEntityOfPage\":{\"@id\":\"https:\/\/www.tourisme-marchesdebretagne.com\/en\/nocturnes-automnales-au-parc-botanique-de-haute-bretagne\/#webpage\"},\"wordCount\":196,\"publisher\":{\"@id\":\"https:\/\/www.tourisme-marchesdebretagne.com\/en\/#organization\"},\"image\":{\"@id\":\"https:\/\/www.tourisme-marchesdebretagne.com\/en\/nocturnes-automnales-au-parc-botanique-de-haute-bretagne\/#primaryimage\"},\"thumbnailUrl\":\"https:\/\/www.tourisme-marchesdebretagne.com\/wp-content\/uploads\/2026\/09\/nocturne-automnale.png\",\"articleSection\":[\"Agenda\"],\"inLanguage\":\"en-US\"},{\"@type\":\"Person\",\"@id\":\"https:\/\/www.tourisme-marchesdebretagne.com\/en\/#\/schema\/person\/f34ae55a5dabe6b57b374cdf485ec6c6\",\"name\":\"Anne-Mich\u00e8le GAUCHARD\",\"image\":{\"@type\":\"ImageObject\",\"@id\":\"https:\/\/www.tourisme-marchesdebretagne.com\/en\/#personlogo\",\"inLanguage\":\"en-US\",\"url\":\"https:\/\/secure.gravatar.com\/avatar\/1cbdb3a64f05514dd7b49d6b8eb251f6?s=96&d=mm&r=g\",\"contentUrl\":\"https:\/\/secure.gravatar.com\/avatar\/1cbdb3a64f05514dd7b49d6b8eb251f6?s=96&d=mm&r=g\",\"caption\":\"Anne-Mich\u00e8le GAUCHARD\"}}]}<\/script>\n<!-- \/ Yoast SEO plugin. -->","yoast_head_json":{"title":"Nocturnes automnales au Parc Botanique de Haute Bretagne - Office de tourisme Couesnon Marches de Bretagne","robots":{"index":"index","follow":"follow","max-snippet":"max-snippet:-1","max-image-preview":"max-image-preview:large","max-video-preview":"max-video-preview:-1"},"canonical":"https:\/\/www.tourisme-marchesdebretagne.com\/en\/nocturnes-automnales-au-parc-botanique-de-haute-bretagne\/","og_locale":"en_US","og_type":"article","og_title":"Nocturnes automnales au Parc Botanique de Haute Bretagne - Office de tourisme Couesnon Marches de Bretagne","og_description":"\u00c0 l\u2019automne, le Parc Botanique de Haute Bretagne se pare de mille nuances et ouvre exceptionnellement ses portes \u00e0 la nuit tomb\u00e9e pour une \u00e9tonnante balade nocturne ! Imagin\u00e9 par Antoine Le Thiec, chef d\u2019\u00e9quipe, passionn\u00e9 de d\u00e9coration et de mise en lumi\u00e8re, et Julien Laudic-Baron, responsable accueil et boutique, fort de plus de dix [&hellip;]","og_url":"https:\/\/www.tourisme-marchesdebretagne.com\/en\/nocturnes-automnales-au-parc-botanique-de-haute-bretagne\/","og_site_name":"Office de tourisme Couesnon Marches de Bretagne","article_published_time":"2025-09-05T05:51:57+00:00","article_modified_time":"2026-09-03T09:34:17+00:00","og_image":[{"width":800,"height":569,"url":"https:\/\/www.tourisme-marchesdebretagne.com\/wp-content\/uploads\/2026\/09\/nocturne-automnale.png","type":"image\/png"}],"twitter_card":"summary_large_image","twitter_misc":{"Written by":"Anne-Mich\u00e8le GAUCHARD","Est. reading time":"1 minute"},"schema":{"@context":"https:\/\/schema.org","@graph":[{"@type":"Organization","@id":"https:\/\/www.tourisme-marchesdebretagne.com\/en\/#organization","name":"R\u00e9sultats de recherche R\u00e9sultats Web http:\/\/www.tourisme-marchesdebretagne.com\/www.tourisme-marchesdebretagne.com \u203a marches March\u00e9s - Office de Tourisme Couesnon Marches de Bretagne","url":"https:\/\/www.tourisme-marchesdebretagne.com\/en\/","sameAs":[],"logo":{"@type":"ImageObject","@id":"https:\/\/www.tourisme-marchesdebretagne.com\/en\/#logo","inLanguage":"en-US","url":"https:\/\/www.tourisme-marchesdebretagne.com\/wp-content\/uploads\/2019\/12\/header_logo_grand.png","contentUrl":"https:\/\/www.tourisme-marchesdebretagne.com\/wp-content\/uploads\/2019\/12\/header_logo_grand.png","width":280,"height":76,"caption":"R\u00e9sultats de recherche R\u00e9sultats Web http:\/\/www.tourisme-marchesdebretagne.com\/www.tourisme-marchesdebretagne.com \u203a marches March\u00e9s - Office de Tourisme Couesnon Marches de Bretagne"},"image":{"@id":"https:\/\/www.tourisme-marchesdebretagne.com\/en\/#logo"}},{"@type":"WebSite","@id":"https:\/\/www.tourisme-marchesdebretagne.com\/en\/#website","url":"https:\/\/www.tourisme-marchesdebretagne.com\/en\/","name":"Office de tourisme Couesnon Marches de Bretagne","description":"Le site officiel de l&#039;Office de Tourisme Couesnon Marches de Bretagne \u00e0 Bazouges-la-P\u00e9rouse et Maen Roch en Ille-et-Vilaine.","publisher":{"@id":"https:\/\/www.tourisme-marchesdebretagne.com\/en\/#organization"},"potentialAction":[{"@type":"SearchAction","target":{"@type":"EntryPoint","urlTemplate":"https:\/\/www.tourisme-marchesdebretagne.com\/en\/?s={search_term_string}"},"query-input":"required name=search_term_string"}],"inLanguage":"en-US"},{"@type":"ImageObject","@id":"https:\/\/www.tourisme-marchesdebretagne.com\/en\/nocturnes-automnales-au-parc-botanique-de-haute-bretagne\/#primaryimage","inLanguage":"en-US","url":"https:\/\/www.tourisme-marchesdebretagne.com\/wp-content\/uploads\/2026\/09\/nocturne-automnale.png","contentUrl":"https:\/\/www.tourisme-marchesdebretagne.com\/wp-content\/uploads\/2026\/09\/nocturne-automnale.png","width":800,"height":569},{"@type":"WebPage","@id":"https:\/\/www.tourisme-marchesdebretagne.com\/en\/nocturnes-automnales-au-parc-botanique-de-haute-bretagne\/#webpage","url":"https:\/\/www.tourisme-marchesdebretagne.com\/en\/nocturnes-automnales-au-parc-botanique-de-haute-bretagne\/","name":"Nocturnes automnales au Parc Botanique de Haute Bretagne - Office de tourisme Couesnon Marches de Bretagne","isPartOf":{"@id":"https:\/\/www.tourisme-marchesdebretagne.com\/en\/#website"},"primaryImageOfPage":{"@id":"https:\/\/www.tourisme-marchesdebretagne.com\/en\/nocturnes-automnales-au-parc-botanique-de-haute-bretagne\/#primaryimage"},"datePublished":"2025-09-05T05:51:57+00:00","dateModified":"2026-09-03T09:34:17+00:00","breadcrumb":{"@id":"https:\/\/www.tourisme-marchesdebretagne.com\/en\/nocturnes-automnales-au-parc-botanique-de-haute-bretagne\/#breadcrumb"},"inLanguage":"en-US","potentialAction":[{"@type":"ReadAction","target":["https:\/\/www.tourisme-marchesdebretagne.com\/en\/nocturnes-automnales-au-parc-botanique-de-haute-bretagne\/"]}]},{"@type":"BreadcrumbList","@id":"https:\/\/www.tourisme-marchesdebretagne.com\/en\/nocturnes-automnales-au-parc-botanique-de-haute-bretagne\/#breadcrumb","itemListElement":[{"@type":"ListItem","position":1,"name":"Accueil","item":"https:\/\/www.tourisme-marchesdebretagne.com\/en\/"},{"@type":"ListItem","position":2,"name":"Agenda","item":"https:\/\/www.tourisme-marchesdebretagne.com\/en\/category\/agenda\/"},{"@type":"ListItem","position":3,"name":"Nocturnes automnales au Parc Botanique de Haute Bretagne"}]},{"@type":"Article","@id":"https:\/\/www.tourisme-marchesdebretagne.com\/en\/nocturnes-automnales-au-parc-botanique-de-haute-bretagne\/#article","isPartOf":{"@id":"https:\/\/www.tourisme-marchesdebretagne.com\/en\/nocturnes-automnales-au-parc-botanique-de-haute-bretagne\/#webpage"},"author":{"@id":"https:\/\/www.tourisme-marchesdebretagne.com\/en\/#\/schema\/person\/f34ae55a5dabe6b57b374cdf485ec6c6"},"headline":"Nocturnes automnales au Parc Botanique de Haute Bretagne","datePublished":"2025-09-05T05:51:57+00:00","dateModified":"2026-09-03T09:34:17+00:00","mainEntityOfPage":{"@id":"https:\/\/www.tourisme-marchesdebretagne.com\/en\/nocturnes-automnales-au-parc-botanique-de-haute-bretagne\/#webpage"},"wordCount":196,"publisher":{"@id":"https:\/\/www.tourisme-marchesdebretagne.com\/en\/#organization"},"image":{"@id":"https:\/\/www.tourisme-marchesdebretagne.com\/en\/nocturnes-automnales-au-parc-botanique-de-haute-bretagne\/#primaryimage"},"thumbnailUrl":"https:\/\/www.tourisme-marchesdebretagne.com\/wp-content\/uploads\/2026\/09\/nocturne-automnale.png","articleSection":["Agenda"],"inLanguage":"en-US"},{"@type":"Person","@id":"https:\/\/www.tourisme-marchesdebretagne.com\/en\/#\/schema\/person\/f34ae55a5dabe6b57b374cdf485ec6c6","name":"Anne-Mich\u00e8le GAUCHARD","image":{"@type":"ImageObject","@id":"https:\/\/www.tourisme-marchesdebretagne.com\/en\/#personlogo","inLanguage":"en-US","url":"https:\/\/secure.gravatar.com\/avatar\/1cbdb3a64f05514dd7b49d6b8eb251f6?s=96&d=mm&r=g","contentUrl":"https:\/\/secure.gravatar.com\/avatar\/1cbdb3a64f05514dd7b49d6b8eb251f6?s=96&d=mm&r=g","caption":"Anne-Mich\u00e8le GAUCHARD"}}]}},"_links":{"self":[{"href":"https:\/\/www.tourisme-marchesdebretagne.com\/en\/wp-json\/wp\/v2\/posts\/239527"}],"collection":[{"href":"https:\/\/www.tourisme-marchesdebretagne.com\/en\/wp-json\/wp\/v2\/posts"}],"about":[{"href":"https:\/\/www.tourisme-marchesdebretagne.com\/en\/wp-json\/wp\/v2\/types\/post"}],"author":[{"embeddable":true,"href":"https:\/\/www.tourisme-marchesdebretagne.com\/en\/wp-json\/wp\/v2\/users\/8"}],"replies":[{"embeddable":true,"href":"https:\/\/www.tourisme-marchesdebretagne.com\/en\/wp-json\/wp\/v2\/comments?post=239527"}],"version-history":[{"count":10,"href":"https:\/\/www.tourisme-marchesdebretagne.com\/en\/wp-json\/wp\/v2\/posts\/239527\/revisions"}],"predecessor-version":[{"id":244771,"href":"https:\/\/www.tourisme-marchesdebretagne.com\/en\/wp-json\/wp\/v2\/posts\/239527\/revisions\/244771"}],"wp:featuredmedia":[{"embeddable":true,"href":"https:\/\/www.tourisme-marchesdebretagne.com\/en\/wp-json\/wp\/v2\/media\/244764"}],"wp:attachment":[{"href":"https:\/\/www.tourisme-marchesdebretagne.com\/en\/wp-json\/wp\/v2\/media?parent=239527"}],"wp:term":[{"taxonomy":"category","embeddable":true,"href":"https:\/\/www.tourisme-marchesdebretagne.com\/en\/wp-json\/wp\/v2\/categories?post=239527"},{"taxonomy":"post_tag","embeddable":true,"href":"https:\/\/www.tourisme-marchesdebretagne.com\/en\/wp-json\/wp\/v2\/tags?post=239527"}],"curies":[{"name":"wp","href":"https:\/\/api.w.org\/{rel}","templated":true}]}}