{"id":239556,"date":"2025-09-06T08:17:47","date_gmt":"2025-09-06T06:17:47","guid":{"rendered":"https:\/\/www.tourisme-marchesdebretagne.com\/journees-europeennes-du-patrimoine-chateau-et-parc-de-bonnefontaine\/"},"modified":"2026-08-31T08:50:06","modified_gmt":"2026-08-31T06:50:06","slug":"journees-europeennes-du-patrimoine-chateau-et-parc-de-bonnefontaine","status":"publish","type":"post","link":"https:\/\/www.tourisme-marchesdebretagne.com\/en\/journees-europeennes-du-patrimoine-chateau-et-parc-de-bonnefontaine\/","title":{"rendered":"Journ\u00e9es Europ\u00e9ennes du Patrimoine &#8211; Ch\u00e2teau et parc de Bonnefontaine"},"content":{"rendered":"<p>A l&#8217;occasion des Journ\u00e9es Europ\u00e9ennes du Patrimoine, d\u00e9couvrez le rez-de-chauss\u00e9e du ch\u00e2teau de Bonnefontaine.<\/p>\n<p>La construction du ch\u00e2teau de Bonnefontaine remonte au 15e si\u00e8cle sous la commande du chambellan d\u2019Anne de Bretagne. Remani\u00e9 au XVIe si\u00e8cle dans un style renaissance, il sera \u00e9galement agrandi au cours du 19\u00e8me si\u00e8cle.<br \/>\nLes propri\u00e9taires, la famille de Rohan Chabot, se feront un plaisir de vous y accueillir pour vous proposer la visite du rez-de-chauss\u00e9e entre l&#8217;entr\u00e9e, le salon et la salle \u00e0 manger du ch\u00e2teau.<\/p>\n<p>A l&#8217;ext\u00e9rieur, en visite libre, profitez du grand parc \u00e0 l\u2019anglaise am\u00e9nag\u00e9 par Denis Bu\u0308lher, le cr\u00e9ateur des jardins du Thabor \u00e0 Rennes. Arpentez ces vastes espaces naturels perc\u00e9s de larges perspectives encadr\u00e9es de plantations et de bosquets en plans successifs. D\u00e9couvrez le lavoir, et les cypr\u00e8s chauves du 2\u00e8me \u00e9tang, une curiosit\u00e9 unique en France. De nombreuses essences plant\u00e9es \u00e0 la cr\u00e9ation du parc sont toujours pr\u00e9sentes : s\u00e9quoias, ifs de Chine, magnolias mais aussi fuchsias, hortensias, cam\u00e9lias et rhododendrons.<\/p>\n<p>Visite libre du parc.<br \/>\nVisites guid\u00e9es du rez-de-chauss\u00e9e tout au long du week-end, d\u00e9part toute les heures (sans r\u00e9servation).<\/p>\n","protected":false},"excerpt":{"rendered":"<p>A l&#8217;occasion des Journ\u00e9es Europ\u00e9ennes du Patrimoine, d\u00e9couvrez le rez-de-chauss\u00e9e du ch\u00e2teau de Bonnefontaine. La construction du ch\u00e2teau de Bonnefontaine remonte au 15e si\u00e8cle sous la commande du chambellan d\u2019Anne de Bretagne. Remani\u00e9 au XVIe si\u00e8cle dans un style renaissance, il sera \u00e9galement agrandi au cours du 19\u00e8me si\u00e8cle. Les propri\u00e9taires, la famille de Rohan [&hellip;]<\/p>\n","protected":false},"author":0,"featured_media":239557,"comment_status":"closed","ping_status":"open","sticky":false,"template":"","format":"standard","meta":{"footnotes":""},"categories":[16],"tags":[],"acf":[],"yoast_head":"<!-- This site is optimized with the Yoast SEO plugin v18.4.1 - https:\/\/yoast.com\/wordpress\/plugins\/seo\/ -->\n<title>Journ\u00e9es Europ\u00e9ennes du Patrimoine - Ch\u00e2teau et parc de Bonnefontaine - Office de tourisme Couesnon Marches de Bretagne<\/title>\n<meta name=\"robots\" content=\"index, follow, max-snippet:-1, max-image-preview:large, max-video-preview:-1\" \/>\n<link rel=\"canonical\" href=\"https:\/\/www.tourisme-marchesdebretagne.com\/en\/journees-europeennes-du-patrimoine-chateau-et-parc-de-bonnefontaine\/\" \/>\n<meta property=\"og:locale\" content=\"en_US\" \/>\n<meta property=\"og:type\" content=\"article\" \/>\n<meta property=\"og:title\" content=\"Journ\u00e9es Europ\u00e9ennes du Patrimoine - Ch\u00e2teau et parc de Bonnefontaine - Office de tourisme Couesnon Marches de Bretagne\" \/>\n<meta property=\"og:description\" content=\"A l&#8217;occasion des Journ\u00e9es Europ\u00e9ennes du Patrimoine, d\u00e9couvrez le rez-de-chauss\u00e9e du ch\u00e2teau de Bonnefontaine. La construction du ch\u00e2teau de Bonnefontaine remonte au 15e si\u00e8cle sous la commande du chambellan d\u2019Anne de Bretagne. Remani\u00e9 au XVIe si\u00e8cle dans un style renaissance, il sera \u00e9galement agrandi au cours du 19\u00e8me si\u00e8cle. Les propri\u00e9taires, la famille de Rohan [&hellip;]\" \/>\n<meta property=\"og:url\" content=\"https:\/\/www.tourisme-marchesdebretagne.com\/en\/journees-europeennes-du-patrimoine-chateau-et-parc-de-bonnefontaine\/\" \/>\n<meta property=\"og:site_name\" content=\"Office de tourisme Couesnon Marches de Bretagne\" \/>\n<meta property=\"article:published_time\" content=\"2025-09-06T06:17:47+00:00\" \/>\n<meta property=\"article:modified_time\" content=\"2026-08-31T06:50:06+00:00\" \/>\n<meta property=\"og:image\" content=\"https:\/\/www.tourisme-marchesdebretagne.com\/wp-content\/uploads\/2025\/09\/Facade-du-chateau-de-Bonnefontaine-OT-CMB.jpg\" \/>\n\t<meta property=\"og:image:width\" content=\"800\" \/>\n\t<meta property=\"og:image:height\" content=\"600\" \/>\n\t<meta property=\"og:image:type\" content=\"image\/jpeg\" \/>\n<meta name=\"twitter:card\" content=\"summary_large_image\" \/>\n<meta name=\"twitter:label1\" content=\"Est. reading time\" \/>\n\t<meta name=\"twitter:data1\" content=\"1 minute\" \/>\n<script type=\"application\/ld+json\" class=\"yoast-schema-graph\">{\"@context\":\"https:\/\/schema.org\",\"@graph\":[{\"@type\":\"Organization\",\"@id\":\"https:\/\/www.tourisme-marchesdebretagne.com\/en\/#organization\",\"name\":\"R\u00e9sultats de recherche R\u00e9sultats Web http:\/\/www.tourisme-marchesdebretagne.com\/www.tourisme-marchesdebretagne.com \u203a marches March\u00e9s - Office de Tourisme Couesnon Marches de Bretagne\",\"url\":\"https:\/\/www.tourisme-marchesdebretagne.com\/en\/\",\"sameAs\":[],\"logo\":{\"@type\":\"ImageObject\",\"@id\":\"https:\/\/www.tourisme-marchesdebretagne.com\/en\/#logo\",\"inLanguage\":\"en-US\",\"url\":\"https:\/\/www.tourisme-marchesdebretagne.com\/wp-content\/uploads\/2019\/12\/header_logo_grand.png\",\"contentUrl\":\"https:\/\/www.tourisme-marchesdebretagne.com\/wp-content\/uploads\/2019\/12\/header_logo_grand.png\",\"width\":280,\"height\":76,\"caption\":\"R\u00e9sultats de recherche R\u00e9sultats Web http:\/\/www.tourisme-marchesdebretagne.com\/www.tourisme-marchesdebretagne.com \u203a marches March\u00e9s - Office de Tourisme Couesnon Marches de Bretagne\"},\"image\":{\"@id\":\"https:\/\/www.tourisme-marchesdebretagne.com\/en\/#logo\"}},{\"@type\":\"WebSite\",\"@id\":\"https:\/\/www.tourisme-marchesdebretagne.com\/en\/#website\",\"url\":\"https:\/\/www.tourisme-marchesdebretagne.com\/en\/\",\"name\":\"Office de tourisme Couesnon Marches de Bretagne\",\"description\":\"Le site officiel de l&#039;Office de Tourisme Couesnon Marches de Bretagne \u00e0 Bazouges-la-P\u00e9rouse et Maen Roch en Ille-et-Vilaine.\",\"publisher\":{\"@id\":\"https:\/\/www.tourisme-marchesdebretagne.com\/en\/#organization\"},\"potentialAction\":[{\"@type\":\"SearchAction\",\"target\":{\"@type\":\"EntryPoint\",\"urlTemplate\":\"https:\/\/www.tourisme-marchesdebretagne.com\/en\/?s={search_term_string}\"},\"query-input\":\"required name=search_term_string\"}],\"inLanguage\":\"en-US\"},{\"@type\":\"ImageObject\",\"@id\":\"https:\/\/www.tourisme-marchesdebretagne.com\/en\/journees-europeennes-du-patrimoine-chateau-et-parc-de-bonnefontaine\/#primaryimage\",\"inLanguage\":\"en-US\",\"url\":\"https:\/\/www.tourisme-marchesdebretagne.com\/wp-content\/uploads\/2025\/09\/Facade-du-chateau-de-Bonnefontaine-OT-CMB.jpg\",\"contentUrl\":\"https:\/\/www.tourisme-marchesdebretagne.com\/wp-content\/uploads\/2025\/09\/Facade-du-chateau-de-Bonnefontaine-OT-CMB.jpg\",\"width\":800,\"height\":600},{\"@type\":\"WebPage\",\"@id\":\"https:\/\/www.tourisme-marchesdebretagne.com\/en\/journees-europeennes-du-patrimoine-chateau-et-parc-de-bonnefontaine\/#webpage\",\"url\":\"https:\/\/www.tourisme-marchesdebretagne.com\/en\/journees-europeennes-du-patrimoine-chateau-et-parc-de-bonnefontaine\/\",\"name\":\"Journ\u00e9es Europ\u00e9ennes du Patrimoine - Ch\u00e2teau et parc de Bonnefontaine - Office de tourisme Couesnon Marches de Bretagne\",\"isPartOf\":{\"@id\":\"https:\/\/www.tourisme-marchesdebretagne.com\/en\/#website\"},\"primaryImageOfPage\":{\"@id\":\"https:\/\/www.tourisme-marchesdebretagne.com\/en\/journees-europeennes-du-patrimoine-chateau-et-parc-de-bonnefontaine\/#primaryimage\"},\"datePublished\":\"2025-09-06T06:17:47+00:00\",\"dateModified\":\"2026-08-31T06:50:06+00:00\",\"breadcrumb\":{\"@id\":\"https:\/\/www.tourisme-marchesdebretagne.com\/en\/journees-europeennes-du-patrimoine-chateau-et-parc-de-bonnefontaine\/#breadcrumb\"},\"inLanguage\":\"en-US\",\"potentialAction\":[{\"@type\":\"ReadAction\",\"target\":[\"https:\/\/www.tourisme-marchesdebretagne.com\/en\/journees-europeennes-du-patrimoine-chateau-et-parc-de-bonnefontaine\/\"]}]},{\"@type\":\"BreadcrumbList\",\"@id\":\"https:\/\/www.tourisme-marchesdebretagne.com\/en\/journees-europeennes-du-patrimoine-chateau-et-parc-de-bonnefontaine\/#breadcrumb\",\"itemListElement\":[{\"@type\":\"ListItem\",\"position\":1,\"name\":\"Accueil\",\"item\":\"https:\/\/www.tourisme-marchesdebretagne.com\/en\/\"},{\"@type\":\"ListItem\",\"position\":2,\"name\":\"Agenda\",\"item\":\"https:\/\/www.tourisme-marchesdebretagne.com\/en\/category\/agenda\/\"},{\"@type\":\"ListItem\",\"position\":3,\"name\":\"Journ\u00e9es Europ\u00e9ennes du Patrimoine &#8211; Ch\u00e2teau et parc de Bonnefontaine\"}]},{\"@type\":\"Article\",\"@id\":\"https:\/\/www.tourisme-marchesdebretagne.com\/en\/journees-europeennes-du-patrimoine-chateau-et-parc-de-bonnefontaine\/#article\",\"isPartOf\":{\"@id\":\"https:\/\/www.tourisme-marchesdebretagne.com\/en\/journees-europeennes-du-patrimoine-chateau-et-parc-de-bonnefontaine\/#webpage\"},\"author\":{\"@id\":\"\"},\"headline\":\"Journ\u00e9es Europ\u00e9ennes du Patrimoine &#8211; Ch\u00e2teau et parc de Bonnefontaine\",\"datePublished\":\"2025-09-06T06:17:47+00:00\",\"dateModified\":\"2026-08-31T06:50:06+00:00\",\"mainEntityOfPage\":{\"@id\":\"https:\/\/www.tourisme-marchesdebretagne.com\/en\/journees-europeennes-du-patrimoine-chateau-et-parc-de-bonnefontaine\/#webpage\"},\"wordCount\":222,\"publisher\":{\"@id\":\"https:\/\/www.tourisme-marchesdebretagne.com\/en\/#organization\"},\"image\":{\"@id\":\"https:\/\/www.tourisme-marchesdebretagne.com\/en\/journees-europeennes-du-patrimoine-chateau-et-parc-de-bonnefontaine\/#primaryimage\"},\"thumbnailUrl\":\"https:\/\/www.tourisme-marchesdebretagne.com\/wp-content\/uploads\/2025\/09\/Facade-du-chateau-de-Bonnefontaine-OT-CMB.jpg\",\"articleSection\":[\"Agenda\"],\"inLanguage\":\"en-US\"}]}<\/script>\n<!-- \/ Yoast SEO plugin. -->","yoast_head_json":{"title":"Journ\u00e9es Europ\u00e9ennes du Patrimoine - Ch\u00e2teau et parc de Bonnefontaine - Office de tourisme Couesnon Marches de Bretagne","robots":{"index":"index","follow":"follow","max-snippet":"max-snippet:-1","max-image-preview":"max-image-preview:large","max-video-preview":"max-video-preview:-1"},"canonical":"https:\/\/www.tourisme-marchesdebretagne.com\/en\/journees-europeennes-du-patrimoine-chateau-et-parc-de-bonnefontaine\/","og_locale":"en_US","og_type":"article","og_title":"Journ\u00e9es Europ\u00e9ennes du Patrimoine - Ch\u00e2teau et parc de Bonnefontaine - Office de tourisme Couesnon Marches de Bretagne","og_description":"A l&#8217;occasion des Journ\u00e9es Europ\u00e9ennes du Patrimoine, d\u00e9couvrez le rez-de-chauss\u00e9e du ch\u00e2teau de Bonnefontaine. La construction du ch\u00e2teau de Bonnefontaine remonte au 15e si\u00e8cle sous la commande du chambellan d\u2019Anne de Bretagne. Remani\u00e9 au XVIe si\u00e8cle dans un style renaissance, il sera \u00e9galement agrandi au cours du 19\u00e8me si\u00e8cle. Les propri\u00e9taires, la famille de Rohan [&hellip;]","og_url":"https:\/\/www.tourisme-marchesdebretagne.com\/en\/journees-europeennes-du-patrimoine-chateau-et-parc-de-bonnefontaine\/","og_site_name":"Office de tourisme Couesnon Marches de Bretagne","article_published_time":"2025-09-06T06:17:47+00:00","article_modified_time":"2026-08-31T06:50:06+00:00","og_image":[{"width":800,"height":600,"url":"https:\/\/www.tourisme-marchesdebretagne.com\/wp-content\/uploads\/2025\/09\/Facade-du-chateau-de-Bonnefontaine-OT-CMB.jpg","type":"image\/jpeg"}],"twitter_card":"summary_large_image","twitter_misc":{"Est. reading time":"1 minute"},"schema":{"@context":"https:\/\/schema.org","@graph":[{"@type":"Organization","@id":"https:\/\/www.tourisme-marchesdebretagne.com\/en\/#organization","name":"R\u00e9sultats de recherche R\u00e9sultats Web http:\/\/www.tourisme-marchesdebretagne.com\/www.tourisme-marchesdebretagne.com \u203a marches March\u00e9s - Office de Tourisme Couesnon Marches de Bretagne","url":"https:\/\/www.tourisme-marchesdebretagne.com\/en\/","sameAs":[],"logo":{"@type":"ImageObject","@id":"https:\/\/www.tourisme-marchesdebretagne.com\/en\/#logo","inLanguage":"en-US","url":"https:\/\/www.tourisme-marchesdebretagne.com\/wp-content\/uploads\/2019\/12\/header_logo_grand.png","contentUrl":"https:\/\/www.tourisme-marchesdebretagne.com\/wp-content\/uploads\/2019\/12\/header_logo_grand.png","width":280,"height":76,"caption":"R\u00e9sultats de recherche R\u00e9sultats Web http:\/\/www.tourisme-marchesdebretagne.com\/www.tourisme-marchesdebretagne.com \u203a marches March\u00e9s - Office de Tourisme Couesnon Marches de Bretagne"},"image":{"@id":"https:\/\/www.tourisme-marchesdebretagne.com\/en\/#logo"}},{"@type":"WebSite","@id":"https:\/\/www.tourisme-marchesdebretagne.com\/en\/#website","url":"https:\/\/www.tourisme-marchesdebretagne.com\/en\/","name":"Office de tourisme Couesnon Marches de Bretagne","description":"Le site officiel de l&#039;Office de Tourisme Couesnon Marches de Bretagne \u00e0 Bazouges-la-P\u00e9rouse et Maen Roch en Ille-et-Vilaine.","publisher":{"@id":"https:\/\/www.tourisme-marchesdebretagne.com\/en\/#organization"},"potentialAction":[{"@type":"SearchAction","target":{"@type":"EntryPoint","urlTemplate":"https:\/\/www.tourisme-marchesdebretagne.com\/en\/?s={search_term_string}"},"query-input":"required name=search_term_string"}],"inLanguage":"en-US"},{"@type":"ImageObject","@id":"https:\/\/www.tourisme-marchesdebretagne.com\/en\/journees-europeennes-du-patrimoine-chateau-et-parc-de-bonnefontaine\/#primaryimage","inLanguage":"en-US","url":"https:\/\/www.tourisme-marchesdebretagne.com\/wp-content\/uploads\/2025\/09\/Facade-du-chateau-de-Bonnefontaine-OT-CMB.jpg","contentUrl":"https:\/\/www.tourisme-marchesdebretagne.com\/wp-content\/uploads\/2025\/09\/Facade-du-chateau-de-Bonnefontaine-OT-CMB.jpg","width":800,"height":600},{"@type":"WebPage","@id":"https:\/\/www.tourisme-marchesdebretagne.com\/en\/journees-europeennes-du-patrimoine-chateau-et-parc-de-bonnefontaine\/#webpage","url":"https:\/\/www.tourisme-marchesdebretagne.com\/en\/journees-europeennes-du-patrimoine-chateau-et-parc-de-bonnefontaine\/","name":"Journ\u00e9es Europ\u00e9ennes du Patrimoine - Ch\u00e2teau et parc de Bonnefontaine - Office de tourisme Couesnon Marches de Bretagne","isPartOf":{"@id":"https:\/\/www.tourisme-marchesdebretagne.com\/en\/#website"},"primaryImageOfPage":{"@id":"https:\/\/www.tourisme-marchesdebretagne.com\/en\/journees-europeennes-du-patrimoine-chateau-et-parc-de-bonnefontaine\/#primaryimage"},"datePublished":"2025-09-06T06:17:47+00:00","dateModified":"2026-08-31T06:50:06+00:00","breadcrumb":{"@id":"https:\/\/www.tourisme-marchesdebretagne.com\/en\/journees-europeennes-du-patrimoine-chateau-et-parc-de-bonnefontaine\/#breadcrumb"},"inLanguage":"en-US","potentialAction":[{"@type":"ReadAction","target":["https:\/\/www.tourisme-marchesdebretagne.com\/en\/journees-europeennes-du-patrimoine-chateau-et-parc-de-bonnefontaine\/"]}]},{"@type":"BreadcrumbList","@id":"https:\/\/www.tourisme-marchesdebretagne.com\/en\/journees-europeennes-du-patrimoine-chateau-et-parc-de-bonnefontaine\/#breadcrumb","itemListElement":[{"@type":"ListItem","position":1,"name":"Accueil","item":"https:\/\/www.tourisme-marchesdebretagne.com\/en\/"},{"@type":"ListItem","position":2,"name":"Agenda","item":"https:\/\/www.tourisme-marchesdebretagne.com\/en\/category\/agenda\/"},{"@type":"ListItem","position":3,"name":"Journ\u00e9es Europ\u00e9ennes du Patrimoine &#8211; Ch\u00e2teau et parc de Bonnefontaine"}]},{"@type":"Article","@id":"https:\/\/www.tourisme-marchesdebretagne.com\/en\/journees-europeennes-du-patrimoine-chateau-et-parc-de-bonnefontaine\/#article","isPartOf":{"@id":"https:\/\/www.tourisme-marchesdebretagne.com\/en\/journees-europeennes-du-patrimoine-chateau-et-parc-de-bonnefontaine\/#webpage"},"author":{"@id":""},"headline":"Journ\u00e9es Europ\u00e9ennes du Patrimoine &#8211; Ch\u00e2teau et parc de Bonnefontaine","datePublished":"2025-09-06T06:17:47+00:00","dateModified":"2026-08-31T06:50:06+00:00","mainEntityOfPage":{"@id":"https:\/\/www.tourisme-marchesdebretagne.com\/en\/journees-europeennes-du-patrimoine-chateau-et-parc-de-bonnefontaine\/#webpage"},"wordCount":222,"publisher":{"@id":"https:\/\/www.tourisme-marchesdebretagne.com\/en\/#organization"},"image":{"@id":"https:\/\/www.tourisme-marchesdebretagne.com\/en\/journees-europeennes-du-patrimoine-chateau-et-parc-de-bonnefontaine\/#primaryimage"},"thumbnailUrl":"https:\/\/www.tourisme-marchesdebretagne.com\/wp-content\/uploads\/2025\/09\/Facade-du-chateau-de-Bonnefontaine-OT-CMB.jpg","articleSection":["Agenda"],"inLanguage":"en-US"}]}},"_links":{"self":[{"href":"https:\/\/www.tourisme-marchesdebretagne.com\/en\/wp-json\/wp\/v2\/posts\/239556"}],"collection":[{"href":"https:\/\/www.tourisme-marchesdebretagne.com\/en\/wp-json\/wp\/v2\/posts"}],"about":[{"href":"https:\/\/www.tourisme-marchesdebretagne.com\/en\/wp-json\/wp\/v2\/types\/post"}],"replies":[{"embeddable":true,"href":"https:\/\/www.tourisme-marchesdebretagne.com\/en\/wp-json\/wp\/v2\/comments?post=239556"}],"version-history":[{"count":5,"href":"https:\/\/www.tourisme-marchesdebretagne.com\/en\/wp-json\/wp\/v2\/posts\/239556\/revisions"}],"predecessor-version":[{"id":244575,"href":"https:\/\/www.tourisme-marchesdebretagne.com\/en\/wp-json\/wp\/v2\/posts\/239556\/revisions\/244575"}],"wp:featuredmedia":[{"embeddable":true,"href":"https:\/\/www.tourisme-marchesdebretagne.com\/en\/wp-json\/wp\/v2\/media\/239557"}],"wp:attachment":[{"href":"https:\/\/www.tourisme-marchesdebretagne.com\/en\/wp-json\/wp\/v2\/media?parent=239556"}],"wp:term":[{"taxonomy":"category","embeddable":true,"href":"https:\/\/www.tourisme-marchesdebretagne.com\/en\/wp-json\/wp\/v2\/categories?post=239556"},{"taxonomy":"post_tag","embeddable":true,"href":"https:\/\/www.tourisme-marchesdebretagne.com\/en\/wp-json\/wp\/v2\/tags?post=239556"}],"curies":[{"name":"wp","href":"https:\/\/api.w.org\/{rel}","templated":true}]}}