{"id":239667,"date":"2025-09-27T09:22:53","date_gmt":"2025-09-27T07:22:53","guid":{"rendered":"https:\/\/www.tourisme-marchesdebretagne.com\/soiree-des-picaous\/"},"modified":"2025-10-04T15:46:47","modified_gmt":"2025-10-04T13:46:47","slug":"soiree-des-picaous","status":"publish","type":"post","link":"https:\/\/www.tourisme-marchesdebretagne.com\/en\/soiree-des-picaous\/","title":{"rendered":"Soir\u00e9e des Picaous"},"content":{"rendered":"<p>L&#8217;association &#8220;Les Picaous&#8221; vous invite \u00e0 sa deuxi\u00e8me grande soir\u00e9e. <\/p>\n<p>Au programme : Repas avec soir\u00e9e dansante anim\u00e9e par le DJ Fred.<\/p>\n<p>Au menu : Kir de bienvenue \/ Jambon \u00e0 l&#8217;os pr\u00e9par\u00e9 maison et sa garniture \/ Fromage \/ Dessert \/ Caf\u00e9<br \/>\nRetrait des plats \u00e0 emporter possible d\u00e8s 18h.<\/p>\n<p>R\u00e9servations : Au bar Le Baracl\u00e9 \u00e0 Saint-Marc-le-Blanc, aupr\u00e8s des membres du bureau ou sur HelloAsso (m\u00eames tarifs).<\/p>\n<p>Venez nombreux, on compte sur vous pour mettre l\u2019ambiance ! <\/p>\n","protected":false},"excerpt":{"rendered":"<p>L&#8217;association &#8220;Les Picaous&#8221; vous invite \u00e0 sa deuxi\u00e8me grande soir\u00e9e. Au programme : Repas avec soir\u00e9e dansante anim\u00e9e par le DJ Fred. Au menu : Kir de bienvenue \/ Jambon \u00e0 l&#8217;os pr\u00e9par\u00e9 maison et sa garniture \/ Fromage \/ Dessert \/ Caf\u00e9 Retrait des plats \u00e0 emporter possible d\u00e8s 18h. R\u00e9servations : Au bar [&hellip;]<\/p>\n","protected":false},"author":0,"featured_media":239668,"comment_status":"closed","ping_status":"open","sticky":false,"template":"","format":"standard","meta":{"footnotes":""},"categories":[16],"tags":[],"acf":[],"yoast_head":"<!-- This site is optimized with the Yoast SEO plugin v18.4.1 - https:\/\/yoast.com\/wordpress\/plugins\/seo\/ -->\n<title>Soir\u00e9e des Picaous - Office de tourisme Couesnon Marches de Bretagne<\/title>\n<meta name=\"robots\" content=\"index, follow, max-snippet:-1, max-image-preview:large, max-video-preview:-1\" \/>\n<link rel=\"canonical\" href=\"https:\/\/www.tourisme-marchesdebretagne.com\/en\/soiree-des-picaous\/\" \/>\n<meta property=\"og:locale\" content=\"en_US\" \/>\n<meta property=\"og:type\" content=\"article\" \/>\n<meta property=\"og:title\" content=\"Soir\u00e9e des Picaous - Office de tourisme Couesnon Marches de Bretagne\" \/>\n<meta property=\"og:description\" content=\"L&#8217;association &#8220;Les Picaous&#8221; vous invite \u00e0 sa deuxi\u00e8me grande soir\u00e9e. Au programme : Repas avec soir\u00e9e dansante anim\u00e9e par le DJ Fred. Au menu : Kir de bienvenue \/ Jambon \u00e0 l&#8217;os pr\u00e9par\u00e9 maison et sa garniture \/ Fromage \/ Dessert \/ Caf\u00e9 Retrait des plats \u00e0 emporter possible d\u00e8s 18h. R\u00e9servations : Au bar [&hellip;]\" \/>\n<meta property=\"og:url\" content=\"https:\/\/www.tourisme-marchesdebretagne.com\/en\/soiree-des-picaous\/\" \/>\n<meta property=\"og:site_name\" content=\"Office de tourisme Couesnon Marches de Bretagne\" \/>\n<meta property=\"article:published_time\" content=\"2025-09-27T07:22:53+00:00\" \/>\n<meta property=\"article:modified_time\" content=\"2025-10-04T13:46:47+00:00\" \/>\n<meta property=\"og:image\" content=\"https:\/\/www.tourisme-marchesdebretagne.com\/wp-content\/uploads\/2025\/09\/Soiree-des-Picaous-1.jpg\" \/>\n\t<meta property=\"og:image:width\" content=\"800\" \/>\n\t<meta property=\"og:image:height\" content=\"533\" \/>\n\t<meta property=\"og:image:type\" content=\"image\/jpeg\" \/>\n<meta name=\"twitter:card\" content=\"summary_large_image\" \/>\n<script type=\"application\/ld+json\" class=\"yoast-schema-graph\">{\"@context\":\"https:\/\/schema.org\",\"@graph\":[{\"@type\":\"Organization\",\"@id\":\"https:\/\/www.tourisme-marchesdebretagne.com\/en\/#organization\",\"name\":\"R\u00e9sultats de recherche R\u00e9sultats Web http:\/\/www.tourisme-marchesdebretagne.com\/www.tourisme-marchesdebretagne.com \u203a marches March\u00e9s - Office de Tourisme Couesnon Marches de Bretagne\",\"url\":\"https:\/\/www.tourisme-marchesdebretagne.com\/en\/\",\"sameAs\":[],\"logo\":{\"@type\":\"ImageObject\",\"@id\":\"https:\/\/www.tourisme-marchesdebretagne.com\/en\/#logo\",\"inLanguage\":\"en-US\",\"url\":\"https:\/\/www.tourisme-marchesdebretagne.com\/wp-content\/uploads\/2019\/12\/header_logo_grand.png\",\"contentUrl\":\"https:\/\/www.tourisme-marchesdebretagne.com\/wp-content\/uploads\/2019\/12\/header_logo_grand.png\",\"width\":280,\"height\":76,\"caption\":\"R\u00e9sultats de recherche R\u00e9sultats Web http:\/\/www.tourisme-marchesdebretagne.com\/www.tourisme-marchesdebretagne.com \u203a marches March\u00e9s - Office de Tourisme Couesnon Marches de Bretagne\"},\"image\":{\"@id\":\"https:\/\/www.tourisme-marchesdebretagne.com\/en\/#logo\"}},{\"@type\":\"WebSite\",\"@id\":\"https:\/\/www.tourisme-marchesdebretagne.com\/en\/#website\",\"url\":\"https:\/\/www.tourisme-marchesdebretagne.com\/en\/\",\"name\":\"Office de tourisme Couesnon Marches de Bretagne\",\"description\":\"Le site officiel de l&#039;Office de Tourisme Couesnon Marches de Bretagne \u00e0 Bazouges-la-P\u00e9rouse et Maen Roch en Ille-et-Vilaine.\",\"publisher\":{\"@id\":\"https:\/\/www.tourisme-marchesdebretagne.com\/en\/#organization\"},\"potentialAction\":[{\"@type\":\"SearchAction\",\"target\":{\"@type\":\"EntryPoint\",\"urlTemplate\":\"https:\/\/www.tourisme-marchesdebretagne.com\/en\/?s={search_term_string}\"},\"query-input\":\"required name=search_term_string\"}],\"inLanguage\":\"en-US\"},{\"@type\":\"ImageObject\",\"@id\":\"https:\/\/www.tourisme-marchesdebretagne.com\/en\/soiree-des-picaous\/#primaryimage\",\"inLanguage\":\"en-US\",\"url\":\"https:\/\/www.tourisme-marchesdebretagne.com\/wp-content\/uploads\/2025\/09\/Soiree-des-Picaous-1.jpg\",\"contentUrl\":\"https:\/\/www.tourisme-marchesdebretagne.com\/wp-content\/uploads\/2025\/09\/Soiree-des-Picaous-1.jpg\",\"width\":800,\"height\":533},{\"@type\":\"WebPage\",\"@id\":\"https:\/\/www.tourisme-marchesdebretagne.com\/en\/soiree-des-picaous\/#webpage\",\"url\":\"https:\/\/www.tourisme-marchesdebretagne.com\/en\/soiree-des-picaous\/\",\"name\":\"Soir\u00e9e des Picaous - Office de tourisme Couesnon Marches de Bretagne\",\"isPartOf\":{\"@id\":\"https:\/\/www.tourisme-marchesdebretagne.com\/en\/#website\"},\"primaryImageOfPage\":{\"@id\":\"https:\/\/www.tourisme-marchesdebretagne.com\/en\/soiree-des-picaous\/#primaryimage\"},\"datePublished\":\"2025-09-27T07:22:53+00:00\",\"dateModified\":\"2025-10-04T13:46:47+00:00\",\"breadcrumb\":{\"@id\":\"https:\/\/www.tourisme-marchesdebretagne.com\/en\/soiree-des-picaous\/#breadcrumb\"},\"inLanguage\":\"en-US\",\"potentialAction\":[{\"@type\":\"ReadAction\",\"target\":[\"https:\/\/www.tourisme-marchesdebretagne.com\/en\/soiree-des-picaous\/\"]}]},{\"@type\":\"BreadcrumbList\",\"@id\":\"https:\/\/www.tourisme-marchesdebretagne.com\/en\/soiree-des-picaous\/#breadcrumb\",\"itemListElement\":[{\"@type\":\"ListItem\",\"position\":1,\"name\":\"Accueil\",\"item\":\"https:\/\/www.tourisme-marchesdebretagne.com\/en\/\"},{\"@type\":\"ListItem\",\"position\":2,\"name\":\"Agenda\",\"item\":\"https:\/\/www.tourisme-marchesdebretagne.com\/en\/category\/agenda\/\"},{\"@type\":\"ListItem\",\"position\":3,\"name\":\"Soir\u00e9e des Picaous\"}]},{\"@type\":\"Article\",\"@id\":\"https:\/\/www.tourisme-marchesdebretagne.com\/en\/soiree-des-picaous\/#article\",\"isPartOf\":{\"@id\":\"https:\/\/www.tourisme-marchesdebretagne.com\/en\/soiree-des-picaous\/#webpage\"},\"author\":{\"@id\":\"\"},\"headline\":\"Soir\u00e9e des Picaous\",\"datePublished\":\"2025-09-27T07:22:53+00:00\",\"dateModified\":\"2025-10-04T13:46:47+00:00\",\"mainEntityOfPage\":{\"@id\":\"https:\/\/www.tourisme-marchesdebretagne.com\/en\/soiree-des-picaous\/#webpage\"},\"wordCount\":81,\"publisher\":{\"@id\":\"https:\/\/www.tourisme-marchesdebretagne.com\/en\/#organization\"},\"image\":{\"@id\":\"https:\/\/www.tourisme-marchesdebretagne.com\/en\/soiree-des-picaous\/#primaryimage\"},\"thumbnailUrl\":\"https:\/\/www.tourisme-marchesdebretagne.com\/wp-content\/uploads\/2025\/09\/Soiree-des-Picaous-1.jpg\",\"articleSection\":[\"Agenda\"],\"inLanguage\":\"en-US\"}]}<\/script>\n<!-- \/ Yoast SEO plugin. -->","yoast_head_json":{"title":"Soir\u00e9e des Picaous - Office de tourisme Couesnon Marches de Bretagne","robots":{"index":"index","follow":"follow","max-snippet":"max-snippet:-1","max-image-preview":"max-image-preview:large","max-video-preview":"max-video-preview:-1"},"canonical":"https:\/\/www.tourisme-marchesdebretagne.com\/en\/soiree-des-picaous\/","og_locale":"en_US","og_type":"article","og_title":"Soir\u00e9e des Picaous - Office de tourisme Couesnon Marches de Bretagne","og_description":"L&#8217;association &#8220;Les Picaous&#8221; vous invite \u00e0 sa deuxi\u00e8me grande soir\u00e9e. Au programme : Repas avec soir\u00e9e dansante anim\u00e9e par le DJ Fred. Au menu : Kir de bienvenue \/ Jambon \u00e0 l&#8217;os pr\u00e9par\u00e9 maison et sa garniture \/ Fromage \/ Dessert \/ Caf\u00e9 Retrait des plats \u00e0 emporter possible d\u00e8s 18h. R\u00e9servations : Au bar [&hellip;]","og_url":"https:\/\/www.tourisme-marchesdebretagne.com\/en\/soiree-des-picaous\/","og_site_name":"Office de tourisme Couesnon Marches de Bretagne","article_published_time":"2025-09-27T07:22:53+00:00","article_modified_time":"2025-10-04T13:46:47+00:00","og_image":[{"width":800,"height":533,"url":"https:\/\/www.tourisme-marchesdebretagne.com\/wp-content\/uploads\/2025\/09\/Soiree-des-Picaous-1.jpg","type":"image\/jpeg"}],"twitter_card":"summary_large_image","schema":{"@context":"https:\/\/schema.org","@graph":[{"@type":"Organization","@id":"https:\/\/www.tourisme-marchesdebretagne.com\/en\/#organization","name":"R\u00e9sultats de recherche R\u00e9sultats Web http:\/\/www.tourisme-marchesdebretagne.com\/www.tourisme-marchesdebretagne.com \u203a marches March\u00e9s - Office de Tourisme Couesnon Marches de Bretagne","url":"https:\/\/www.tourisme-marchesdebretagne.com\/en\/","sameAs":[],"logo":{"@type":"ImageObject","@id":"https:\/\/www.tourisme-marchesdebretagne.com\/en\/#logo","inLanguage":"en-US","url":"https:\/\/www.tourisme-marchesdebretagne.com\/wp-content\/uploads\/2019\/12\/header_logo_grand.png","contentUrl":"https:\/\/www.tourisme-marchesdebretagne.com\/wp-content\/uploads\/2019\/12\/header_logo_grand.png","width":280,"height":76,"caption":"R\u00e9sultats de recherche R\u00e9sultats Web http:\/\/www.tourisme-marchesdebretagne.com\/www.tourisme-marchesdebretagne.com \u203a marches March\u00e9s - Office de Tourisme Couesnon Marches de Bretagne"},"image":{"@id":"https:\/\/www.tourisme-marchesdebretagne.com\/en\/#logo"}},{"@type":"WebSite","@id":"https:\/\/www.tourisme-marchesdebretagne.com\/en\/#website","url":"https:\/\/www.tourisme-marchesdebretagne.com\/en\/","name":"Office de tourisme Couesnon Marches de Bretagne","description":"Le site officiel de l&#039;Office de Tourisme Couesnon Marches de Bretagne \u00e0 Bazouges-la-P\u00e9rouse et Maen Roch en Ille-et-Vilaine.","publisher":{"@id":"https:\/\/www.tourisme-marchesdebretagne.com\/en\/#organization"},"potentialAction":[{"@type":"SearchAction","target":{"@type":"EntryPoint","urlTemplate":"https:\/\/www.tourisme-marchesdebretagne.com\/en\/?s={search_term_string}"},"query-input":"required name=search_term_string"}],"inLanguage":"en-US"},{"@type":"ImageObject","@id":"https:\/\/www.tourisme-marchesdebretagne.com\/en\/soiree-des-picaous\/#primaryimage","inLanguage":"en-US","url":"https:\/\/www.tourisme-marchesdebretagne.com\/wp-content\/uploads\/2025\/09\/Soiree-des-Picaous-1.jpg","contentUrl":"https:\/\/www.tourisme-marchesdebretagne.com\/wp-content\/uploads\/2025\/09\/Soiree-des-Picaous-1.jpg","width":800,"height":533},{"@type":"WebPage","@id":"https:\/\/www.tourisme-marchesdebretagne.com\/en\/soiree-des-picaous\/#webpage","url":"https:\/\/www.tourisme-marchesdebretagne.com\/en\/soiree-des-picaous\/","name":"Soir\u00e9e des Picaous - Office de tourisme Couesnon Marches de Bretagne","isPartOf":{"@id":"https:\/\/www.tourisme-marchesdebretagne.com\/en\/#website"},"primaryImageOfPage":{"@id":"https:\/\/www.tourisme-marchesdebretagne.com\/en\/soiree-des-picaous\/#primaryimage"},"datePublished":"2025-09-27T07:22:53+00:00","dateModified":"2025-10-04T13:46:47+00:00","breadcrumb":{"@id":"https:\/\/www.tourisme-marchesdebretagne.com\/en\/soiree-des-picaous\/#breadcrumb"},"inLanguage":"en-US","potentialAction":[{"@type":"ReadAction","target":["https:\/\/www.tourisme-marchesdebretagne.com\/en\/soiree-des-picaous\/"]}]},{"@type":"BreadcrumbList","@id":"https:\/\/www.tourisme-marchesdebretagne.com\/en\/soiree-des-picaous\/#breadcrumb","itemListElement":[{"@type":"ListItem","position":1,"name":"Accueil","item":"https:\/\/www.tourisme-marchesdebretagne.com\/en\/"},{"@type":"ListItem","position":2,"name":"Agenda","item":"https:\/\/www.tourisme-marchesdebretagne.com\/en\/category\/agenda\/"},{"@type":"ListItem","position":3,"name":"Soir\u00e9e des Picaous"}]},{"@type":"Article","@id":"https:\/\/www.tourisme-marchesdebretagne.com\/en\/soiree-des-picaous\/#article","isPartOf":{"@id":"https:\/\/www.tourisme-marchesdebretagne.com\/en\/soiree-des-picaous\/#webpage"},"author":{"@id":""},"headline":"Soir\u00e9e des Picaous","datePublished":"2025-09-27T07:22:53+00:00","dateModified":"2025-10-04T13:46:47+00:00","mainEntityOfPage":{"@id":"https:\/\/www.tourisme-marchesdebretagne.com\/en\/soiree-des-picaous\/#webpage"},"wordCount":81,"publisher":{"@id":"https:\/\/www.tourisme-marchesdebretagne.com\/en\/#organization"},"image":{"@id":"https:\/\/www.tourisme-marchesdebretagne.com\/en\/soiree-des-picaous\/#primaryimage"},"thumbnailUrl":"https:\/\/www.tourisme-marchesdebretagne.com\/wp-content\/uploads\/2025\/09\/Soiree-des-Picaous-1.jpg","articleSection":["Agenda"],"inLanguage":"en-US"}]}},"_links":{"self":[{"href":"https:\/\/www.tourisme-marchesdebretagne.com\/en\/wp-json\/wp\/v2\/posts\/239667"}],"collection":[{"href":"https:\/\/www.tourisme-marchesdebretagne.com\/en\/wp-json\/wp\/v2\/posts"}],"about":[{"href":"https:\/\/www.tourisme-marchesdebretagne.com\/en\/wp-json\/wp\/v2\/types\/post"}],"replies":[{"embeddable":true,"href":"https:\/\/www.tourisme-marchesdebretagne.com\/en\/wp-json\/wp\/v2\/comments?post=239667"}],"version-history":[{"count":1,"href":"https:\/\/www.tourisme-marchesdebretagne.com\/en\/wp-json\/wp\/v2\/posts\/239667\/revisions"}],"predecessor-version":[{"id":239670,"href":"https:\/\/www.tourisme-marchesdebretagne.com\/en\/wp-json\/wp\/v2\/posts\/239667\/revisions\/239670"}],"wp:featuredmedia":[{"embeddable":true,"href":"https:\/\/www.tourisme-marchesdebretagne.com\/en\/wp-json\/wp\/v2\/media\/239668"}],"wp:attachment":[{"href":"https:\/\/www.tourisme-marchesdebretagne.com\/en\/wp-json\/wp\/v2\/media?parent=239667"}],"wp:term":[{"taxonomy":"category","embeddable":true,"href":"https:\/\/www.tourisme-marchesdebretagne.com\/en\/wp-json\/wp\/v2\/categories?post=239667"},{"taxonomy":"post_tag","embeddable":true,"href":"https:\/\/www.tourisme-marchesdebretagne.com\/en\/wp-json\/wp\/v2\/tags?post=239667"}],"curies":[{"name":"wp","href":"https:\/\/api.w.org\/{rel}","templated":true}]}}