{"id":239675,"date":"2025-09-28T07:50:42","date_gmt":"2025-09-28T05:50:42","guid":{"rendered":"https:\/\/www.tourisme-marchesdebretagne.com\/concert-exceptionnel-emotion-piano-duo\/"},"modified":"2025-10-04T15:46:47","modified_gmt":"2025-10-04T13:46:47","slug":"concert-exceptionnel-emotion-piano-duo","status":"publish","type":"post","link":"https:\/\/www.tourisme-marchesdebretagne.com\/en\/concert-exceptionnel-emotion-piano-duo\/","title":{"rendered":"Concert exceptionnel Emotion Piano Duo"},"content":{"rendered":"<p>L&#8217;association des Amis de Bonnefontaine vous convie \u00e0 un concert exceptionnel dans la Salle Haute du ch\u00e2teau.<\/p>\n<p>Thibaud et Julie de Rohan Chabot  accueilleront au ch\u00e2teau de Bonnefontaine, dans ce lieu charg\u00e9 d&#8217;Histoire, L\u00e9a Costard, L\u00e9a Yoanna Adam et Denis Ivanov ainsi que les \u00e9l\u00e8ves du coll\u00e8ge Saint-Andr\u00e9 d&#8217;Antrain.<\/p>\n<p>Au programme : des \u0153uvres de Lyadov, Chopin, Rachmaninov, Franck,&#8230; interpr\u00e9t\u00e9es par L\u00e9a Costard, 15 ans,  jeune talent Steinway, au piano ainsi que L\u00e9a Yoanna Adam et Denis Ivanov en duo au piano.<\/p>\n<p>R\u00e9servation  par t\u00e9l\u00e9phone.<\/p>\n","protected":false},"excerpt":{"rendered":"<p>L&#8217;association des Amis de Bonnefontaine vous convie \u00e0 un concert exceptionnel dans la Salle Haute du ch\u00e2teau. Thibaud et Julie de Rohan Chabot accueilleront au ch\u00e2teau de Bonnefontaine, dans ce lieu charg\u00e9 d&#8217;Histoire, L\u00e9a Costard, L\u00e9a Yoanna Adam et Denis Ivanov ainsi que les \u00e9l\u00e8ves du coll\u00e8ge Saint-Andr\u00e9 d&#8217;Antrain. Au programme : des \u0153uvres de [&hellip;]<\/p>\n","protected":false},"author":0,"featured_media":239676,"comment_status":"closed","ping_status":"open","sticky":false,"template":"","format":"standard","meta":{"footnotes":""},"categories":[16],"tags":[],"acf":[],"yoast_head":"<!-- This site is optimized with the Yoast SEO plugin v18.4.1 - https:\/\/yoast.com\/wordpress\/plugins\/seo\/ -->\n<title>Concert exceptionnel Emotion Piano Duo - Office de tourisme Couesnon Marches de Bretagne<\/title>\n<meta name=\"robots\" content=\"index, follow, max-snippet:-1, max-image-preview:large, max-video-preview:-1\" \/>\n<link rel=\"canonical\" href=\"https:\/\/www.tourisme-marchesdebretagne.com\/en\/concert-exceptionnel-emotion-piano-duo\/\" \/>\n<meta property=\"og:locale\" content=\"en_US\" \/>\n<meta property=\"og:type\" content=\"article\" \/>\n<meta property=\"og:title\" content=\"Concert exceptionnel Emotion Piano Duo - Office de tourisme Couesnon Marches de Bretagne\" \/>\n<meta property=\"og:description\" content=\"L&#8217;association des Amis de Bonnefontaine vous convie \u00e0 un concert exceptionnel dans la Salle Haute du ch\u00e2teau. Thibaud et Julie de Rohan Chabot accueilleront au ch\u00e2teau de Bonnefontaine, dans ce lieu charg\u00e9 d&#8217;Histoire, L\u00e9a Costard, L\u00e9a Yoanna Adam et Denis Ivanov ainsi que les \u00e9l\u00e8ves du coll\u00e8ge Saint-Andr\u00e9 d&#8217;Antrain. Au programme : des \u0153uvres de [&hellip;]\" \/>\n<meta property=\"og:url\" content=\"https:\/\/www.tourisme-marchesdebretagne.com\/en\/concert-exceptionnel-emotion-piano-duo\/\" \/>\n<meta property=\"og:site_name\" content=\"Office de tourisme Couesnon Marches de Bretagne\" \/>\n<meta property=\"article:published_time\" content=\"2025-09-28T05:50:42+00:00\" \/>\n<meta property=\"article:modified_time\" content=\"2025-10-04T13:46:47+00:00\" \/>\n<meta property=\"og:image\" content=\"https:\/\/www.tourisme-marchesdebretagne.com\/wp-content\/uploads\/2025\/09\/2025-concert-4-oct-2025-Bonnefontaine.jpeg\" \/>\n\t<meta property=\"og:image:width\" content=\"650\" \/>\n\t<meta property=\"og:image:height\" content=\"974\" \/>\n\t<meta property=\"og:image:type\" content=\"image\/jpeg\" \/>\n<meta name=\"twitter:card\" content=\"summary_large_image\" \/>\n<script type=\"application\/ld+json\" class=\"yoast-schema-graph\">{\"@context\":\"https:\/\/schema.org\",\"@graph\":[{\"@type\":\"Organization\",\"@id\":\"https:\/\/www.tourisme-marchesdebretagne.com\/en\/#organization\",\"name\":\"R\u00e9sultats de recherche R\u00e9sultats Web http:\/\/www.tourisme-marchesdebretagne.com\/www.tourisme-marchesdebretagne.com \u203a marches March\u00e9s - Office de Tourisme Couesnon Marches de Bretagne\",\"url\":\"https:\/\/www.tourisme-marchesdebretagne.com\/en\/\",\"sameAs\":[],\"logo\":{\"@type\":\"ImageObject\",\"@id\":\"https:\/\/www.tourisme-marchesdebretagne.com\/en\/#logo\",\"inLanguage\":\"en-US\",\"url\":\"https:\/\/www.tourisme-marchesdebretagne.com\/wp-content\/uploads\/2019\/12\/header_logo_grand.png\",\"contentUrl\":\"https:\/\/www.tourisme-marchesdebretagne.com\/wp-content\/uploads\/2019\/12\/header_logo_grand.png\",\"width\":280,\"height\":76,\"caption\":\"R\u00e9sultats de recherche R\u00e9sultats Web http:\/\/www.tourisme-marchesdebretagne.com\/www.tourisme-marchesdebretagne.com \u203a marches March\u00e9s - Office de Tourisme Couesnon Marches de Bretagne\"},\"image\":{\"@id\":\"https:\/\/www.tourisme-marchesdebretagne.com\/en\/#logo\"}},{\"@type\":\"WebSite\",\"@id\":\"https:\/\/www.tourisme-marchesdebretagne.com\/en\/#website\",\"url\":\"https:\/\/www.tourisme-marchesdebretagne.com\/en\/\",\"name\":\"Office de tourisme Couesnon Marches de Bretagne\",\"description\":\"Le site officiel de l&#039;Office de Tourisme Couesnon Marches de Bretagne \u00e0 Bazouges-la-P\u00e9rouse et Maen Roch en Ille-et-Vilaine.\",\"publisher\":{\"@id\":\"https:\/\/www.tourisme-marchesdebretagne.com\/en\/#organization\"},\"potentialAction\":[{\"@type\":\"SearchAction\",\"target\":{\"@type\":\"EntryPoint\",\"urlTemplate\":\"https:\/\/www.tourisme-marchesdebretagne.com\/en\/?s={search_term_string}\"},\"query-input\":\"required name=search_term_string\"}],\"inLanguage\":\"en-US\"},{\"@type\":\"ImageObject\",\"@id\":\"https:\/\/www.tourisme-marchesdebretagne.com\/en\/concert-exceptionnel-emotion-piano-duo\/#primaryimage\",\"inLanguage\":\"en-US\",\"url\":\"https:\/\/www.tourisme-marchesdebretagne.com\/wp-content\/uploads\/2025\/09\/2025-concert-4-oct-2025-Bonnefontaine.jpeg\",\"contentUrl\":\"https:\/\/www.tourisme-marchesdebretagne.com\/wp-content\/uploads\/2025\/09\/2025-concert-4-oct-2025-Bonnefontaine.jpeg\",\"width\":650,\"height\":974},{\"@type\":\"WebPage\",\"@id\":\"https:\/\/www.tourisme-marchesdebretagne.com\/en\/concert-exceptionnel-emotion-piano-duo\/#webpage\",\"url\":\"https:\/\/www.tourisme-marchesdebretagne.com\/en\/concert-exceptionnel-emotion-piano-duo\/\",\"name\":\"Concert exceptionnel Emotion Piano Duo - Office de tourisme Couesnon Marches de Bretagne\",\"isPartOf\":{\"@id\":\"https:\/\/www.tourisme-marchesdebretagne.com\/en\/#website\"},\"primaryImageOfPage\":{\"@id\":\"https:\/\/www.tourisme-marchesdebretagne.com\/en\/concert-exceptionnel-emotion-piano-duo\/#primaryimage\"},\"datePublished\":\"2025-09-28T05:50:42+00:00\",\"dateModified\":\"2025-10-04T13:46:47+00:00\",\"breadcrumb\":{\"@id\":\"https:\/\/www.tourisme-marchesdebretagne.com\/en\/concert-exceptionnel-emotion-piano-duo\/#breadcrumb\"},\"inLanguage\":\"en-US\",\"potentialAction\":[{\"@type\":\"ReadAction\",\"target\":[\"https:\/\/www.tourisme-marchesdebretagne.com\/en\/concert-exceptionnel-emotion-piano-duo\/\"]}]},{\"@type\":\"BreadcrumbList\",\"@id\":\"https:\/\/www.tourisme-marchesdebretagne.com\/en\/concert-exceptionnel-emotion-piano-duo\/#breadcrumb\",\"itemListElement\":[{\"@type\":\"ListItem\",\"position\":1,\"name\":\"Accueil\",\"item\":\"https:\/\/www.tourisme-marchesdebretagne.com\/en\/\"},{\"@type\":\"ListItem\",\"position\":2,\"name\":\"Agenda\",\"item\":\"https:\/\/www.tourisme-marchesdebretagne.com\/en\/category\/agenda\/\"},{\"@type\":\"ListItem\",\"position\":3,\"name\":\"Concert exceptionnel Emotion Piano Duo\"}]},{\"@type\":\"Article\",\"@id\":\"https:\/\/www.tourisme-marchesdebretagne.com\/en\/concert-exceptionnel-emotion-piano-duo\/#article\",\"isPartOf\":{\"@id\":\"https:\/\/www.tourisme-marchesdebretagne.com\/en\/concert-exceptionnel-emotion-piano-duo\/#webpage\"},\"author\":{\"@id\":\"\"},\"headline\":\"Concert exceptionnel Emotion Piano Duo\",\"datePublished\":\"2025-09-28T05:50:42+00:00\",\"dateModified\":\"2025-10-04T13:46:47+00:00\",\"mainEntityOfPage\":{\"@id\":\"https:\/\/www.tourisme-marchesdebretagne.com\/en\/concert-exceptionnel-emotion-piano-duo\/#webpage\"},\"wordCount\":100,\"publisher\":{\"@id\":\"https:\/\/www.tourisme-marchesdebretagne.com\/en\/#organization\"},\"image\":{\"@id\":\"https:\/\/www.tourisme-marchesdebretagne.com\/en\/concert-exceptionnel-emotion-piano-duo\/#primaryimage\"},\"thumbnailUrl\":\"https:\/\/www.tourisme-marchesdebretagne.com\/wp-content\/uploads\/2025\/09\/2025-concert-4-oct-2025-Bonnefontaine.jpeg\",\"articleSection\":[\"Agenda\"],\"inLanguage\":\"en-US\"}]}<\/script>\n<!-- \/ Yoast SEO plugin. -->","yoast_head_json":{"title":"Concert exceptionnel Emotion Piano Duo - Office de tourisme Couesnon Marches de Bretagne","robots":{"index":"index","follow":"follow","max-snippet":"max-snippet:-1","max-image-preview":"max-image-preview:large","max-video-preview":"max-video-preview:-1"},"canonical":"https:\/\/www.tourisme-marchesdebretagne.com\/en\/concert-exceptionnel-emotion-piano-duo\/","og_locale":"en_US","og_type":"article","og_title":"Concert exceptionnel Emotion Piano Duo - Office de tourisme Couesnon Marches de Bretagne","og_description":"L&#8217;association des Amis de Bonnefontaine vous convie \u00e0 un concert exceptionnel dans la Salle Haute du ch\u00e2teau. Thibaud et Julie de Rohan Chabot accueilleront au ch\u00e2teau de Bonnefontaine, dans ce lieu charg\u00e9 d&#8217;Histoire, L\u00e9a Costard, L\u00e9a Yoanna Adam et Denis Ivanov ainsi que les \u00e9l\u00e8ves du coll\u00e8ge Saint-Andr\u00e9 d&#8217;Antrain. Au programme : des \u0153uvres de [&hellip;]","og_url":"https:\/\/www.tourisme-marchesdebretagne.com\/en\/concert-exceptionnel-emotion-piano-duo\/","og_site_name":"Office de tourisme Couesnon Marches de Bretagne","article_published_time":"2025-09-28T05:50:42+00:00","article_modified_time":"2025-10-04T13:46:47+00:00","og_image":[{"width":650,"height":974,"url":"https:\/\/www.tourisme-marchesdebretagne.com\/wp-content\/uploads\/2025\/09\/2025-concert-4-oct-2025-Bonnefontaine.jpeg","type":"image\/jpeg"}],"twitter_card":"summary_large_image","schema":{"@context":"https:\/\/schema.org","@graph":[{"@type":"Organization","@id":"https:\/\/www.tourisme-marchesdebretagne.com\/en\/#organization","name":"R\u00e9sultats de recherche R\u00e9sultats Web http:\/\/www.tourisme-marchesdebretagne.com\/www.tourisme-marchesdebretagne.com \u203a marches March\u00e9s - Office de Tourisme Couesnon Marches de Bretagne","url":"https:\/\/www.tourisme-marchesdebretagne.com\/en\/","sameAs":[],"logo":{"@type":"ImageObject","@id":"https:\/\/www.tourisme-marchesdebretagne.com\/en\/#logo","inLanguage":"en-US","url":"https:\/\/www.tourisme-marchesdebretagne.com\/wp-content\/uploads\/2019\/12\/header_logo_grand.png","contentUrl":"https:\/\/www.tourisme-marchesdebretagne.com\/wp-content\/uploads\/2019\/12\/header_logo_grand.png","width":280,"height":76,"caption":"R\u00e9sultats de recherche R\u00e9sultats Web http:\/\/www.tourisme-marchesdebretagne.com\/www.tourisme-marchesdebretagne.com \u203a marches March\u00e9s - Office de Tourisme Couesnon Marches de Bretagne"},"image":{"@id":"https:\/\/www.tourisme-marchesdebretagne.com\/en\/#logo"}},{"@type":"WebSite","@id":"https:\/\/www.tourisme-marchesdebretagne.com\/en\/#website","url":"https:\/\/www.tourisme-marchesdebretagne.com\/en\/","name":"Office de tourisme Couesnon Marches de Bretagne","description":"Le site officiel de l&#039;Office de Tourisme Couesnon Marches de Bretagne \u00e0 Bazouges-la-P\u00e9rouse et Maen Roch en Ille-et-Vilaine.","publisher":{"@id":"https:\/\/www.tourisme-marchesdebretagne.com\/en\/#organization"},"potentialAction":[{"@type":"SearchAction","target":{"@type":"EntryPoint","urlTemplate":"https:\/\/www.tourisme-marchesdebretagne.com\/en\/?s={search_term_string}"},"query-input":"required name=search_term_string"}],"inLanguage":"en-US"},{"@type":"ImageObject","@id":"https:\/\/www.tourisme-marchesdebretagne.com\/en\/concert-exceptionnel-emotion-piano-duo\/#primaryimage","inLanguage":"en-US","url":"https:\/\/www.tourisme-marchesdebretagne.com\/wp-content\/uploads\/2025\/09\/2025-concert-4-oct-2025-Bonnefontaine.jpeg","contentUrl":"https:\/\/www.tourisme-marchesdebretagne.com\/wp-content\/uploads\/2025\/09\/2025-concert-4-oct-2025-Bonnefontaine.jpeg","width":650,"height":974},{"@type":"WebPage","@id":"https:\/\/www.tourisme-marchesdebretagne.com\/en\/concert-exceptionnel-emotion-piano-duo\/#webpage","url":"https:\/\/www.tourisme-marchesdebretagne.com\/en\/concert-exceptionnel-emotion-piano-duo\/","name":"Concert exceptionnel Emotion Piano Duo - Office de tourisme Couesnon Marches de Bretagne","isPartOf":{"@id":"https:\/\/www.tourisme-marchesdebretagne.com\/en\/#website"},"primaryImageOfPage":{"@id":"https:\/\/www.tourisme-marchesdebretagne.com\/en\/concert-exceptionnel-emotion-piano-duo\/#primaryimage"},"datePublished":"2025-09-28T05:50:42+00:00","dateModified":"2025-10-04T13:46:47+00:00","breadcrumb":{"@id":"https:\/\/www.tourisme-marchesdebretagne.com\/en\/concert-exceptionnel-emotion-piano-duo\/#breadcrumb"},"inLanguage":"en-US","potentialAction":[{"@type":"ReadAction","target":["https:\/\/www.tourisme-marchesdebretagne.com\/en\/concert-exceptionnel-emotion-piano-duo\/"]}]},{"@type":"BreadcrumbList","@id":"https:\/\/www.tourisme-marchesdebretagne.com\/en\/concert-exceptionnel-emotion-piano-duo\/#breadcrumb","itemListElement":[{"@type":"ListItem","position":1,"name":"Accueil","item":"https:\/\/www.tourisme-marchesdebretagne.com\/en\/"},{"@type":"ListItem","position":2,"name":"Agenda","item":"https:\/\/www.tourisme-marchesdebretagne.com\/en\/category\/agenda\/"},{"@type":"ListItem","position":3,"name":"Concert exceptionnel Emotion Piano Duo"}]},{"@type":"Article","@id":"https:\/\/www.tourisme-marchesdebretagne.com\/en\/concert-exceptionnel-emotion-piano-duo\/#article","isPartOf":{"@id":"https:\/\/www.tourisme-marchesdebretagne.com\/en\/concert-exceptionnel-emotion-piano-duo\/#webpage"},"author":{"@id":""},"headline":"Concert exceptionnel Emotion Piano Duo","datePublished":"2025-09-28T05:50:42+00:00","dateModified":"2025-10-04T13:46:47+00:00","mainEntityOfPage":{"@id":"https:\/\/www.tourisme-marchesdebretagne.com\/en\/concert-exceptionnel-emotion-piano-duo\/#webpage"},"wordCount":100,"publisher":{"@id":"https:\/\/www.tourisme-marchesdebretagne.com\/en\/#organization"},"image":{"@id":"https:\/\/www.tourisme-marchesdebretagne.com\/en\/concert-exceptionnel-emotion-piano-duo\/#primaryimage"},"thumbnailUrl":"https:\/\/www.tourisme-marchesdebretagne.com\/wp-content\/uploads\/2025\/09\/2025-concert-4-oct-2025-Bonnefontaine.jpeg","articleSection":["Agenda"],"inLanguage":"en-US"}]}},"_links":{"self":[{"href":"https:\/\/www.tourisme-marchesdebretagne.com\/en\/wp-json\/wp\/v2\/posts\/239675"}],"collection":[{"href":"https:\/\/www.tourisme-marchesdebretagne.com\/en\/wp-json\/wp\/v2\/posts"}],"about":[{"href":"https:\/\/www.tourisme-marchesdebretagne.com\/en\/wp-json\/wp\/v2\/types\/post"}],"replies":[{"embeddable":true,"href":"https:\/\/www.tourisme-marchesdebretagne.com\/en\/wp-json\/wp\/v2\/comments?post=239675"}],"version-history":[{"count":1,"href":"https:\/\/www.tourisme-marchesdebretagne.com\/en\/wp-json\/wp\/v2\/posts\/239675\/revisions"}],"predecessor-version":[{"id":239678,"href":"https:\/\/www.tourisme-marchesdebretagne.com\/en\/wp-json\/wp\/v2\/posts\/239675\/revisions\/239678"}],"wp:featuredmedia":[{"embeddable":true,"href":"https:\/\/www.tourisme-marchesdebretagne.com\/en\/wp-json\/wp\/v2\/media\/239676"}],"wp:attachment":[{"href":"https:\/\/www.tourisme-marchesdebretagne.com\/en\/wp-json\/wp\/v2\/media?parent=239675"}],"wp:term":[{"taxonomy":"category","embeddable":true,"href":"https:\/\/www.tourisme-marchesdebretagne.com\/en\/wp-json\/wp\/v2\/categories?post=239675"},{"taxonomy":"post_tag","embeddable":true,"href":"https:\/\/www.tourisme-marchesdebretagne.com\/en\/wp-json\/wp\/v2\/tags?post=239675"}],"curies":[{"name":"wp","href":"https:\/\/api.w.org\/{rel}","templated":true}]}}