{"id":239706,"date":"2025-10-09T07:53:18","date_gmt":"2025-10-09T05:53:18","guid":{"rendered":"https:\/\/www.tourisme-marchesdebretagne.com\/semaines-du-tourisme-economique-la-ferme-de-la-rondaie\/"},"modified":"2025-10-30T12:51:24","modified_gmt":"2025-10-30T11:51:24","slug":"semaines-du-tourisme-economique-la-ferme-de-la-rondaie","status":"publish","type":"post","link":"https:\/\/www.tourisme-marchesdebretagne.com\/en\/semaines-du-tourisme-economique-la-ferme-de-la-rondaie\/","title":{"rendered":"Semaines du Tourisme Economique &#8211; La Ferme de la Rondaie"},"content":{"rendered":"<p>Visite guid\u00e9e d&#8217;1h30 \u00e0 l&#8217;occasion des Semaines du Tourisme Economique et des Savoir-Faire.<\/p>\n<p>Nich\u00e9e dans une vall\u00e9e, depuis trois g\u00e9n\u00e9rations, la ferme de la famille Barbelette a toujours eu comme principale production la viande de porc. En 1992, L\u00e9on, p\u00e8re d\u2019Herv\u00e9, a d\u00e9cid\u00e9 d\u2019adjoindre \u00e0 l\u2019\u00e9levage une charcuterie pour transformer ses propres produits selon les m\u00e9thodes traditionnelle de fabrication. Herv\u00e9 lui a succ\u00e9d\u00e9 en 1999.<br \/>\nIl vous propose une visite d\u2019environ 1h30 \u00e0 la d\u00e9couverte des diff\u00e9rents espaces de la ferme ainsi que de l\u2019\u00e9levage des 200 porcs \u00e9lev\u00e9s sur paille et engraiss\u00e9s aux c\u00e9r\u00e9ales \u00e0 la charcuterie.<br \/>\nUne d\u00e9gustation des produits de la ferme sera propos\u00e9e en fin de visite.<\/p>\n<p>Vente possible en fin de visite.<\/p>\n<p>3 visites sont propos\u00e9es : le jeudi 23, le mercredi 29 et le jeudi 30 octobre \u00e0 14h30.<\/p>\n<p>R\u00e9servations obligatoires sur le site de la Semaine du Tourisme Economique et des Savoir-Faire ou aupr\u00e8s de l\u2019Office de Tourisme Couesnon Marches de Bretagne (places limit\u00e9s).<\/p>\n","protected":false},"excerpt":{"rendered":"<p>Visite guid\u00e9e d&#8217;1h30 \u00e0 l&#8217;occasion des Semaines du Tourisme Economique et des Savoir-Faire. Nich\u00e9e dans une vall\u00e9e, depuis trois g\u00e9n\u00e9rations, la ferme de la famille Barbelette a toujours eu comme principale production la viande de porc. En 1992, L\u00e9on, p\u00e8re d\u2019Herv\u00e9, a d\u00e9cid\u00e9 d\u2019adjoindre \u00e0 l\u2019\u00e9levage une charcuterie pour transformer ses propres produits selon les [&hellip;]<\/p>\n","protected":false},"author":0,"featured_media":239707,"comment_status":"closed","ping_status":"open","sticky":false,"template":"","format":"standard","meta":{"footnotes":""},"categories":[16],"tags":[],"acf":[],"yoast_head":"<!-- This site is optimized with the Yoast SEO plugin v18.4.1 - https:\/\/yoast.com\/wordpress\/plugins\/seo\/ -->\n<title>Semaines du Tourisme Economique - La Ferme de la Rondaie - Office de tourisme Couesnon Marches de Bretagne<\/title>\n<meta name=\"robots\" content=\"index, follow, max-snippet:-1, max-image-preview:large, max-video-preview:-1\" \/>\n<link rel=\"canonical\" href=\"https:\/\/www.tourisme-marchesdebretagne.com\/en\/semaines-du-tourisme-economique-la-ferme-de-la-rondaie\/\" \/>\n<meta property=\"og:locale\" content=\"en_US\" \/>\n<meta property=\"og:type\" content=\"article\" \/>\n<meta property=\"og:title\" content=\"Semaines du Tourisme Economique - La Ferme de la Rondaie - Office de tourisme Couesnon Marches de Bretagne\" \/>\n<meta property=\"og:description\" content=\"Visite guid\u00e9e d&#8217;1h30 \u00e0 l&#8217;occasion des Semaines du Tourisme Economique et des Savoir-Faire. Nich\u00e9e dans une vall\u00e9e, depuis trois g\u00e9n\u00e9rations, la ferme de la famille Barbelette a toujours eu comme principale production la viande de porc. En 1992, L\u00e9on, p\u00e8re d\u2019Herv\u00e9, a d\u00e9cid\u00e9 d\u2019adjoindre \u00e0 l\u2019\u00e9levage une charcuterie pour transformer ses propres produits selon les [&hellip;]\" \/>\n<meta property=\"og:url\" content=\"https:\/\/www.tourisme-marchesdebretagne.com\/en\/semaines-du-tourisme-economique-la-ferme-de-la-rondaie\/\" \/>\n<meta property=\"og:site_name\" content=\"Office de tourisme Couesnon Marches de Bretagne\" \/>\n<meta property=\"article:published_time\" content=\"2025-10-09T05:53:18+00:00\" \/>\n<meta property=\"article:modified_time\" content=\"2025-10-30T11:51:24+00:00\" \/>\n<meta property=\"og:image\" content=\"https:\/\/www.tourisme-marchesdebretagne.com\/wp-content\/uploads\/2025\/10\/Jambon-Rondaie.jpg\" \/>\n\t<meta property=\"og:image:width\" content=\"1000\" \/>\n\t<meta property=\"og:image:height\" content=\"750\" \/>\n\t<meta property=\"og:image:type\" content=\"image\/jpeg\" \/>\n<meta name=\"twitter:card\" content=\"summary_large_image\" \/>\n<meta name=\"twitter:label1\" content=\"Est. reading time\" \/>\n\t<meta name=\"twitter:data1\" content=\"1 minute\" \/>\n<script type=\"application\/ld+json\" class=\"yoast-schema-graph\">{\"@context\":\"https:\/\/schema.org\",\"@graph\":[{\"@type\":\"Organization\",\"@id\":\"https:\/\/www.tourisme-marchesdebretagne.com\/en\/#organization\",\"name\":\"R\u00e9sultats de recherche R\u00e9sultats Web http:\/\/www.tourisme-marchesdebretagne.com\/www.tourisme-marchesdebretagne.com \u203a marches March\u00e9s - Office de Tourisme Couesnon Marches de Bretagne\",\"url\":\"https:\/\/www.tourisme-marchesdebretagne.com\/en\/\",\"sameAs\":[],\"logo\":{\"@type\":\"ImageObject\",\"@id\":\"https:\/\/www.tourisme-marchesdebretagne.com\/en\/#logo\",\"inLanguage\":\"en-US\",\"url\":\"https:\/\/www.tourisme-marchesdebretagne.com\/wp-content\/uploads\/2019\/12\/header_logo_grand.png\",\"contentUrl\":\"https:\/\/www.tourisme-marchesdebretagne.com\/wp-content\/uploads\/2019\/12\/header_logo_grand.png\",\"width\":280,\"height\":76,\"caption\":\"R\u00e9sultats de recherche R\u00e9sultats Web http:\/\/www.tourisme-marchesdebretagne.com\/www.tourisme-marchesdebretagne.com \u203a marches March\u00e9s - Office de Tourisme Couesnon Marches de Bretagne\"},\"image\":{\"@id\":\"https:\/\/www.tourisme-marchesdebretagne.com\/en\/#logo\"}},{\"@type\":\"WebSite\",\"@id\":\"https:\/\/www.tourisme-marchesdebretagne.com\/en\/#website\",\"url\":\"https:\/\/www.tourisme-marchesdebretagne.com\/en\/\",\"name\":\"Office de tourisme Couesnon Marches de Bretagne\",\"description\":\"Le site officiel de l&#039;Office de Tourisme Couesnon Marches de Bretagne \u00e0 Bazouges-la-P\u00e9rouse et Maen Roch en Ille-et-Vilaine.\",\"publisher\":{\"@id\":\"https:\/\/www.tourisme-marchesdebretagne.com\/en\/#organization\"},\"potentialAction\":[{\"@type\":\"SearchAction\",\"target\":{\"@type\":\"EntryPoint\",\"urlTemplate\":\"https:\/\/www.tourisme-marchesdebretagne.com\/en\/?s={search_term_string}\"},\"query-input\":\"required name=search_term_string\"}],\"inLanguage\":\"en-US\"},{\"@type\":\"ImageObject\",\"@id\":\"https:\/\/www.tourisme-marchesdebretagne.com\/en\/semaines-du-tourisme-economique-la-ferme-de-la-rondaie\/#primaryimage\",\"inLanguage\":\"en-US\",\"url\":\"https:\/\/www.tourisme-marchesdebretagne.com\/wp-content\/uploads\/2025\/10\/Jambon-Rondaie.jpg\",\"contentUrl\":\"https:\/\/www.tourisme-marchesdebretagne.com\/wp-content\/uploads\/2025\/10\/Jambon-Rondaie.jpg\",\"width\":1000,\"height\":750},{\"@type\":\"WebPage\",\"@id\":\"https:\/\/www.tourisme-marchesdebretagne.com\/en\/semaines-du-tourisme-economique-la-ferme-de-la-rondaie\/#webpage\",\"url\":\"https:\/\/www.tourisme-marchesdebretagne.com\/en\/semaines-du-tourisme-economique-la-ferme-de-la-rondaie\/\",\"name\":\"Semaines du Tourisme Economique - La Ferme de la Rondaie - Office de tourisme Couesnon Marches de Bretagne\",\"isPartOf\":{\"@id\":\"https:\/\/www.tourisme-marchesdebretagne.com\/en\/#website\"},\"primaryImageOfPage\":{\"@id\":\"https:\/\/www.tourisme-marchesdebretagne.com\/en\/semaines-du-tourisme-economique-la-ferme-de-la-rondaie\/#primaryimage\"},\"datePublished\":\"2025-10-09T05:53:18+00:00\",\"dateModified\":\"2025-10-30T11:51:24+00:00\",\"breadcrumb\":{\"@id\":\"https:\/\/www.tourisme-marchesdebretagne.com\/en\/semaines-du-tourisme-economique-la-ferme-de-la-rondaie\/#breadcrumb\"},\"inLanguage\":\"en-US\",\"potentialAction\":[{\"@type\":\"ReadAction\",\"target\":[\"https:\/\/www.tourisme-marchesdebretagne.com\/en\/semaines-du-tourisme-economique-la-ferme-de-la-rondaie\/\"]}]},{\"@type\":\"BreadcrumbList\",\"@id\":\"https:\/\/www.tourisme-marchesdebretagne.com\/en\/semaines-du-tourisme-economique-la-ferme-de-la-rondaie\/#breadcrumb\",\"itemListElement\":[{\"@type\":\"ListItem\",\"position\":1,\"name\":\"Accueil\",\"item\":\"https:\/\/www.tourisme-marchesdebretagne.com\/en\/\"},{\"@type\":\"ListItem\",\"position\":2,\"name\":\"Agenda\",\"item\":\"https:\/\/www.tourisme-marchesdebretagne.com\/en\/category\/agenda\/\"},{\"@type\":\"ListItem\",\"position\":3,\"name\":\"Semaines du Tourisme Economique &#8211; La Ferme de la Rondaie\"}]},{\"@type\":\"Article\",\"@id\":\"https:\/\/www.tourisme-marchesdebretagne.com\/en\/semaines-du-tourisme-economique-la-ferme-de-la-rondaie\/#article\",\"isPartOf\":{\"@id\":\"https:\/\/www.tourisme-marchesdebretagne.com\/en\/semaines-du-tourisme-economique-la-ferme-de-la-rondaie\/#webpage\"},\"author\":{\"@id\":\"\"},\"headline\":\"Semaines du Tourisme Economique &#8211; La Ferme de la Rondaie\",\"datePublished\":\"2025-10-09T05:53:18+00:00\",\"dateModified\":\"2025-10-30T11:51:24+00:00\",\"mainEntityOfPage\":{\"@id\":\"https:\/\/www.tourisme-marchesdebretagne.com\/en\/semaines-du-tourisme-economique-la-ferme-de-la-rondaie\/#webpage\"},\"wordCount\":187,\"publisher\":{\"@id\":\"https:\/\/www.tourisme-marchesdebretagne.com\/en\/#organization\"},\"image\":{\"@id\":\"https:\/\/www.tourisme-marchesdebretagne.com\/en\/semaines-du-tourisme-economique-la-ferme-de-la-rondaie\/#primaryimage\"},\"thumbnailUrl\":\"https:\/\/www.tourisme-marchesdebretagne.com\/wp-content\/uploads\/2025\/10\/Jambon-Rondaie.jpg\",\"articleSection\":[\"Agenda\"],\"inLanguage\":\"en-US\"}]}<\/script>\n<!-- \/ Yoast SEO plugin. -->","yoast_head_json":{"title":"Semaines du Tourisme Economique - La Ferme de la Rondaie - Office de tourisme Couesnon Marches de Bretagne","robots":{"index":"index","follow":"follow","max-snippet":"max-snippet:-1","max-image-preview":"max-image-preview:large","max-video-preview":"max-video-preview:-1"},"canonical":"https:\/\/www.tourisme-marchesdebretagne.com\/en\/semaines-du-tourisme-economique-la-ferme-de-la-rondaie\/","og_locale":"en_US","og_type":"article","og_title":"Semaines du Tourisme Economique - La Ferme de la Rondaie - Office de tourisme Couesnon Marches de Bretagne","og_description":"Visite guid\u00e9e d&#8217;1h30 \u00e0 l&#8217;occasion des Semaines du Tourisme Economique et des Savoir-Faire. Nich\u00e9e dans une vall\u00e9e, depuis trois g\u00e9n\u00e9rations, la ferme de la famille Barbelette a toujours eu comme principale production la viande de porc. En 1992, L\u00e9on, p\u00e8re d\u2019Herv\u00e9, a d\u00e9cid\u00e9 d\u2019adjoindre \u00e0 l\u2019\u00e9levage une charcuterie pour transformer ses propres produits selon les [&hellip;]","og_url":"https:\/\/www.tourisme-marchesdebretagne.com\/en\/semaines-du-tourisme-economique-la-ferme-de-la-rondaie\/","og_site_name":"Office de tourisme Couesnon Marches de Bretagne","article_published_time":"2025-10-09T05:53:18+00:00","article_modified_time":"2025-10-30T11:51:24+00:00","og_image":[{"width":1000,"height":750,"url":"https:\/\/www.tourisme-marchesdebretagne.com\/wp-content\/uploads\/2025\/10\/Jambon-Rondaie.jpg","type":"image\/jpeg"}],"twitter_card":"summary_large_image","twitter_misc":{"Est. reading time":"1 minute"},"schema":{"@context":"https:\/\/schema.org","@graph":[{"@type":"Organization","@id":"https:\/\/www.tourisme-marchesdebretagne.com\/en\/#organization","name":"R\u00e9sultats de recherche R\u00e9sultats Web http:\/\/www.tourisme-marchesdebretagne.com\/www.tourisme-marchesdebretagne.com \u203a marches March\u00e9s - Office de Tourisme Couesnon Marches de Bretagne","url":"https:\/\/www.tourisme-marchesdebretagne.com\/en\/","sameAs":[],"logo":{"@type":"ImageObject","@id":"https:\/\/www.tourisme-marchesdebretagne.com\/en\/#logo","inLanguage":"en-US","url":"https:\/\/www.tourisme-marchesdebretagne.com\/wp-content\/uploads\/2019\/12\/header_logo_grand.png","contentUrl":"https:\/\/www.tourisme-marchesdebretagne.com\/wp-content\/uploads\/2019\/12\/header_logo_grand.png","width":280,"height":76,"caption":"R\u00e9sultats de recherche R\u00e9sultats Web http:\/\/www.tourisme-marchesdebretagne.com\/www.tourisme-marchesdebretagne.com \u203a marches March\u00e9s - Office de Tourisme Couesnon Marches de Bretagne"},"image":{"@id":"https:\/\/www.tourisme-marchesdebretagne.com\/en\/#logo"}},{"@type":"WebSite","@id":"https:\/\/www.tourisme-marchesdebretagne.com\/en\/#website","url":"https:\/\/www.tourisme-marchesdebretagne.com\/en\/","name":"Office de tourisme Couesnon Marches de Bretagne","description":"Le site officiel de l&#039;Office de Tourisme Couesnon Marches de Bretagne \u00e0 Bazouges-la-P\u00e9rouse et Maen Roch en Ille-et-Vilaine.","publisher":{"@id":"https:\/\/www.tourisme-marchesdebretagne.com\/en\/#organization"},"potentialAction":[{"@type":"SearchAction","target":{"@type":"EntryPoint","urlTemplate":"https:\/\/www.tourisme-marchesdebretagne.com\/en\/?s={search_term_string}"},"query-input":"required name=search_term_string"}],"inLanguage":"en-US"},{"@type":"ImageObject","@id":"https:\/\/www.tourisme-marchesdebretagne.com\/en\/semaines-du-tourisme-economique-la-ferme-de-la-rondaie\/#primaryimage","inLanguage":"en-US","url":"https:\/\/www.tourisme-marchesdebretagne.com\/wp-content\/uploads\/2025\/10\/Jambon-Rondaie.jpg","contentUrl":"https:\/\/www.tourisme-marchesdebretagne.com\/wp-content\/uploads\/2025\/10\/Jambon-Rondaie.jpg","width":1000,"height":750},{"@type":"WebPage","@id":"https:\/\/www.tourisme-marchesdebretagne.com\/en\/semaines-du-tourisme-economique-la-ferme-de-la-rondaie\/#webpage","url":"https:\/\/www.tourisme-marchesdebretagne.com\/en\/semaines-du-tourisme-economique-la-ferme-de-la-rondaie\/","name":"Semaines du Tourisme Economique - La Ferme de la Rondaie - Office de tourisme Couesnon Marches de Bretagne","isPartOf":{"@id":"https:\/\/www.tourisme-marchesdebretagne.com\/en\/#website"},"primaryImageOfPage":{"@id":"https:\/\/www.tourisme-marchesdebretagne.com\/en\/semaines-du-tourisme-economique-la-ferme-de-la-rondaie\/#primaryimage"},"datePublished":"2025-10-09T05:53:18+00:00","dateModified":"2025-10-30T11:51:24+00:00","breadcrumb":{"@id":"https:\/\/www.tourisme-marchesdebretagne.com\/en\/semaines-du-tourisme-economique-la-ferme-de-la-rondaie\/#breadcrumb"},"inLanguage":"en-US","potentialAction":[{"@type":"ReadAction","target":["https:\/\/www.tourisme-marchesdebretagne.com\/en\/semaines-du-tourisme-economique-la-ferme-de-la-rondaie\/"]}]},{"@type":"BreadcrumbList","@id":"https:\/\/www.tourisme-marchesdebretagne.com\/en\/semaines-du-tourisme-economique-la-ferme-de-la-rondaie\/#breadcrumb","itemListElement":[{"@type":"ListItem","position":1,"name":"Accueil","item":"https:\/\/www.tourisme-marchesdebretagne.com\/en\/"},{"@type":"ListItem","position":2,"name":"Agenda","item":"https:\/\/www.tourisme-marchesdebretagne.com\/en\/category\/agenda\/"},{"@type":"ListItem","position":3,"name":"Semaines du Tourisme Economique &#8211; La Ferme de la Rondaie"}]},{"@type":"Article","@id":"https:\/\/www.tourisme-marchesdebretagne.com\/en\/semaines-du-tourisme-economique-la-ferme-de-la-rondaie\/#article","isPartOf":{"@id":"https:\/\/www.tourisme-marchesdebretagne.com\/en\/semaines-du-tourisme-economique-la-ferme-de-la-rondaie\/#webpage"},"author":{"@id":""},"headline":"Semaines du Tourisme Economique &#8211; La Ferme de la Rondaie","datePublished":"2025-10-09T05:53:18+00:00","dateModified":"2025-10-30T11:51:24+00:00","mainEntityOfPage":{"@id":"https:\/\/www.tourisme-marchesdebretagne.com\/en\/semaines-du-tourisme-economique-la-ferme-de-la-rondaie\/#webpage"},"wordCount":187,"publisher":{"@id":"https:\/\/www.tourisme-marchesdebretagne.com\/en\/#organization"},"image":{"@id":"https:\/\/www.tourisme-marchesdebretagne.com\/en\/semaines-du-tourisme-economique-la-ferme-de-la-rondaie\/#primaryimage"},"thumbnailUrl":"https:\/\/www.tourisme-marchesdebretagne.com\/wp-content\/uploads\/2025\/10\/Jambon-Rondaie.jpg","articleSection":["Agenda"],"inLanguage":"en-US"}]}},"_links":{"self":[{"href":"https:\/\/www.tourisme-marchesdebretagne.com\/en\/wp-json\/wp\/v2\/posts\/239706"}],"collection":[{"href":"https:\/\/www.tourisme-marchesdebretagne.com\/en\/wp-json\/wp\/v2\/posts"}],"about":[{"href":"https:\/\/www.tourisme-marchesdebretagne.com\/en\/wp-json\/wp\/v2\/types\/post"}],"replies":[{"embeddable":true,"href":"https:\/\/www.tourisme-marchesdebretagne.com\/en\/wp-json\/wp\/v2\/comments?post=239706"}],"version-history":[{"count":2,"href":"https:\/\/www.tourisme-marchesdebretagne.com\/en\/wp-json\/wp\/v2\/posts\/239706\/revisions"}],"predecessor-version":[{"id":239897,"href":"https:\/\/www.tourisme-marchesdebretagne.com\/en\/wp-json\/wp\/v2\/posts\/239706\/revisions\/239897"}],"wp:featuredmedia":[{"embeddable":true,"href":"https:\/\/www.tourisme-marchesdebretagne.com\/en\/wp-json\/wp\/v2\/media\/239707"}],"wp:attachment":[{"href":"https:\/\/www.tourisme-marchesdebretagne.com\/en\/wp-json\/wp\/v2\/media?parent=239706"}],"wp:term":[{"taxonomy":"category","embeddable":true,"href":"https:\/\/www.tourisme-marchesdebretagne.com\/en\/wp-json\/wp\/v2\/categories?post=239706"},{"taxonomy":"post_tag","embeddable":true,"href":"https:\/\/www.tourisme-marchesdebretagne.com\/en\/wp-json\/wp\/v2\/tags?post=239706"}],"curies":[{"name":"wp","href":"https:\/\/api.w.org\/{rel}","templated":true}]}}