{"id":241053,"date":"2026-01-15T07:49:49","date_gmt":"2026-01-15T06:49:49","guid":{"rendered":"https:\/\/www.tourisme-marchesdebretagne.com\/parcours-spectacle-echos-du-sous-sol\/"},"modified":"2026-04-27T05:01:39","modified_gmt":"2026-04-27T03:01:39","slug":"parcours-spectacle-echos-du-sous-sol","status":"publish","type":"post","link":"https:\/\/www.tourisme-marchesdebretagne.com\/en\/parcours-spectacle-echos-du-sous-sol\/","title":{"rendered":"Parcours\/Spectacle : Echos du sous-sol"},"content":{"rendered":"<p>Culture Couesnon Marches de Bretagne vous propose une journ\u00e9e dans le cadre du \u00abPrintemps des cimeti\u00e8res \u00bb, un \u00e9v\u00e9nement national du 8 au 11 mai 2026, d\u00e9di\u00e9 \u00e0 la d\u00e9couverte du patrimoine fun\u00e9raire.<\/p>\n<p>Un parcours-spectacle par l&#8217;Atelier des Possibles.<\/p>\n<p>Lorsqu\u2019un jour on lui demande : \u00ab Et vous, o\u00f9 sont vos morts ? \u00bb, Elsa d\u00e9couvre avec stup\u00e9faction qu\u2019elle ne sait pas o\u00f9 sont enterr\u00e9s ses anc\u00eatres. Elle d\u00e9cide de partir \u00e0 leur recherche. D\u00e9marre alors une enqu\u00eate travers\u00e9e par une galerie de personnages hauts en couleurs. Entre Paris et la Bretagne, elle rencontrera tour \u00e0 tour un inconnu qui s\u00e8me des cailloux sur les tombes, une grand-m\u00e8re volubile, un postier pour l\u2019au-del\u00e0, une fonctionnaire z\u00e9l\u00e9e.<\/p>\n<p>Ce spectacle insolite prend la forme d\u2019une d\u00e9ambulation immersive dans un cimeti\u00e8re. Entre lieux de m\u00e9moire, transmission familiale et identit\u00e9 personnelle, il nous interroge : faut-il savoir o\u00f9 sont nos morts pour savoir<br \/>\nqui nous sommes ? Une invitation \u00e0 pr\u00eater une oreille plus attentive \u00e0 la voix des morts, pour mieux la m\u00ealer \u00e0 celle des vivants.<\/p>\n<p>Accueil en partenariat avec l\u2019association Tri Maouez.<\/p>\n<p>Tout public d\u00e8s 12 ans.<br \/>\nDe 6 \u00e0 12\u20ac.<\/p>\n<p>Autour du spectacle :<\/p>\n<p>Visite guid\u00e9e du cimeti\u00e8re : d\u00e9couvertes patrimoniales et matrimoniales en lien avec la d\u00e9marche de labellisation Pays d\u2019Art et d\u2019Histoire.<br \/>\nDimanche 10 mai .<br \/>\nDeux cr\u00e9neaux de visites : 10h et 11h15.<br \/>\nDur\u00e9e de la visite : 1H.<br \/>\nTout public d\u00e8s 12 ans.<br \/>\nGratuit &amp; R\u00e9servation conseill\u00e9e.<\/p>\n","protected":false},"excerpt":{"rendered":"<p>Culture Couesnon Marches de Bretagne vous propose une journ\u00e9e dans le cadre du \u00abPrintemps des cimeti\u00e8res \u00bb, un \u00e9v\u00e9nement national du 8 au 11 mai 2026, d\u00e9di\u00e9 \u00e0 la d\u00e9couverte du patrimoine fun\u00e9raire. Un parcours-spectacle par l&#8217;Atelier des Possibles. Lorsqu\u2019un jour on lui demande : \u00ab Et vous, o\u00f9 sont vos morts ? \u00bb, Elsa [&hellip;]<\/p>\n","protected":false},"author":0,"featured_media":241054,"comment_status":"closed","ping_status":"open","sticky":false,"template":"","format":"standard","meta":{"footnotes":""},"categories":[16],"tags":[],"acf":[],"yoast_head":"<!-- This site is optimized with the Yoast SEO plugin v18.4.1 - https:\/\/yoast.com\/wordpress\/plugins\/seo\/ -->\n<title>Parcours\/Spectacle : Echos du sous-sol - Office de tourisme Couesnon Marches de Bretagne<\/title>\n<meta name=\"robots\" content=\"index, follow, max-snippet:-1, max-image-preview:large, max-video-preview:-1\" \/>\n<link rel=\"canonical\" href=\"https:\/\/www.tourisme-marchesdebretagne.com\/en\/parcours-spectacle-echos-du-sous-sol\/\" \/>\n<meta property=\"og:locale\" content=\"en_US\" \/>\n<meta property=\"og:type\" content=\"article\" \/>\n<meta property=\"og:title\" content=\"Parcours\/Spectacle : Echos du sous-sol - Office de tourisme Couesnon Marches de Bretagne\" \/>\n<meta property=\"og:description\" content=\"Culture Couesnon Marches de Bretagne vous propose une journ\u00e9e dans le cadre du \u00abPrintemps des cimeti\u00e8res \u00bb, un \u00e9v\u00e9nement national du 8 au 11 mai 2026, d\u00e9di\u00e9 \u00e0 la d\u00e9couverte du patrimoine fun\u00e9raire. Un parcours-spectacle par l&#8217;Atelier des Possibles. Lorsqu\u2019un jour on lui demande : \u00ab Et vous, o\u00f9 sont vos morts ? \u00bb, Elsa [&hellip;]\" \/>\n<meta property=\"og:url\" content=\"https:\/\/www.tourisme-marchesdebretagne.com\/en\/parcours-spectacle-echos-du-sous-sol\/\" \/>\n<meta property=\"og:site_name\" content=\"Office de tourisme Couesnon Marches de Bretagne\" \/>\n<meta property=\"article:published_time\" content=\"2026-01-15T06:49:49+00:00\" \/>\n<meta property=\"article:modified_time\" content=\"2026-04-27T03:01:39+00:00\" \/>\n<meta property=\"og:image\" content=\"https:\/\/www.tourisme-marchesdebretagne.com\/wp-content\/uploads\/2026\/01\/parcours-spectacle-echos-du-sous-sol.jpeg\" \/>\n\t<meta property=\"og:image:width\" content=\"800\" \/>\n\t<meta property=\"og:image:height\" content=\"533\" \/>\n\t<meta property=\"og:image:type\" content=\"image\/jpeg\" \/>\n<meta name=\"twitter:card\" content=\"summary_large_image\" \/>\n<meta name=\"twitter:label1\" content=\"Est. reading time\" \/>\n\t<meta name=\"twitter:data1\" content=\"1 minute\" \/>\n<script type=\"application\/ld+json\" class=\"yoast-schema-graph\">{\"@context\":\"https:\/\/schema.org\",\"@graph\":[{\"@type\":\"Organization\",\"@id\":\"https:\/\/www.tourisme-marchesdebretagne.com\/en\/#organization\",\"name\":\"R\u00e9sultats de recherche R\u00e9sultats Web http:\/\/www.tourisme-marchesdebretagne.com\/www.tourisme-marchesdebretagne.com \u203a marches March\u00e9s - Office de Tourisme Couesnon Marches de Bretagne\",\"url\":\"https:\/\/www.tourisme-marchesdebretagne.com\/en\/\",\"sameAs\":[],\"logo\":{\"@type\":\"ImageObject\",\"@id\":\"https:\/\/www.tourisme-marchesdebretagne.com\/en\/#logo\",\"inLanguage\":\"en-US\",\"url\":\"https:\/\/www.tourisme-marchesdebretagne.com\/wp-content\/uploads\/2019\/12\/header_logo_grand.png\",\"contentUrl\":\"https:\/\/www.tourisme-marchesdebretagne.com\/wp-content\/uploads\/2019\/12\/header_logo_grand.png\",\"width\":280,\"height\":76,\"caption\":\"R\u00e9sultats de recherche R\u00e9sultats Web http:\/\/www.tourisme-marchesdebretagne.com\/www.tourisme-marchesdebretagne.com \u203a marches March\u00e9s - Office de Tourisme Couesnon Marches de Bretagne\"},\"image\":{\"@id\":\"https:\/\/www.tourisme-marchesdebretagne.com\/en\/#logo\"}},{\"@type\":\"WebSite\",\"@id\":\"https:\/\/www.tourisme-marchesdebretagne.com\/en\/#website\",\"url\":\"https:\/\/www.tourisme-marchesdebretagne.com\/en\/\",\"name\":\"Office de tourisme Couesnon Marches de Bretagne\",\"description\":\"Le site officiel de l&#039;Office de Tourisme Couesnon Marches de Bretagne \u00e0 Bazouges-la-P\u00e9rouse et Maen Roch en Ille-et-Vilaine.\",\"publisher\":{\"@id\":\"https:\/\/www.tourisme-marchesdebretagne.com\/en\/#organization\"},\"potentialAction\":[{\"@type\":\"SearchAction\",\"target\":{\"@type\":\"EntryPoint\",\"urlTemplate\":\"https:\/\/www.tourisme-marchesdebretagne.com\/en\/?s={search_term_string}\"},\"query-input\":\"required name=search_term_string\"}],\"inLanguage\":\"en-US\"},{\"@type\":\"ImageObject\",\"@id\":\"https:\/\/www.tourisme-marchesdebretagne.com\/en\/parcours-spectacle-echos-du-sous-sol\/#primaryimage\",\"inLanguage\":\"en-US\",\"url\":\"https:\/\/www.tourisme-marchesdebretagne.com\/wp-content\/uploads\/2026\/01\/parcours-spectacle-echos-du-sous-sol.jpeg\",\"contentUrl\":\"https:\/\/www.tourisme-marchesdebretagne.com\/wp-content\/uploads\/2026\/01\/parcours-spectacle-echos-du-sous-sol.jpeg\",\"width\":800,\"height\":533},{\"@type\":\"WebPage\",\"@id\":\"https:\/\/www.tourisme-marchesdebretagne.com\/en\/parcours-spectacle-echos-du-sous-sol\/#webpage\",\"url\":\"https:\/\/www.tourisme-marchesdebretagne.com\/en\/parcours-spectacle-echos-du-sous-sol\/\",\"name\":\"Parcours\/Spectacle : Echos du sous-sol - Office de tourisme Couesnon Marches de Bretagne\",\"isPartOf\":{\"@id\":\"https:\/\/www.tourisme-marchesdebretagne.com\/en\/#website\"},\"primaryImageOfPage\":{\"@id\":\"https:\/\/www.tourisme-marchesdebretagne.com\/en\/parcours-spectacle-echos-du-sous-sol\/#primaryimage\"},\"datePublished\":\"2026-01-15T06:49:49+00:00\",\"dateModified\":\"2026-04-27T03:01:39+00:00\",\"breadcrumb\":{\"@id\":\"https:\/\/www.tourisme-marchesdebretagne.com\/en\/parcours-spectacle-echos-du-sous-sol\/#breadcrumb\"},\"inLanguage\":\"en-US\",\"potentialAction\":[{\"@type\":\"ReadAction\",\"target\":[\"https:\/\/www.tourisme-marchesdebretagne.com\/en\/parcours-spectacle-echos-du-sous-sol\/\"]}]},{\"@type\":\"BreadcrumbList\",\"@id\":\"https:\/\/www.tourisme-marchesdebretagne.com\/en\/parcours-spectacle-echos-du-sous-sol\/#breadcrumb\",\"itemListElement\":[{\"@type\":\"ListItem\",\"position\":1,\"name\":\"Accueil\",\"item\":\"https:\/\/www.tourisme-marchesdebretagne.com\/en\/\"},{\"@type\":\"ListItem\",\"position\":2,\"name\":\"Agenda\",\"item\":\"https:\/\/www.tourisme-marchesdebretagne.com\/en\/category\/agenda\/\"},{\"@type\":\"ListItem\",\"position\":3,\"name\":\"Parcours\/Spectacle : Echos du sous-sol\"}]},{\"@type\":\"Article\",\"@id\":\"https:\/\/www.tourisme-marchesdebretagne.com\/en\/parcours-spectacle-echos-du-sous-sol\/#article\",\"isPartOf\":{\"@id\":\"https:\/\/www.tourisme-marchesdebretagne.com\/en\/parcours-spectacle-echos-du-sous-sol\/#webpage\"},\"author\":{\"@id\":\"\"},\"headline\":\"Parcours\/Spectacle : Echos du sous-sol\",\"datePublished\":\"2026-01-15T06:49:49+00:00\",\"dateModified\":\"2026-04-27T03:01:39+00:00\",\"mainEntityOfPage\":{\"@id\":\"https:\/\/www.tourisme-marchesdebretagne.com\/en\/parcours-spectacle-echos-du-sous-sol\/#webpage\"},\"wordCount\":259,\"publisher\":{\"@id\":\"https:\/\/www.tourisme-marchesdebretagne.com\/en\/#organization\"},\"image\":{\"@id\":\"https:\/\/www.tourisme-marchesdebretagne.com\/en\/parcours-spectacle-echos-du-sous-sol\/#primaryimage\"},\"thumbnailUrl\":\"https:\/\/www.tourisme-marchesdebretagne.com\/wp-content\/uploads\/2026\/01\/parcours-spectacle-echos-du-sous-sol.jpeg\",\"articleSection\":[\"Agenda\"],\"inLanguage\":\"en-US\"}]}<\/script>\n<!-- \/ Yoast SEO plugin. -->","yoast_head_json":{"title":"Parcours\/Spectacle : Echos du sous-sol - Office de tourisme Couesnon Marches de Bretagne","robots":{"index":"index","follow":"follow","max-snippet":"max-snippet:-1","max-image-preview":"max-image-preview:large","max-video-preview":"max-video-preview:-1"},"canonical":"https:\/\/www.tourisme-marchesdebretagne.com\/en\/parcours-spectacle-echos-du-sous-sol\/","og_locale":"en_US","og_type":"article","og_title":"Parcours\/Spectacle : Echos du sous-sol - Office de tourisme Couesnon Marches de Bretagne","og_description":"Culture Couesnon Marches de Bretagne vous propose une journ\u00e9e dans le cadre du \u00abPrintemps des cimeti\u00e8res \u00bb, un \u00e9v\u00e9nement national du 8 au 11 mai 2026, d\u00e9di\u00e9 \u00e0 la d\u00e9couverte du patrimoine fun\u00e9raire. Un parcours-spectacle par l&#8217;Atelier des Possibles. Lorsqu\u2019un jour on lui demande : \u00ab Et vous, o\u00f9 sont vos morts ? \u00bb, Elsa [&hellip;]","og_url":"https:\/\/www.tourisme-marchesdebretagne.com\/en\/parcours-spectacle-echos-du-sous-sol\/","og_site_name":"Office de tourisme Couesnon Marches de Bretagne","article_published_time":"2026-01-15T06:49:49+00:00","article_modified_time":"2026-04-27T03:01:39+00:00","og_image":[{"width":800,"height":533,"url":"https:\/\/www.tourisme-marchesdebretagne.com\/wp-content\/uploads\/2026\/01\/parcours-spectacle-echos-du-sous-sol.jpeg","type":"image\/jpeg"}],"twitter_card":"summary_large_image","twitter_misc":{"Est. reading time":"1 minute"},"schema":{"@context":"https:\/\/schema.org","@graph":[{"@type":"Organization","@id":"https:\/\/www.tourisme-marchesdebretagne.com\/en\/#organization","name":"R\u00e9sultats de recherche R\u00e9sultats Web http:\/\/www.tourisme-marchesdebretagne.com\/www.tourisme-marchesdebretagne.com \u203a marches March\u00e9s - Office de Tourisme Couesnon Marches de Bretagne","url":"https:\/\/www.tourisme-marchesdebretagne.com\/en\/","sameAs":[],"logo":{"@type":"ImageObject","@id":"https:\/\/www.tourisme-marchesdebretagne.com\/en\/#logo","inLanguage":"en-US","url":"https:\/\/www.tourisme-marchesdebretagne.com\/wp-content\/uploads\/2019\/12\/header_logo_grand.png","contentUrl":"https:\/\/www.tourisme-marchesdebretagne.com\/wp-content\/uploads\/2019\/12\/header_logo_grand.png","width":280,"height":76,"caption":"R\u00e9sultats de recherche R\u00e9sultats Web http:\/\/www.tourisme-marchesdebretagne.com\/www.tourisme-marchesdebretagne.com \u203a marches March\u00e9s - Office de Tourisme Couesnon Marches de Bretagne"},"image":{"@id":"https:\/\/www.tourisme-marchesdebretagne.com\/en\/#logo"}},{"@type":"WebSite","@id":"https:\/\/www.tourisme-marchesdebretagne.com\/en\/#website","url":"https:\/\/www.tourisme-marchesdebretagne.com\/en\/","name":"Office de tourisme Couesnon Marches de Bretagne","description":"Le site officiel de l&#039;Office de Tourisme Couesnon Marches de Bretagne \u00e0 Bazouges-la-P\u00e9rouse et Maen Roch en Ille-et-Vilaine.","publisher":{"@id":"https:\/\/www.tourisme-marchesdebretagne.com\/en\/#organization"},"potentialAction":[{"@type":"SearchAction","target":{"@type":"EntryPoint","urlTemplate":"https:\/\/www.tourisme-marchesdebretagne.com\/en\/?s={search_term_string}"},"query-input":"required name=search_term_string"}],"inLanguage":"en-US"},{"@type":"ImageObject","@id":"https:\/\/www.tourisme-marchesdebretagne.com\/en\/parcours-spectacle-echos-du-sous-sol\/#primaryimage","inLanguage":"en-US","url":"https:\/\/www.tourisme-marchesdebretagne.com\/wp-content\/uploads\/2026\/01\/parcours-spectacle-echos-du-sous-sol.jpeg","contentUrl":"https:\/\/www.tourisme-marchesdebretagne.com\/wp-content\/uploads\/2026\/01\/parcours-spectacle-echos-du-sous-sol.jpeg","width":800,"height":533},{"@type":"WebPage","@id":"https:\/\/www.tourisme-marchesdebretagne.com\/en\/parcours-spectacle-echos-du-sous-sol\/#webpage","url":"https:\/\/www.tourisme-marchesdebretagne.com\/en\/parcours-spectacle-echos-du-sous-sol\/","name":"Parcours\/Spectacle : Echos du sous-sol - Office de tourisme Couesnon Marches de Bretagne","isPartOf":{"@id":"https:\/\/www.tourisme-marchesdebretagne.com\/en\/#website"},"primaryImageOfPage":{"@id":"https:\/\/www.tourisme-marchesdebretagne.com\/en\/parcours-spectacle-echos-du-sous-sol\/#primaryimage"},"datePublished":"2026-01-15T06:49:49+00:00","dateModified":"2026-04-27T03:01:39+00:00","breadcrumb":{"@id":"https:\/\/www.tourisme-marchesdebretagne.com\/en\/parcours-spectacle-echos-du-sous-sol\/#breadcrumb"},"inLanguage":"en-US","potentialAction":[{"@type":"ReadAction","target":["https:\/\/www.tourisme-marchesdebretagne.com\/en\/parcours-spectacle-echos-du-sous-sol\/"]}]},{"@type":"BreadcrumbList","@id":"https:\/\/www.tourisme-marchesdebretagne.com\/en\/parcours-spectacle-echos-du-sous-sol\/#breadcrumb","itemListElement":[{"@type":"ListItem","position":1,"name":"Accueil","item":"https:\/\/www.tourisme-marchesdebretagne.com\/en\/"},{"@type":"ListItem","position":2,"name":"Agenda","item":"https:\/\/www.tourisme-marchesdebretagne.com\/en\/category\/agenda\/"},{"@type":"ListItem","position":3,"name":"Parcours\/Spectacle : Echos du sous-sol"}]},{"@type":"Article","@id":"https:\/\/www.tourisme-marchesdebretagne.com\/en\/parcours-spectacle-echos-du-sous-sol\/#article","isPartOf":{"@id":"https:\/\/www.tourisme-marchesdebretagne.com\/en\/parcours-spectacle-echos-du-sous-sol\/#webpage"},"author":{"@id":""},"headline":"Parcours\/Spectacle : Echos du sous-sol","datePublished":"2026-01-15T06:49:49+00:00","dateModified":"2026-04-27T03:01:39+00:00","mainEntityOfPage":{"@id":"https:\/\/www.tourisme-marchesdebretagne.com\/en\/parcours-spectacle-echos-du-sous-sol\/#webpage"},"wordCount":259,"publisher":{"@id":"https:\/\/www.tourisme-marchesdebretagne.com\/en\/#organization"},"image":{"@id":"https:\/\/www.tourisme-marchesdebretagne.com\/en\/parcours-spectacle-echos-du-sous-sol\/#primaryimage"},"thumbnailUrl":"https:\/\/www.tourisme-marchesdebretagne.com\/wp-content\/uploads\/2026\/01\/parcours-spectacle-echos-du-sous-sol.jpeg","articleSection":["Agenda"],"inLanguage":"en-US"}]}},"_links":{"self":[{"href":"https:\/\/www.tourisme-marchesdebretagne.com\/en\/wp-json\/wp\/v2\/posts\/241053"}],"collection":[{"href":"https:\/\/www.tourisme-marchesdebretagne.com\/en\/wp-json\/wp\/v2\/posts"}],"about":[{"href":"https:\/\/www.tourisme-marchesdebretagne.com\/en\/wp-json\/wp\/v2\/types\/post"}],"replies":[{"embeddable":true,"href":"https:\/\/www.tourisme-marchesdebretagne.com\/en\/wp-json\/wp\/v2\/comments?post=241053"}],"version-history":[{"count":15,"href":"https:\/\/www.tourisme-marchesdebretagne.com\/en\/wp-json\/wp\/v2\/posts\/241053\/revisions"}],"predecessor-version":[{"id":242804,"href":"https:\/\/www.tourisme-marchesdebretagne.com\/en\/wp-json\/wp\/v2\/posts\/241053\/revisions\/242804"}],"wp:featuredmedia":[{"embeddable":true,"href":"https:\/\/www.tourisme-marchesdebretagne.com\/en\/wp-json\/wp\/v2\/media\/241054"}],"wp:attachment":[{"href":"https:\/\/www.tourisme-marchesdebretagne.com\/en\/wp-json\/wp\/v2\/media?parent=241053"}],"wp:term":[{"taxonomy":"category","embeddable":true,"href":"https:\/\/www.tourisme-marchesdebretagne.com\/en\/wp-json\/wp\/v2\/categories?post=241053"},{"taxonomy":"post_tag","embeddable":true,"href":"https:\/\/www.tourisme-marchesdebretagne.com\/en\/wp-json\/wp\/v2\/tags?post=241053"}],"curies":[{"name":"wp","href":"https:\/\/api.w.org\/{rel}","templated":true}]}}