{"id":241111,"date":"2026-01-16T07:55:25","date_gmt":"2026-01-16T06:55:25","guid":{"rendered":"https:\/\/www.tourisme-marchesdebretagne.com\/les-patrimoines-de-mon-territoire-exposition\/"},"modified":"2026-04-27T05:01:39","modified_gmt":"2026-04-27T03:01:39","slug":"les-patrimoines-de-mon-territoire-exposition","status":"publish","type":"post","link":"https:\/\/www.tourisme-marchesdebretagne.com\/en\/les-patrimoines-de-mon-territoire-exposition\/","title":{"rendered":"Les Patrimoines de mon Territoire &#8211; Exposition"},"content":{"rendered":"<p>Culture Couesnon Marches de Bretagne vous invite \u00e0 venir d\u00e9couvrir les photographies du concours Pays d&#8217;Art et d&#8217;Histoire.<\/p>\n<p>Dans le cadre de sa candidature au label Pays d\u2019art et d\u2019histoire, la communaut\u00e9 de communes de Couesnon Marches de Bretagne a propos\u00e9 \u00e0 ses habitants, en 2025, d\u2019immortaliser les patrimoines qui les entourent \u00e0 l\u2019occasion d\u2019un concours photo. De Saint-Germain-en-Cogl\u00e8s \u00e0 Bazouges-la-P\u00e9rouse, d\u2019Antrain, Val-Couesnon \u00e0 Saint-Marc-le-Blanc, la possibilit\u00e9 de d\u00e9couvrir le territoire \u00e0 travers l&#8217;\u0153il et les \u00e9motions qu\u2019il procure \u00e0 celles et ceux qui l\u2019habitent !<\/p>\n<p>Tout public.<br \/>\nEntr\u00e9e libre et gratuite.<br \/>\nSur les horaires d\u2019ouverture habituels.<\/p>\n","protected":false},"excerpt":{"rendered":"<p>Culture Couesnon Marches de Bretagne vous invite \u00e0 venir d\u00e9couvrir les photographies du concours Pays d&#8217;Art et d&#8217;Histoire. Dans le cadre de sa candidature au label Pays d\u2019art et d\u2019histoire, la communaut\u00e9 de communes de Couesnon Marches de Bretagne a propos\u00e9 \u00e0 ses habitants, en 2025, d\u2019immortaliser les patrimoines qui les entourent \u00e0 l\u2019occasion d\u2019un [&hellip;]<\/p>\n","protected":false},"author":0,"featured_media":241112,"comment_status":"closed","ping_status":"open","sticky":false,"template":"","format":"standard","meta":{"footnotes":""},"categories":[16],"tags":[],"acf":[],"yoast_head":"<!-- This site is optimized with the Yoast SEO plugin v18.4.1 - https:\/\/yoast.com\/wordpress\/plugins\/seo\/ -->\n<title>Les Patrimoines de mon Territoire - Exposition - Office de tourisme Couesnon Marches de Bretagne<\/title>\n<meta name=\"robots\" content=\"index, follow, max-snippet:-1, max-image-preview:large, max-video-preview:-1\" \/>\n<link rel=\"canonical\" href=\"https:\/\/www.tourisme-marchesdebretagne.com\/en\/les-patrimoines-de-mon-territoire-exposition\/\" \/>\n<meta property=\"og:locale\" content=\"en_US\" \/>\n<meta property=\"og:type\" content=\"article\" \/>\n<meta property=\"og:title\" content=\"Les Patrimoines de mon Territoire - Exposition - Office de tourisme Couesnon Marches de Bretagne\" \/>\n<meta property=\"og:description\" content=\"Culture Couesnon Marches de Bretagne vous invite \u00e0 venir d\u00e9couvrir les photographies du concours Pays d&#8217;Art et d&#8217;Histoire. Dans le cadre de sa candidature au label Pays d\u2019art et d\u2019histoire, la communaut\u00e9 de communes de Couesnon Marches de Bretagne a propos\u00e9 \u00e0 ses habitants, en 2025, d\u2019immortaliser les patrimoines qui les entourent \u00e0 l\u2019occasion d\u2019un [&hellip;]\" \/>\n<meta property=\"og:url\" content=\"https:\/\/www.tourisme-marchesdebretagne.com\/en\/les-patrimoines-de-mon-territoire-exposition\/\" \/>\n<meta property=\"og:site_name\" content=\"Office de tourisme Couesnon Marches de Bretagne\" \/>\n<meta property=\"article:published_time\" content=\"2026-01-16T06:55:25+00:00\" \/>\n<meta property=\"article:modified_time\" content=\"2026-04-27T03:01:39+00:00\" \/>\n<meta property=\"og:image\" content=\"https:\/\/www.tourisme-marchesdebretagne.com\/wp-content\/uploads\/2026\/01\/exposition-les-patrimoines-de-mon-territoire-1.jpeg\" \/>\n\t<meta property=\"og:image:width\" content=\"800\" \/>\n\t<meta property=\"og:image:height\" content=\"533\" \/>\n\t<meta property=\"og:image:type\" content=\"image\/jpeg\" \/>\n<meta name=\"twitter:card\" content=\"summary_large_image\" \/>\n<meta name=\"twitter:label1\" content=\"Est. reading time\" \/>\n\t<meta name=\"twitter:data1\" content=\"1 minute\" \/>\n<script type=\"application\/ld+json\" class=\"yoast-schema-graph\">{\"@context\":\"https:\/\/schema.org\",\"@graph\":[{\"@type\":\"Organization\",\"@id\":\"https:\/\/www.tourisme-marchesdebretagne.com\/en\/#organization\",\"name\":\"R\u00e9sultats de recherche R\u00e9sultats Web http:\/\/www.tourisme-marchesdebretagne.com\/www.tourisme-marchesdebretagne.com \u203a marches March\u00e9s - Office de Tourisme Couesnon Marches de Bretagne\",\"url\":\"https:\/\/www.tourisme-marchesdebretagne.com\/en\/\",\"sameAs\":[],\"logo\":{\"@type\":\"ImageObject\",\"@id\":\"https:\/\/www.tourisme-marchesdebretagne.com\/en\/#logo\",\"inLanguage\":\"en-US\",\"url\":\"https:\/\/www.tourisme-marchesdebretagne.com\/wp-content\/uploads\/2019\/12\/header_logo_grand.png\",\"contentUrl\":\"https:\/\/www.tourisme-marchesdebretagne.com\/wp-content\/uploads\/2019\/12\/header_logo_grand.png\",\"width\":280,\"height\":76,\"caption\":\"R\u00e9sultats de recherche R\u00e9sultats Web http:\/\/www.tourisme-marchesdebretagne.com\/www.tourisme-marchesdebretagne.com \u203a marches March\u00e9s - Office de Tourisme Couesnon Marches de Bretagne\"},\"image\":{\"@id\":\"https:\/\/www.tourisme-marchesdebretagne.com\/en\/#logo\"}},{\"@type\":\"WebSite\",\"@id\":\"https:\/\/www.tourisme-marchesdebretagne.com\/en\/#website\",\"url\":\"https:\/\/www.tourisme-marchesdebretagne.com\/en\/\",\"name\":\"Office de tourisme Couesnon Marches de Bretagne\",\"description\":\"Le site officiel de l&#039;Office de Tourisme Couesnon Marches de Bretagne \u00e0 Bazouges-la-P\u00e9rouse et Maen Roch en Ille-et-Vilaine.\",\"publisher\":{\"@id\":\"https:\/\/www.tourisme-marchesdebretagne.com\/en\/#organization\"},\"potentialAction\":[{\"@type\":\"SearchAction\",\"target\":{\"@type\":\"EntryPoint\",\"urlTemplate\":\"https:\/\/www.tourisme-marchesdebretagne.com\/en\/?s={search_term_string}\"},\"query-input\":\"required name=search_term_string\"}],\"inLanguage\":\"en-US\"},{\"@type\":\"ImageObject\",\"@id\":\"https:\/\/www.tourisme-marchesdebretagne.com\/en\/les-patrimoines-de-mon-territoire-exposition\/#primaryimage\",\"inLanguage\":\"en-US\",\"url\":\"https:\/\/www.tourisme-marchesdebretagne.com\/wp-content\/uploads\/2026\/01\/exposition-les-patrimoines-de-mon-territoire-1.jpeg\",\"contentUrl\":\"https:\/\/www.tourisme-marchesdebretagne.com\/wp-content\/uploads\/2026\/01\/exposition-les-patrimoines-de-mon-territoire-1.jpeg\",\"width\":800,\"height\":533},{\"@type\":\"WebPage\",\"@id\":\"https:\/\/www.tourisme-marchesdebretagne.com\/en\/les-patrimoines-de-mon-territoire-exposition\/#webpage\",\"url\":\"https:\/\/www.tourisme-marchesdebretagne.com\/en\/les-patrimoines-de-mon-territoire-exposition\/\",\"name\":\"Les Patrimoines de mon Territoire - Exposition - Office de tourisme Couesnon Marches de Bretagne\",\"isPartOf\":{\"@id\":\"https:\/\/www.tourisme-marchesdebretagne.com\/en\/#website\"},\"primaryImageOfPage\":{\"@id\":\"https:\/\/www.tourisme-marchesdebretagne.com\/en\/les-patrimoines-de-mon-territoire-exposition\/#primaryimage\"},\"datePublished\":\"2026-01-16T06:55:25+00:00\",\"dateModified\":\"2026-04-27T03:01:39+00:00\",\"breadcrumb\":{\"@id\":\"https:\/\/www.tourisme-marchesdebretagne.com\/en\/les-patrimoines-de-mon-territoire-exposition\/#breadcrumb\"},\"inLanguage\":\"en-US\",\"potentialAction\":[{\"@type\":\"ReadAction\",\"target\":[\"https:\/\/www.tourisme-marchesdebretagne.com\/en\/les-patrimoines-de-mon-territoire-exposition\/\"]}]},{\"@type\":\"BreadcrumbList\",\"@id\":\"https:\/\/www.tourisme-marchesdebretagne.com\/en\/les-patrimoines-de-mon-territoire-exposition\/#breadcrumb\",\"itemListElement\":[{\"@type\":\"ListItem\",\"position\":1,\"name\":\"Accueil\",\"item\":\"https:\/\/www.tourisme-marchesdebretagne.com\/en\/\"},{\"@type\":\"ListItem\",\"position\":2,\"name\":\"Agenda\",\"item\":\"https:\/\/www.tourisme-marchesdebretagne.com\/en\/category\/agenda\/\"},{\"@type\":\"ListItem\",\"position\":3,\"name\":\"Les Patrimoines de mon Territoire &#8211; Exposition\"}]},{\"@type\":\"Article\",\"@id\":\"https:\/\/www.tourisme-marchesdebretagne.com\/en\/les-patrimoines-de-mon-territoire-exposition\/#article\",\"isPartOf\":{\"@id\":\"https:\/\/www.tourisme-marchesdebretagne.com\/en\/les-patrimoines-de-mon-territoire-exposition\/#webpage\"},\"author\":{\"@id\":\"\"},\"headline\":\"Les Patrimoines de mon Territoire &#8211; Exposition\",\"datePublished\":\"2026-01-16T06:55:25+00:00\",\"dateModified\":\"2026-04-27T03:01:39+00:00\",\"mainEntityOfPage\":{\"@id\":\"https:\/\/www.tourisme-marchesdebretagne.com\/en\/les-patrimoines-de-mon-territoire-exposition\/#webpage\"},\"wordCount\":110,\"publisher\":{\"@id\":\"https:\/\/www.tourisme-marchesdebretagne.com\/en\/#organization\"},\"image\":{\"@id\":\"https:\/\/www.tourisme-marchesdebretagne.com\/en\/les-patrimoines-de-mon-territoire-exposition\/#primaryimage\"},\"thumbnailUrl\":\"https:\/\/www.tourisme-marchesdebretagne.com\/wp-content\/uploads\/2026\/01\/exposition-les-patrimoines-de-mon-territoire-1.jpeg\",\"articleSection\":[\"Agenda\"],\"inLanguage\":\"en-US\"}]}<\/script>\n<!-- \/ Yoast SEO plugin. -->","yoast_head_json":{"title":"Les Patrimoines de mon Territoire - Exposition - Office de tourisme Couesnon Marches de Bretagne","robots":{"index":"index","follow":"follow","max-snippet":"max-snippet:-1","max-image-preview":"max-image-preview:large","max-video-preview":"max-video-preview:-1"},"canonical":"https:\/\/www.tourisme-marchesdebretagne.com\/en\/les-patrimoines-de-mon-territoire-exposition\/","og_locale":"en_US","og_type":"article","og_title":"Les Patrimoines de mon Territoire - Exposition - Office de tourisme Couesnon Marches de Bretagne","og_description":"Culture Couesnon Marches de Bretagne vous invite \u00e0 venir d\u00e9couvrir les photographies du concours Pays d&#8217;Art et d&#8217;Histoire. Dans le cadre de sa candidature au label Pays d\u2019art et d\u2019histoire, la communaut\u00e9 de communes de Couesnon Marches de Bretagne a propos\u00e9 \u00e0 ses habitants, en 2025, d\u2019immortaliser les patrimoines qui les entourent \u00e0 l\u2019occasion d\u2019un [&hellip;]","og_url":"https:\/\/www.tourisme-marchesdebretagne.com\/en\/les-patrimoines-de-mon-territoire-exposition\/","og_site_name":"Office de tourisme Couesnon Marches de Bretagne","article_published_time":"2026-01-16T06:55:25+00:00","article_modified_time":"2026-04-27T03:01:39+00:00","og_image":[{"width":800,"height":533,"url":"https:\/\/www.tourisme-marchesdebretagne.com\/wp-content\/uploads\/2026\/01\/exposition-les-patrimoines-de-mon-territoire-1.jpeg","type":"image\/jpeg"}],"twitter_card":"summary_large_image","twitter_misc":{"Est. reading time":"1 minute"},"schema":{"@context":"https:\/\/schema.org","@graph":[{"@type":"Organization","@id":"https:\/\/www.tourisme-marchesdebretagne.com\/en\/#organization","name":"R\u00e9sultats de recherche R\u00e9sultats Web http:\/\/www.tourisme-marchesdebretagne.com\/www.tourisme-marchesdebretagne.com \u203a marches March\u00e9s - Office de Tourisme Couesnon Marches de Bretagne","url":"https:\/\/www.tourisme-marchesdebretagne.com\/en\/","sameAs":[],"logo":{"@type":"ImageObject","@id":"https:\/\/www.tourisme-marchesdebretagne.com\/en\/#logo","inLanguage":"en-US","url":"https:\/\/www.tourisme-marchesdebretagne.com\/wp-content\/uploads\/2019\/12\/header_logo_grand.png","contentUrl":"https:\/\/www.tourisme-marchesdebretagne.com\/wp-content\/uploads\/2019\/12\/header_logo_grand.png","width":280,"height":76,"caption":"R\u00e9sultats de recherche R\u00e9sultats Web http:\/\/www.tourisme-marchesdebretagne.com\/www.tourisme-marchesdebretagne.com \u203a marches March\u00e9s - Office de Tourisme Couesnon Marches de Bretagne"},"image":{"@id":"https:\/\/www.tourisme-marchesdebretagne.com\/en\/#logo"}},{"@type":"WebSite","@id":"https:\/\/www.tourisme-marchesdebretagne.com\/en\/#website","url":"https:\/\/www.tourisme-marchesdebretagne.com\/en\/","name":"Office de tourisme Couesnon Marches de Bretagne","description":"Le site officiel de l&#039;Office de Tourisme Couesnon Marches de Bretagne \u00e0 Bazouges-la-P\u00e9rouse et Maen Roch en Ille-et-Vilaine.","publisher":{"@id":"https:\/\/www.tourisme-marchesdebretagne.com\/en\/#organization"},"potentialAction":[{"@type":"SearchAction","target":{"@type":"EntryPoint","urlTemplate":"https:\/\/www.tourisme-marchesdebretagne.com\/en\/?s={search_term_string}"},"query-input":"required name=search_term_string"}],"inLanguage":"en-US"},{"@type":"ImageObject","@id":"https:\/\/www.tourisme-marchesdebretagne.com\/en\/les-patrimoines-de-mon-territoire-exposition\/#primaryimage","inLanguage":"en-US","url":"https:\/\/www.tourisme-marchesdebretagne.com\/wp-content\/uploads\/2026\/01\/exposition-les-patrimoines-de-mon-territoire-1.jpeg","contentUrl":"https:\/\/www.tourisme-marchesdebretagne.com\/wp-content\/uploads\/2026\/01\/exposition-les-patrimoines-de-mon-territoire-1.jpeg","width":800,"height":533},{"@type":"WebPage","@id":"https:\/\/www.tourisme-marchesdebretagne.com\/en\/les-patrimoines-de-mon-territoire-exposition\/#webpage","url":"https:\/\/www.tourisme-marchesdebretagne.com\/en\/les-patrimoines-de-mon-territoire-exposition\/","name":"Les Patrimoines de mon Territoire - Exposition - Office de tourisme Couesnon Marches de Bretagne","isPartOf":{"@id":"https:\/\/www.tourisme-marchesdebretagne.com\/en\/#website"},"primaryImageOfPage":{"@id":"https:\/\/www.tourisme-marchesdebretagne.com\/en\/les-patrimoines-de-mon-territoire-exposition\/#primaryimage"},"datePublished":"2026-01-16T06:55:25+00:00","dateModified":"2026-04-27T03:01:39+00:00","breadcrumb":{"@id":"https:\/\/www.tourisme-marchesdebretagne.com\/en\/les-patrimoines-de-mon-territoire-exposition\/#breadcrumb"},"inLanguage":"en-US","potentialAction":[{"@type":"ReadAction","target":["https:\/\/www.tourisme-marchesdebretagne.com\/en\/les-patrimoines-de-mon-territoire-exposition\/"]}]},{"@type":"BreadcrumbList","@id":"https:\/\/www.tourisme-marchesdebretagne.com\/en\/les-patrimoines-de-mon-territoire-exposition\/#breadcrumb","itemListElement":[{"@type":"ListItem","position":1,"name":"Accueil","item":"https:\/\/www.tourisme-marchesdebretagne.com\/en\/"},{"@type":"ListItem","position":2,"name":"Agenda","item":"https:\/\/www.tourisme-marchesdebretagne.com\/en\/category\/agenda\/"},{"@type":"ListItem","position":3,"name":"Les Patrimoines de mon Territoire &#8211; Exposition"}]},{"@type":"Article","@id":"https:\/\/www.tourisme-marchesdebretagne.com\/en\/les-patrimoines-de-mon-territoire-exposition\/#article","isPartOf":{"@id":"https:\/\/www.tourisme-marchesdebretagne.com\/en\/les-patrimoines-de-mon-territoire-exposition\/#webpage"},"author":{"@id":""},"headline":"Les Patrimoines de mon Territoire &#8211; Exposition","datePublished":"2026-01-16T06:55:25+00:00","dateModified":"2026-04-27T03:01:39+00:00","mainEntityOfPage":{"@id":"https:\/\/www.tourisme-marchesdebretagne.com\/en\/les-patrimoines-de-mon-territoire-exposition\/#webpage"},"wordCount":110,"publisher":{"@id":"https:\/\/www.tourisme-marchesdebretagne.com\/en\/#organization"},"image":{"@id":"https:\/\/www.tourisme-marchesdebretagne.com\/en\/les-patrimoines-de-mon-territoire-exposition\/#primaryimage"},"thumbnailUrl":"https:\/\/www.tourisme-marchesdebretagne.com\/wp-content\/uploads\/2026\/01\/exposition-les-patrimoines-de-mon-territoire-1.jpeg","articleSection":["Agenda"],"inLanguage":"en-US"}]}},"_links":{"self":[{"href":"https:\/\/www.tourisme-marchesdebretagne.com\/en\/wp-json\/wp\/v2\/posts\/241111"}],"collection":[{"href":"https:\/\/www.tourisme-marchesdebretagne.com\/en\/wp-json\/wp\/v2\/posts"}],"about":[{"href":"https:\/\/www.tourisme-marchesdebretagne.com\/en\/wp-json\/wp\/v2\/types\/post"}],"replies":[{"embeddable":true,"href":"https:\/\/www.tourisme-marchesdebretagne.com\/en\/wp-json\/wp\/v2\/comments?post=241111"}],"version-history":[{"count":1,"href":"https:\/\/www.tourisme-marchesdebretagne.com\/en\/wp-json\/wp\/v2\/posts\/241111\/revisions"}],"predecessor-version":[{"id":241114,"href":"https:\/\/www.tourisme-marchesdebretagne.com\/en\/wp-json\/wp\/v2\/posts\/241111\/revisions\/241114"}],"wp:featuredmedia":[{"embeddable":true,"href":"https:\/\/www.tourisme-marchesdebretagne.com\/en\/wp-json\/wp\/v2\/media\/241112"}],"wp:attachment":[{"href":"https:\/\/www.tourisme-marchesdebretagne.com\/en\/wp-json\/wp\/v2\/media?parent=241111"}],"wp:term":[{"taxonomy":"category","embeddable":true,"href":"https:\/\/www.tourisme-marchesdebretagne.com\/en\/wp-json\/wp\/v2\/categories?post=241111"},{"taxonomy":"post_tag","embeddable":true,"href":"https:\/\/www.tourisme-marchesdebretagne.com\/en\/wp-json\/wp\/v2\/tags?post=241111"}],"curies":[{"name":"wp","href":"https:\/\/api.w.org\/{rel}","templated":true}]}}