{"id":241226,"date":"2026-01-21T16:27:36","date_gmt":"2026-01-21T15:27:36","guid":{"rendered":"https:\/\/www.tourisme-marchesdebretagne.com\/?p=241226"},"modified":"2026-01-21T16:28:12","modified_gmt":"2026-01-21T15:28:12","slug":"spectacle-terres-dhistoire","status":"publish","type":"post","link":"https:\/\/www.tourisme-marchesdebretagne.com\/en\/spectacle-terres-dhistoire\/","title":{"rendered":"Spectacle Terres d&#8217;Histoire"},"content":{"rendered":"<p><strong>Venez d\u00e9couvrir un grand spectacle son et lumi\u00e8re vous plongeant au c\u0153ur de l\u2019histoire de la Bretagne !<\/strong><br \/>\n<strong>Terres d\u2019Histoire offre une exp\u00e9rience compl\u00e8te, m\u00ealant festivit\u00e9s gr\u00e2ce \u00e0 son village m\u00e9di\u00e9val et son spectacle.<\/strong><\/p>\n<p>&nbsp;<\/p>\n<table style=\"border-collapse: collapse; width: 100%;\">\n<tbody>\n<tr>\n<td style=\"width: 50%;\"><a href=\"https:\/\/www.tourisme-marchesdebretagne.com\/spectacle-terres-dhistoire\/spectacle-terres-dhistoire-mets-toi-en-scene\/\" rel=\"attachment wp-att-241227\"><img loading=\"lazy\" decoding=\"async\" class=\"alignnone size-full wp-image-241227\" src=\"https:\/\/www.tourisme-marchesdebretagne.com\/wp-content\/uploads\/2026\/01\/Spectacle-Terres-dHistoire-\u00a9-Mets-toi-en-scene.jpg\" alt=\"\" width=\"900\" height=\"624\" srcset=\"https:\/\/www.tourisme-marchesdebretagne.com\/wp-content\/uploads\/2026\/01\/Spectacle-Terres-dHistoire-\u00a9-Mets-toi-en-scene.jpg 900w, https:\/\/www.tourisme-marchesdebretagne.com\/wp-content\/uploads\/2026\/01\/Spectacle-Terres-dHistoire-\u00a9-Mets-toi-en-scene-300x208.jpg 300w, https:\/\/www.tourisme-marchesdebretagne.com\/wp-content\/uploads\/2026\/01\/Spectacle-Terres-dHistoire-\u00a9-Mets-toi-en-scene-768x532.jpg 768w, https:\/\/www.tourisme-marchesdebretagne.com\/wp-content\/uploads\/2026\/01\/Spectacle-Terres-dHistoire-\u00a9-Mets-toi-en-scene-350x243.jpg 350w, https:\/\/www.tourisme-marchesdebretagne.com\/wp-content\/uploads\/2026\/01\/Spectacle-Terres-dHistoire-\u00a9-Mets-toi-en-scene-200x140.jpg 200w\" sizes=\"(max-width: 900px) 100vw, 900px\" \/><\/a><\/td>\n<td style=\"width: 50%;\"><a href=\"https:\/\/www.tourisme-marchesdebretagne.com\/spectacle-terres-dhistoire\/spectacle-terres-dhistoire-2-mets-toi-en-scene\/\" rel=\"attachment wp-att-241229\"><img loading=\"lazy\" decoding=\"async\" class=\"alignnone size-full wp-image-241229\" src=\"https:\/\/www.tourisme-marchesdebretagne.com\/wp-content\/uploads\/2026\/01\/Spectacle-Terres-dHistoire-2-\u00a9-Mets-toi-en-scene.jpg\" alt=\"\" width=\"900\" height=\"624\" srcset=\"https:\/\/www.tourisme-marchesdebretagne.com\/wp-content\/uploads\/2026\/01\/Spectacle-Terres-dHistoire-2-\u00a9-Mets-toi-en-scene.jpg 900w, https:\/\/www.tourisme-marchesdebretagne.com\/wp-content\/uploads\/2026\/01\/Spectacle-Terres-dHistoire-2-\u00a9-Mets-toi-en-scene-300x208.jpg 300w, https:\/\/www.tourisme-marchesdebretagne.com\/wp-content\/uploads\/2026\/01\/Spectacle-Terres-dHistoire-2-\u00a9-Mets-toi-en-scene-768x532.jpg 768w, https:\/\/www.tourisme-marchesdebretagne.com\/wp-content\/uploads\/2026\/01\/Spectacle-Terres-dHistoire-2-\u00a9-Mets-toi-en-scene-350x243.jpg 350w, https:\/\/www.tourisme-marchesdebretagne.com\/wp-content\/uploads\/2026\/01\/Spectacle-Terres-dHistoire-2-\u00a9-Mets-toi-en-scene-200x140.jpg 200w\" sizes=\"(max-width: 900px) 100vw, 900px\" \/><\/a><\/td>\n<\/tr>\n<\/tbody>\n<\/table>\n<p>&nbsp;<\/p>\n<p>La soir\u00e9e commence d\u00e8s 17h30 avec l\u2019ouverture du village d\u2019accueil, install\u00e9 sous les bois du parc du Fretay :<br \/>\nCe village anim\u00e9 transporte les visiteurs \u00e0 travers le temps avec une ambiance m\u00e9di\u00e9vale et un campement multi-\u00e9poques.<br \/>\nLes visiteurs peuvent profiter d\u2019une restauration et buvette\/bar diversifi\u00e9e, allant de plats v\u00e9g\u00e9tariens \u00e0 des sp\u00e9cialit\u00e9s traditionnelles, tout en explorant les animations vari\u00e9es, telles que des spectacles, danses, farces historiques et autres surprises rythment la soir\u00e9e, cr\u00e9ant un cadre chaleureux et convivial.<\/p>\n<p>Vers 22h15 d\u00e9bute le grand spectacle \u00ab\u00a0Terres d\u2019Histoire\u00a0\u00bb (ouverture des gradins vers 21h30) :<br \/>\nCe spectacle son et lumi\u00e8re de 1h40 s\u2019inspire de faits r\u00e9els tout en prenant certaines libert\u00e9s pour les romancer, offrant ainsi une exp\u00e9rience artistique immersive qui met en lumi\u00e8re l\u2019histoire fascinante de la Bretagne \u00e0 travers six actes.<br \/>\nDe la derni\u00e8re bataille viking au dernier Breton tomb\u00e9 lors de la Premi\u00e8re Guerre mondiale, en passant par des moments cl\u00e9s tels que la venue d\u2019Anne de Bretagne en 1505, l\u2019essor de l\u2019industrie du lin et l\u2019\u00e9lectrification de la premi\u00e8re commune bretonne, chaque acte prend vie \u00e0 travers une mise en sc\u00e8ne rythm\u00e9e, des chor\u00e9graphies, des effets pyrotechniques saisissants et une bande sonore originale.<\/p>\n<p>Le spectacle repose sur des mises en sc\u00e8ne dynamiques et des combats chor\u00e9graphi\u00e9s, guid\u00e9s par les quatre personnages du fil rouge, dont Maxime, un jeune arch\u00e9ologue stagiaire revenant sur les lieux de ses fouilles avec sa famille.<\/p>\n<p>Le spectacle est accessible \u00e0 tous gr\u00e2ce \u00e0 plusieurs am\u00e9nagements : un espace d\u00e9di\u00e9 aux personnes \u00e0 mobilit\u00e9 r\u00e9duite, un parking adapt\u00e9 ainsi qu\u2019une traduction en Langue des Signes Fran\u00e7aise (LSF) permettant aux spectateurs sourds et malentendants de suivre pleinement l\u2019histoire.<\/p>\n<p>&nbsp;<\/p>\n<h3><b>\u25a0 <\/b><strong>Informations pratiques &#8211; Edition 2026 :<\/strong><\/h3>\n<p>6 repr\u00e9sentations sont propos\u00e9es : les 3,4 , 10, 11, 17 et 18 juillet 2026.<\/p>\n<p>Formule repas spectacle au restaurant Le Casse Graine ou banquet m\u00e9di\u00e9val sur place.<\/p>\n<p>R\u00e9servation en ligne ou prochainement dans les locaux des Offices de Tourisme de Bazouges-la-P\u00e9rouse, Maen Roch et Foug\u00e8res.<\/p>\n","protected":false},"excerpt":{"rendered":"<p>Venez d\u00e9couvrir un grand spectacle son et lumi\u00e8re vous plongeant au c\u0153ur de l\u2019histoire de la Bretagne ! Terres d\u2019Histoire offre une exp\u00e9rience compl\u00e8te, m\u00ealant festivit\u00e9s gr\u00e2ce \u00e0 son village m\u00e9di\u00e9val et son spectacle. &nbsp; &nbsp; La soir\u00e9e commence d\u00e8s 17h30 avec l\u2019ouverture du village d\u2019accueil, install\u00e9 sous les bois du parc du Fretay : [&hellip;]<\/p>\n","protected":false},"author":2,"featured_media":241227,"comment_status":"closed","ping_status":"open","sticky":false,"template":"","format":"standard","meta":{"footnotes":""},"categories":[13],"tags":[],"acf":[],"yoast_head":"<!-- This site is optimized with the Yoast SEO plugin v18.4.1 - https:\/\/yoast.com\/wordpress\/plugins\/seo\/ -->\n<title>Spectacle Terres d&#039;Histoire - Office de tourisme Couesnon Marches de Bretagne<\/title>\n<meta name=\"robots\" content=\"index, follow, max-snippet:-1, max-image-preview:large, max-video-preview:-1\" \/>\n<link rel=\"canonical\" href=\"https:\/\/www.tourisme-marchesdebretagne.com\/en\/spectacle-terres-dhistoire\/\" \/>\n<meta property=\"og:locale\" content=\"en_US\" \/>\n<meta property=\"og:type\" content=\"article\" \/>\n<meta property=\"og:title\" content=\"Spectacle Terres d&#039;Histoire - Office de tourisme Couesnon Marches de Bretagne\" \/>\n<meta property=\"og:description\" content=\"Venez d\u00e9couvrir un grand spectacle son et lumi\u00e8re vous plongeant au c\u0153ur de l\u2019histoire de la Bretagne ! Terres d\u2019Histoire offre une exp\u00e9rience compl\u00e8te, m\u00ealant festivit\u00e9s gr\u00e2ce \u00e0 son village m\u00e9di\u00e9val et son spectacle. &nbsp; &nbsp; La soir\u00e9e commence d\u00e8s 17h30 avec l\u2019ouverture du village d\u2019accueil, install\u00e9 sous les bois du parc du Fretay : [&hellip;]\" \/>\n<meta property=\"og:url\" content=\"https:\/\/www.tourisme-marchesdebretagne.com\/en\/spectacle-terres-dhistoire\/\" \/>\n<meta property=\"og:site_name\" content=\"Office de tourisme Couesnon Marches de Bretagne\" \/>\n<meta property=\"article:published_time\" content=\"2026-01-21T15:27:36+00:00\" \/>\n<meta property=\"article:modified_time\" content=\"2026-01-21T15:28:12+00:00\" \/>\n<meta property=\"og:image\" content=\"https:\/\/www.tourisme-marchesdebretagne.com\/wp-content\/uploads\/2026\/01\/Spectacle-Terres-dHistoire-\u00a9-Mets-toi-en-scene.jpg\" \/>\n\t<meta property=\"og:image:width\" content=\"900\" \/>\n\t<meta property=\"og:image:height\" content=\"624\" \/>\n\t<meta property=\"og:image:type\" content=\"image\/jpeg\" \/>\n<meta name=\"twitter:card\" content=\"summary_large_image\" \/>\n<meta name=\"twitter:label1\" content=\"Written by\" \/>\n\t<meta name=\"twitter:data1\" content=\"Communication\" \/>\n\t<meta name=\"twitter:label2\" content=\"Est. reading time\" \/>\n\t<meta name=\"twitter:data2\" content=\"2 minutes\" \/>\n<script type=\"application\/ld+json\" class=\"yoast-schema-graph\">{\"@context\":\"https:\/\/schema.org\",\"@graph\":[{\"@type\":\"Organization\",\"@id\":\"https:\/\/www.tourisme-marchesdebretagne.com\/en\/#organization\",\"name\":\"R\u00e9sultats de recherche R\u00e9sultats Web http:\/\/www.tourisme-marchesdebretagne.com\/www.tourisme-marchesdebretagne.com \u203a marches March\u00e9s - Office de Tourisme Couesnon Marches de Bretagne\",\"url\":\"https:\/\/www.tourisme-marchesdebretagne.com\/en\/\",\"sameAs\":[],\"logo\":{\"@type\":\"ImageObject\",\"@id\":\"https:\/\/www.tourisme-marchesdebretagne.com\/en\/#logo\",\"inLanguage\":\"en-US\",\"url\":\"https:\/\/www.tourisme-marchesdebretagne.com\/wp-content\/uploads\/2019\/12\/header_logo_grand.png\",\"contentUrl\":\"https:\/\/www.tourisme-marchesdebretagne.com\/wp-content\/uploads\/2019\/12\/header_logo_grand.png\",\"width\":280,\"height\":76,\"caption\":\"R\u00e9sultats de recherche R\u00e9sultats Web http:\/\/www.tourisme-marchesdebretagne.com\/www.tourisme-marchesdebretagne.com \u203a marches March\u00e9s - Office de Tourisme Couesnon Marches de Bretagne\"},\"image\":{\"@id\":\"https:\/\/www.tourisme-marchesdebretagne.com\/en\/#logo\"}},{\"@type\":\"WebSite\",\"@id\":\"https:\/\/www.tourisme-marchesdebretagne.com\/en\/#website\",\"url\":\"https:\/\/www.tourisme-marchesdebretagne.com\/en\/\",\"name\":\"Office de tourisme Couesnon Marches de Bretagne\",\"description\":\"Le site officiel de l&#039;Office de Tourisme Couesnon Marches de Bretagne \u00e0 Bazouges-la-P\u00e9rouse et Maen Roch en Ille-et-Vilaine.\",\"publisher\":{\"@id\":\"https:\/\/www.tourisme-marchesdebretagne.com\/en\/#organization\"},\"potentialAction\":[{\"@type\":\"SearchAction\",\"target\":{\"@type\":\"EntryPoint\",\"urlTemplate\":\"https:\/\/www.tourisme-marchesdebretagne.com\/en\/?s={search_term_string}\"},\"query-input\":\"required name=search_term_string\"}],\"inLanguage\":\"en-US\"},{\"@type\":\"ImageObject\",\"@id\":\"https:\/\/www.tourisme-marchesdebretagne.com\/en\/spectacle-terres-dhistoire\/#primaryimage\",\"inLanguage\":\"en-US\",\"url\":\"https:\/\/www.tourisme-marchesdebretagne.com\/wp-content\/uploads\/2026\/01\/Spectacle-Terres-dHistoire-\u00a9-Mets-toi-en-scene.jpg\",\"contentUrl\":\"https:\/\/www.tourisme-marchesdebretagne.com\/wp-content\/uploads\/2026\/01\/Spectacle-Terres-dHistoire-\u00a9-Mets-toi-en-scene.jpg\",\"width\":900,\"height\":624},{\"@type\":\"WebPage\",\"@id\":\"https:\/\/www.tourisme-marchesdebretagne.com\/en\/spectacle-terres-dhistoire\/#webpage\",\"url\":\"https:\/\/www.tourisme-marchesdebretagne.com\/en\/spectacle-terres-dhistoire\/\",\"name\":\"Spectacle Terres d'Histoire - Office de tourisme Couesnon Marches de Bretagne\",\"isPartOf\":{\"@id\":\"https:\/\/www.tourisme-marchesdebretagne.com\/en\/#website\"},\"primaryImageOfPage\":{\"@id\":\"https:\/\/www.tourisme-marchesdebretagne.com\/en\/spectacle-terres-dhistoire\/#primaryimage\"},\"datePublished\":\"2026-01-21T15:27:36+00:00\",\"dateModified\":\"2026-01-21T15:28:12+00:00\",\"breadcrumb\":{\"@id\":\"https:\/\/www.tourisme-marchesdebretagne.com\/en\/spectacle-terres-dhistoire\/#breadcrumb\"},\"inLanguage\":\"en-US\",\"potentialAction\":[{\"@type\":\"ReadAction\",\"target\":[\"https:\/\/www.tourisme-marchesdebretagne.com\/en\/spectacle-terres-dhistoire\/\"]}]},{\"@type\":\"BreadcrumbList\",\"@id\":\"https:\/\/www.tourisme-marchesdebretagne.com\/en\/spectacle-terres-dhistoire\/#breadcrumb\",\"itemListElement\":[{\"@type\":\"ListItem\",\"position\":1,\"name\":\"Accueil\",\"item\":\"https:\/\/www.tourisme-marchesdebretagne.com\/en\/\"},{\"@type\":\"ListItem\",\"position\":2,\"name\":\"Les temps forts\",\"item\":\"https:\/\/www.tourisme-marchesdebretagne.com\/en\/category\/les-temps-forts-en\/\"},{\"@type\":\"ListItem\",\"position\":3,\"name\":\"Spectacle Terres d&rsquo;Histoire\"}]},{\"@type\":\"Article\",\"@id\":\"https:\/\/www.tourisme-marchesdebretagne.com\/en\/spectacle-terres-dhistoire\/#article\",\"isPartOf\":{\"@id\":\"https:\/\/www.tourisme-marchesdebretagne.com\/en\/spectacle-terres-dhistoire\/#webpage\"},\"author\":{\"@id\":\"https:\/\/www.tourisme-marchesdebretagne.com\/en\/#\/schema\/person\/34243f580957ca787698750044b5556c\"},\"headline\":\"Spectacle Terres d&#8217;Histoire\",\"datePublished\":\"2026-01-21T15:27:36+00:00\",\"dateModified\":\"2026-01-21T15:28:12+00:00\",\"mainEntityOfPage\":{\"@id\":\"https:\/\/www.tourisme-marchesdebretagne.com\/en\/spectacle-terres-dhistoire\/#webpage\"},\"wordCount\":409,\"publisher\":{\"@id\":\"https:\/\/www.tourisme-marchesdebretagne.com\/en\/#organization\"},\"image\":{\"@id\":\"https:\/\/www.tourisme-marchesdebretagne.com\/en\/spectacle-terres-dhistoire\/#primaryimage\"},\"thumbnailUrl\":\"https:\/\/www.tourisme-marchesdebretagne.com\/wp-content\/uploads\/2026\/01\/Spectacle-Terres-dHistoire-\u00a9-Mets-toi-en-scene.jpg\",\"articleSection\":[\"Les temps forts\"],\"inLanguage\":\"en-US\"},{\"@type\":\"Person\",\"@id\":\"https:\/\/www.tourisme-marchesdebretagne.com\/en\/#\/schema\/person\/34243f580957ca787698750044b5556c\",\"name\":\"Communication\",\"image\":{\"@type\":\"ImageObject\",\"@id\":\"https:\/\/www.tourisme-marchesdebretagne.com\/en\/#personlogo\",\"inLanguage\":\"en-US\",\"url\":\"https:\/\/secure.gravatar.com\/avatar\/ae7fce611c4af252995d7fa7c5a0605a?s=96&d=mm&r=g\",\"contentUrl\":\"https:\/\/secure.gravatar.com\/avatar\/ae7fce611c4af252995d7fa7c5a0605a?s=96&d=mm&r=g\",\"caption\":\"Communication\"}}]}<\/script>\n<!-- \/ Yoast SEO plugin. -->","yoast_head_json":{"title":"Spectacle Terres d'Histoire - Office de tourisme Couesnon Marches de Bretagne","robots":{"index":"index","follow":"follow","max-snippet":"max-snippet:-1","max-image-preview":"max-image-preview:large","max-video-preview":"max-video-preview:-1"},"canonical":"https:\/\/www.tourisme-marchesdebretagne.com\/en\/spectacle-terres-dhistoire\/","og_locale":"en_US","og_type":"article","og_title":"Spectacle Terres d'Histoire - Office de tourisme Couesnon Marches de Bretagne","og_description":"Venez d\u00e9couvrir un grand spectacle son et lumi\u00e8re vous plongeant au c\u0153ur de l\u2019histoire de la Bretagne ! Terres d\u2019Histoire offre une exp\u00e9rience compl\u00e8te, m\u00ealant festivit\u00e9s gr\u00e2ce \u00e0 son village m\u00e9di\u00e9val et son spectacle. &nbsp; &nbsp; La soir\u00e9e commence d\u00e8s 17h30 avec l\u2019ouverture du village d\u2019accueil, install\u00e9 sous les bois du parc du Fretay : [&hellip;]","og_url":"https:\/\/www.tourisme-marchesdebretagne.com\/en\/spectacle-terres-dhistoire\/","og_site_name":"Office de tourisme Couesnon Marches de Bretagne","article_published_time":"2026-01-21T15:27:36+00:00","article_modified_time":"2026-01-21T15:28:12+00:00","og_image":[{"width":900,"height":624,"url":"https:\/\/www.tourisme-marchesdebretagne.com\/wp-content\/uploads\/2026\/01\/Spectacle-Terres-dHistoire-\u00a9-Mets-toi-en-scene.jpg","type":"image\/jpeg"}],"twitter_card":"summary_large_image","twitter_misc":{"Written by":"Communication","Est. reading time":"2 minutes"},"schema":{"@context":"https:\/\/schema.org","@graph":[{"@type":"Organization","@id":"https:\/\/www.tourisme-marchesdebretagne.com\/en\/#organization","name":"R\u00e9sultats de recherche R\u00e9sultats Web http:\/\/www.tourisme-marchesdebretagne.com\/www.tourisme-marchesdebretagne.com \u203a marches March\u00e9s - Office de Tourisme Couesnon Marches de Bretagne","url":"https:\/\/www.tourisme-marchesdebretagne.com\/en\/","sameAs":[],"logo":{"@type":"ImageObject","@id":"https:\/\/www.tourisme-marchesdebretagne.com\/en\/#logo","inLanguage":"en-US","url":"https:\/\/www.tourisme-marchesdebretagne.com\/wp-content\/uploads\/2019\/12\/header_logo_grand.png","contentUrl":"https:\/\/www.tourisme-marchesdebretagne.com\/wp-content\/uploads\/2019\/12\/header_logo_grand.png","width":280,"height":76,"caption":"R\u00e9sultats de recherche R\u00e9sultats Web http:\/\/www.tourisme-marchesdebretagne.com\/www.tourisme-marchesdebretagne.com \u203a marches March\u00e9s - Office de Tourisme Couesnon Marches de Bretagne"},"image":{"@id":"https:\/\/www.tourisme-marchesdebretagne.com\/en\/#logo"}},{"@type":"WebSite","@id":"https:\/\/www.tourisme-marchesdebretagne.com\/en\/#website","url":"https:\/\/www.tourisme-marchesdebretagne.com\/en\/","name":"Office de tourisme Couesnon Marches de Bretagne","description":"Le site officiel de l&#039;Office de Tourisme Couesnon Marches de Bretagne \u00e0 Bazouges-la-P\u00e9rouse et Maen Roch en Ille-et-Vilaine.","publisher":{"@id":"https:\/\/www.tourisme-marchesdebretagne.com\/en\/#organization"},"potentialAction":[{"@type":"SearchAction","target":{"@type":"EntryPoint","urlTemplate":"https:\/\/www.tourisme-marchesdebretagne.com\/en\/?s={search_term_string}"},"query-input":"required name=search_term_string"}],"inLanguage":"en-US"},{"@type":"ImageObject","@id":"https:\/\/www.tourisme-marchesdebretagne.com\/en\/spectacle-terres-dhistoire\/#primaryimage","inLanguage":"en-US","url":"https:\/\/www.tourisme-marchesdebretagne.com\/wp-content\/uploads\/2026\/01\/Spectacle-Terres-dHistoire-\u00a9-Mets-toi-en-scene.jpg","contentUrl":"https:\/\/www.tourisme-marchesdebretagne.com\/wp-content\/uploads\/2026\/01\/Spectacle-Terres-dHistoire-\u00a9-Mets-toi-en-scene.jpg","width":900,"height":624},{"@type":"WebPage","@id":"https:\/\/www.tourisme-marchesdebretagne.com\/en\/spectacle-terres-dhistoire\/#webpage","url":"https:\/\/www.tourisme-marchesdebretagne.com\/en\/spectacle-terres-dhistoire\/","name":"Spectacle Terres d'Histoire - Office de tourisme Couesnon Marches de Bretagne","isPartOf":{"@id":"https:\/\/www.tourisme-marchesdebretagne.com\/en\/#website"},"primaryImageOfPage":{"@id":"https:\/\/www.tourisme-marchesdebretagne.com\/en\/spectacle-terres-dhistoire\/#primaryimage"},"datePublished":"2026-01-21T15:27:36+00:00","dateModified":"2026-01-21T15:28:12+00:00","breadcrumb":{"@id":"https:\/\/www.tourisme-marchesdebretagne.com\/en\/spectacle-terres-dhistoire\/#breadcrumb"},"inLanguage":"en-US","potentialAction":[{"@type":"ReadAction","target":["https:\/\/www.tourisme-marchesdebretagne.com\/en\/spectacle-terres-dhistoire\/"]}]},{"@type":"BreadcrumbList","@id":"https:\/\/www.tourisme-marchesdebretagne.com\/en\/spectacle-terres-dhistoire\/#breadcrumb","itemListElement":[{"@type":"ListItem","position":1,"name":"Accueil","item":"https:\/\/www.tourisme-marchesdebretagne.com\/en\/"},{"@type":"ListItem","position":2,"name":"Les temps forts","item":"https:\/\/www.tourisme-marchesdebretagne.com\/en\/category\/les-temps-forts-en\/"},{"@type":"ListItem","position":3,"name":"Spectacle Terres d&rsquo;Histoire"}]},{"@type":"Article","@id":"https:\/\/www.tourisme-marchesdebretagne.com\/en\/spectacle-terres-dhistoire\/#article","isPartOf":{"@id":"https:\/\/www.tourisme-marchesdebretagne.com\/en\/spectacle-terres-dhistoire\/#webpage"},"author":{"@id":"https:\/\/www.tourisme-marchesdebretagne.com\/en\/#\/schema\/person\/34243f580957ca787698750044b5556c"},"headline":"Spectacle Terres d&#8217;Histoire","datePublished":"2026-01-21T15:27:36+00:00","dateModified":"2026-01-21T15:28:12+00:00","mainEntityOfPage":{"@id":"https:\/\/www.tourisme-marchesdebretagne.com\/en\/spectacle-terres-dhistoire\/#webpage"},"wordCount":409,"publisher":{"@id":"https:\/\/www.tourisme-marchesdebretagne.com\/en\/#organization"},"image":{"@id":"https:\/\/www.tourisme-marchesdebretagne.com\/en\/spectacle-terres-dhistoire\/#primaryimage"},"thumbnailUrl":"https:\/\/www.tourisme-marchesdebretagne.com\/wp-content\/uploads\/2026\/01\/Spectacle-Terres-dHistoire-\u00a9-Mets-toi-en-scene.jpg","articleSection":["Les temps forts"],"inLanguage":"en-US"},{"@type":"Person","@id":"https:\/\/www.tourisme-marchesdebretagne.com\/en\/#\/schema\/person\/34243f580957ca787698750044b5556c","name":"Communication","image":{"@type":"ImageObject","@id":"https:\/\/www.tourisme-marchesdebretagne.com\/en\/#personlogo","inLanguage":"en-US","url":"https:\/\/secure.gravatar.com\/avatar\/ae7fce611c4af252995d7fa7c5a0605a?s=96&d=mm&r=g","contentUrl":"https:\/\/secure.gravatar.com\/avatar\/ae7fce611c4af252995d7fa7c5a0605a?s=96&d=mm&r=g","caption":"Communication"}}]}},"_links":{"self":[{"href":"https:\/\/www.tourisme-marchesdebretagne.com\/en\/wp-json\/wp\/v2\/posts\/241226"}],"collection":[{"href":"https:\/\/www.tourisme-marchesdebretagne.com\/en\/wp-json\/wp\/v2\/posts"}],"about":[{"href":"https:\/\/www.tourisme-marchesdebretagne.com\/en\/wp-json\/wp\/v2\/types\/post"}],"author":[{"embeddable":true,"href":"https:\/\/www.tourisme-marchesdebretagne.com\/en\/wp-json\/wp\/v2\/users\/2"}],"replies":[{"embeddable":true,"href":"https:\/\/www.tourisme-marchesdebretagne.com\/en\/wp-json\/wp\/v2\/comments?post=241226"}],"version-history":[{"count":3,"href":"https:\/\/www.tourisme-marchesdebretagne.com\/en\/wp-json\/wp\/v2\/posts\/241226\/revisions"}],"predecessor-version":[{"id":241235,"href":"https:\/\/www.tourisme-marchesdebretagne.com\/en\/wp-json\/wp\/v2\/posts\/241226\/revisions\/241235"}],"wp:featuredmedia":[{"embeddable":true,"href":"https:\/\/www.tourisme-marchesdebretagne.com\/en\/wp-json\/wp\/v2\/media\/241227"}],"wp:attachment":[{"href":"https:\/\/www.tourisme-marchesdebretagne.com\/en\/wp-json\/wp\/v2\/media?parent=241226"}],"wp:term":[{"taxonomy":"category","embeddable":true,"href":"https:\/\/www.tourisme-marchesdebretagne.com\/en\/wp-json\/wp\/v2\/categories?post=241226"},{"taxonomy":"post_tag","embeddable":true,"href":"https:\/\/www.tourisme-marchesdebretagne.com\/en\/wp-json\/wp\/v2\/tags?post=241226"}],"curies":[{"name":"wp","href":"https:\/\/api.w.org\/{rel}","templated":true}]}}