{"id":241269,"date":"2026-01-22T07:26:47","date_gmt":"2026-01-22T06:26:47","guid":{"rendered":"https:\/\/www.tourisme-marchesdebretagne.com\/stages-de-danses\/"},"modified":"2026-04-27T05:01:39","modified_gmt":"2026-04-27T03:01:39","slug":"stages-de-danses","status":"publish","type":"post","link":"https:\/\/www.tourisme-marchesdebretagne.com\/en\/stages-de-danses\/","title":{"rendered":"Stages de danses"},"content":{"rendered":"<p>Au profit de l&#8217;association AWA, pour la construction d&#8217;une maison maternelle et m\u00e9dicale en c\u00f4te d&#8217;ivoire. Venez nombreux aux Stages de Danses.<\/p>\n<p>Avec Lisa Lopez (Reggaeton\/ Salsa Cubaine ou Lady Style) de 10H \u00e0 12H et avec Moussa Ouattara (Afro Beat\/ Afro Style ou Afro Contemporain) de 14h30 \u00e0 16h30.<\/p>\n<p>Inscriptions n\u00e9cessaires.<\/p>\n<p>Tarifs :<br \/>\nAdh\u00e9sion Annuelle AWA = 5euros (facultatif)<br \/>\nRemise de 5euros pour les 2 stages.<\/p>\n","protected":false},"excerpt":{"rendered":"<p>Au profit de l&#8217;association AWA, pour la construction d&#8217;une maison maternelle et m\u00e9dicale en c\u00f4te d&#8217;ivoire. Venez nombreux aux Stages de Danses. Avec Lisa Lopez (Reggaeton\/ Salsa Cubaine ou Lady Style) de 10H \u00e0 12H et avec Moussa Ouattara (Afro Beat\/ Afro Style ou Afro Contemporain) de 14h30 \u00e0 16h30. Inscriptions n\u00e9cessaires. Tarifs : Adh\u00e9sion [&hellip;]<\/p>\n","protected":false},"author":0,"featured_media":241270,"comment_status":"closed","ping_status":"open","sticky":false,"template":"","format":"standard","meta":{"footnotes":""},"categories":[16],"tags":[],"acf":[],"yoast_head":"<!-- This site is optimized with the Yoast SEO plugin v18.4.1 - https:\/\/yoast.com\/wordpress\/plugins\/seo\/ -->\n<title>Stages de danses - Office de tourisme Couesnon Marches de Bretagne<\/title>\n<meta name=\"robots\" content=\"index, follow, max-snippet:-1, max-image-preview:large, max-video-preview:-1\" \/>\n<link rel=\"canonical\" href=\"https:\/\/www.tourisme-marchesdebretagne.com\/en\/stages-de-danses\/\" \/>\n<meta property=\"og:locale\" content=\"en_US\" \/>\n<meta property=\"og:type\" content=\"article\" \/>\n<meta property=\"og:title\" content=\"Stages de danses - Office de tourisme Couesnon Marches de Bretagne\" \/>\n<meta property=\"og:description\" content=\"Au profit de l&#8217;association AWA, pour la construction d&#8217;une maison maternelle et m\u00e9dicale en c\u00f4te d&#8217;ivoire. Venez nombreux aux Stages de Danses. Avec Lisa Lopez (Reggaeton\/ Salsa Cubaine ou Lady Style) de 10H \u00e0 12H et avec Moussa Ouattara (Afro Beat\/ Afro Style ou Afro Contemporain) de 14h30 \u00e0 16h30. Inscriptions n\u00e9cessaires. Tarifs : Adh\u00e9sion [&hellip;]\" \/>\n<meta property=\"og:url\" content=\"https:\/\/www.tourisme-marchesdebretagne.com\/en\/stages-de-danses\/\" \/>\n<meta property=\"og:site_name\" content=\"Office de tourisme Couesnon Marches de Bretagne\" \/>\n<meta property=\"article:published_time\" content=\"2026-01-22T06:26:47+00:00\" \/>\n<meta property=\"article:modified_time\" content=\"2026-04-27T03:01:39+00:00\" \/>\n<meta property=\"og:image\" content=\"https:\/\/www.tourisme-marchesdebretagne.com\/wp-content\/uploads\/2026\/01\/Flyer-Stages-de-Danses-mensuel-.jpeg\" \/>\n\t<meta property=\"og:image:width\" content=\"800\" \/>\n\t<meta property=\"og:image:height\" content=\"542\" \/>\n\t<meta property=\"og:image:type\" content=\"image\/jpeg\" \/>\n<meta name=\"twitter:card\" content=\"summary_large_image\" \/>\n<script type=\"application\/ld+json\" class=\"yoast-schema-graph\">{\"@context\":\"https:\/\/schema.org\",\"@graph\":[{\"@type\":\"Organization\",\"@id\":\"https:\/\/www.tourisme-marchesdebretagne.com\/en\/#organization\",\"name\":\"R\u00e9sultats de recherche R\u00e9sultats Web http:\/\/www.tourisme-marchesdebretagne.com\/www.tourisme-marchesdebretagne.com \u203a marches March\u00e9s - Office de Tourisme Couesnon Marches de Bretagne\",\"url\":\"https:\/\/www.tourisme-marchesdebretagne.com\/en\/\",\"sameAs\":[],\"logo\":{\"@type\":\"ImageObject\",\"@id\":\"https:\/\/www.tourisme-marchesdebretagne.com\/en\/#logo\",\"inLanguage\":\"en-US\",\"url\":\"https:\/\/www.tourisme-marchesdebretagne.com\/wp-content\/uploads\/2019\/12\/header_logo_grand.png\",\"contentUrl\":\"https:\/\/www.tourisme-marchesdebretagne.com\/wp-content\/uploads\/2019\/12\/header_logo_grand.png\",\"width\":280,\"height\":76,\"caption\":\"R\u00e9sultats de recherche R\u00e9sultats Web http:\/\/www.tourisme-marchesdebretagne.com\/www.tourisme-marchesdebretagne.com \u203a marches March\u00e9s - Office de Tourisme Couesnon Marches de Bretagne\"},\"image\":{\"@id\":\"https:\/\/www.tourisme-marchesdebretagne.com\/en\/#logo\"}},{\"@type\":\"WebSite\",\"@id\":\"https:\/\/www.tourisme-marchesdebretagne.com\/en\/#website\",\"url\":\"https:\/\/www.tourisme-marchesdebretagne.com\/en\/\",\"name\":\"Office de tourisme Couesnon Marches de Bretagne\",\"description\":\"Le site officiel de l&#039;Office de Tourisme Couesnon Marches de Bretagne \u00e0 Bazouges-la-P\u00e9rouse et Maen Roch en Ille-et-Vilaine.\",\"publisher\":{\"@id\":\"https:\/\/www.tourisme-marchesdebretagne.com\/en\/#organization\"},\"potentialAction\":[{\"@type\":\"SearchAction\",\"target\":{\"@type\":\"EntryPoint\",\"urlTemplate\":\"https:\/\/www.tourisme-marchesdebretagne.com\/en\/?s={search_term_string}\"},\"query-input\":\"required name=search_term_string\"}],\"inLanguage\":\"en-US\"},{\"@type\":\"ImageObject\",\"@id\":\"https:\/\/www.tourisme-marchesdebretagne.com\/en\/stages-de-danses\/#primaryimage\",\"inLanguage\":\"en-US\",\"url\":\"https:\/\/www.tourisme-marchesdebretagne.com\/wp-content\/uploads\/2026\/01\/Flyer-Stages-de-Danses-mensuel-.jpeg\",\"contentUrl\":\"https:\/\/www.tourisme-marchesdebretagne.com\/wp-content\/uploads\/2026\/01\/Flyer-Stages-de-Danses-mensuel-.jpeg\",\"width\":800,\"height\":542},{\"@type\":\"WebPage\",\"@id\":\"https:\/\/www.tourisme-marchesdebretagne.com\/en\/stages-de-danses\/#webpage\",\"url\":\"https:\/\/www.tourisme-marchesdebretagne.com\/en\/stages-de-danses\/\",\"name\":\"Stages de danses - Office de tourisme Couesnon Marches de Bretagne\",\"isPartOf\":{\"@id\":\"https:\/\/www.tourisme-marchesdebretagne.com\/en\/#website\"},\"primaryImageOfPage\":{\"@id\":\"https:\/\/www.tourisme-marchesdebretagne.com\/en\/stages-de-danses\/#primaryimage\"},\"datePublished\":\"2026-01-22T06:26:47+00:00\",\"dateModified\":\"2026-04-27T03:01:39+00:00\",\"breadcrumb\":{\"@id\":\"https:\/\/www.tourisme-marchesdebretagne.com\/en\/stages-de-danses\/#breadcrumb\"},\"inLanguage\":\"en-US\",\"potentialAction\":[{\"@type\":\"ReadAction\",\"target\":[\"https:\/\/www.tourisme-marchesdebretagne.com\/en\/stages-de-danses\/\"]}]},{\"@type\":\"BreadcrumbList\",\"@id\":\"https:\/\/www.tourisme-marchesdebretagne.com\/en\/stages-de-danses\/#breadcrumb\",\"itemListElement\":[{\"@type\":\"ListItem\",\"position\":1,\"name\":\"Accueil\",\"item\":\"https:\/\/www.tourisme-marchesdebretagne.com\/en\/\"},{\"@type\":\"ListItem\",\"position\":2,\"name\":\"Agenda\",\"item\":\"https:\/\/www.tourisme-marchesdebretagne.com\/en\/category\/agenda\/\"},{\"@type\":\"ListItem\",\"position\":3,\"name\":\"Stages de danses\"}]},{\"@type\":\"Article\",\"@id\":\"https:\/\/www.tourisme-marchesdebretagne.com\/en\/stages-de-danses\/#article\",\"isPartOf\":{\"@id\":\"https:\/\/www.tourisme-marchesdebretagne.com\/en\/stages-de-danses\/#webpage\"},\"author\":{\"@id\":\"\"},\"headline\":\"Stages de danses\",\"datePublished\":\"2026-01-22T06:26:47+00:00\",\"dateModified\":\"2026-04-27T03:01:39+00:00\",\"mainEntityOfPage\":{\"@id\":\"https:\/\/www.tourisme-marchesdebretagne.com\/en\/stages-de-danses\/#webpage\"},\"wordCount\":69,\"publisher\":{\"@id\":\"https:\/\/www.tourisme-marchesdebretagne.com\/en\/#organization\"},\"image\":{\"@id\":\"https:\/\/www.tourisme-marchesdebretagne.com\/en\/stages-de-danses\/#primaryimage\"},\"thumbnailUrl\":\"https:\/\/www.tourisme-marchesdebretagne.com\/wp-content\/uploads\/2026\/01\/Flyer-Stages-de-Danses-mensuel-.jpeg\",\"articleSection\":[\"Agenda\"],\"inLanguage\":\"en-US\"}]}<\/script>\n<!-- \/ Yoast SEO plugin. -->","yoast_head_json":{"title":"Stages de danses - Office de tourisme Couesnon Marches de Bretagne","robots":{"index":"index","follow":"follow","max-snippet":"max-snippet:-1","max-image-preview":"max-image-preview:large","max-video-preview":"max-video-preview:-1"},"canonical":"https:\/\/www.tourisme-marchesdebretagne.com\/en\/stages-de-danses\/","og_locale":"en_US","og_type":"article","og_title":"Stages de danses - Office de tourisme Couesnon Marches de Bretagne","og_description":"Au profit de l&#8217;association AWA, pour la construction d&#8217;une maison maternelle et m\u00e9dicale en c\u00f4te d&#8217;ivoire. Venez nombreux aux Stages de Danses. Avec Lisa Lopez (Reggaeton\/ Salsa Cubaine ou Lady Style) de 10H \u00e0 12H et avec Moussa Ouattara (Afro Beat\/ Afro Style ou Afro Contemporain) de 14h30 \u00e0 16h30. Inscriptions n\u00e9cessaires. Tarifs : Adh\u00e9sion [&hellip;]","og_url":"https:\/\/www.tourisme-marchesdebretagne.com\/en\/stages-de-danses\/","og_site_name":"Office de tourisme Couesnon Marches de Bretagne","article_published_time":"2026-01-22T06:26:47+00:00","article_modified_time":"2026-04-27T03:01:39+00:00","og_image":[{"width":800,"height":542,"url":"https:\/\/www.tourisme-marchesdebretagne.com\/wp-content\/uploads\/2026\/01\/Flyer-Stages-de-Danses-mensuel-.jpeg","type":"image\/jpeg"}],"twitter_card":"summary_large_image","schema":{"@context":"https:\/\/schema.org","@graph":[{"@type":"Organization","@id":"https:\/\/www.tourisme-marchesdebretagne.com\/en\/#organization","name":"R\u00e9sultats de recherche R\u00e9sultats Web http:\/\/www.tourisme-marchesdebretagne.com\/www.tourisme-marchesdebretagne.com \u203a marches March\u00e9s - Office de Tourisme Couesnon Marches de Bretagne","url":"https:\/\/www.tourisme-marchesdebretagne.com\/en\/","sameAs":[],"logo":{"@type":"ImageObject","@id":"https:\/\/www.tourisme-marchesdebretagne.com\/en\/#logo","inLanguage":"en-US","url":"https:\/\/www.tourisme-marchesdebretagne.com\/wp-content\/uploads\/2019\/12\/header_logo_grand.png","contentUrl":"https:\/\/www.tourisme-marchesdebretagne.com\/wp-content\/uploads\/2019\/12\/header_logo_grand.png","width":280,"height":76,"caption":"R\u00e9sultats de recherche R\u00e9sultats Web http:\/\/www.tourisme-marchesdebretagne.com\/www.tourisme-marchesdebretagne.com \u203a marches March\u00e9s - Office de Tourisme Couesnon Marches de Bretagne"},"image":{"@id":"https:\/\/www.tourisme-marchesdebretagne.com\/en\/#logo"}},{"@type":"WebSite","@id":"https:\/\/www.tourisme-marchesdebretagne.com\/en\/#website","url":"https:\/\/www.tourisme-marchesdebretagne.com\/en\/","name":"Office de tourisme Couesnon Marches de Bretagne","description":"Le site officiel de l&#039;Office de Tourisme Couesnon Marches de Bretagne \u00e0 Bazouges-la-P\u00e9rouse et Maen Roch en Ille-et-Vilaine.","publisher":{"@id":"https:\/\/www.tourisme-marchesdebretagne.com\/en\/#organization"},"potentialAction":[{"@type":"SearchAction","target":{"@type":"EntryPoint","urlTemplate":"https:\/\/www.tourisme-marchesdebretagne.com\/en\/?s={search_term_string}"},"query-input":"required name=search_term_string"}],"inLanguage":"en-US"},{"@type":"ImageObject","@id":"https:\/\/www.tourisme-marchesdebretagne.com\/en\/stages-de-danses\/#primaryimage","inLanguage":"en-US","url":"https:\/\/www.tourisme-marchesdebretagne.com\/wp-content\/uploads\/2026\/01\/Flyer-Stages-de-Danses-mensuel-.jpeg","contentUrl":"https:\/\/www.tourisme-marchesdebretagne.com\/wp-content\/uploads\/2026\/01\/Flyer-Stages-de-Danses-mensuel-.jpeg","width":800,"height":542},{"@type":"WebPage","@id":"https:\/\/www.tourisme-marchesdebretagne.com\/en\/stages-de-danses\/#webpage","url":"https:\/\/www.tourisme-marchesdebretagne.com\/en\/stages-de-danses\/","name":"Stages de danses - Office de tourisme Couesnon Marches de Bretagne","isPartOf":{"@id":"https:\/\/www.tourisme-marchesdebretagne.com\/en\/#website"},"primaryImageOfPage":{"@id":"https:\/\/www.tourisme-marchesdebretagne.com\/en\/stages-de-danses\/#primaryimage"},"datePublished":"2026-01-22T06:26:47+00:00","dateModified":"2026-04-27T03:01:39+00:00","breadcrumb":{"@id":"https:\/\/www.tourisme-marchesdebretagne.com\/en\/stages-de-danses\/#breadcrumb"},"inLanguage":"en-US","potentialAction":[{"@type":"ReadAction","target":["https:\/\/www.tourisme-marchesdebretagne.com\/en\/stages-de-danses\/"]}]},{"@type":"BreadcrumbList","@id":"https:\/\/www.tourisme-marchesdebretagne.com\/en\/stages-de-danses\/#breadcrumb","itemListElement":[{"@type":"ListItem","position":1,"name":"Accueil","item":"https:\/\/www.tourisme-marchesdebretagne.com\/en\/"},{"@type":"ListItem","position":2,"name":"Agenda","item":"https:\/\/www.tourisme-marchesdebretagne.com\/en\/category\/agenda\/"},{"@type":"ListItem","position":3,"name":"Stages de danses"}]},{"@type":"Article","@id":"https:\/\/www.tourisme-marchesdebretagne.com\/en\/stages-de-danses\/#article","isPartOf":{"@id":"https:\/\/www.tourisme-marchesdebretagne.com\/en\/stages-de-danses\/#webpage"},"author":{"@id":""},"headline":"Stages de danses","datePublished":"2026-01-22T06:26:47+00:00","dateModified":"2026-04-27T03:01:39+00:00","mainEntityOfPage":{"@id":"https:\/\/www.tourisme-marchesdebretagne.com\/en\/stages-de-danses\/#webpage"},"wordCount":69,"publisher":{"@id":"https:\/\/www.tourisme-marchesdebretagne.com\/en\/#organization"},"image":{"@id":"https:\/\/www.tourisme-marchesdebretagne.com\/en\/stages-de-danses\/#primaryimage"},"thumbnailUrl":"https:\/\/www.tourisme-marchesdebretagne.com\/wp-content\/uploads\/2026\/01\/Flyer-Stages-de-Danses-mensuel-.jpeg","articleSection":["Agenda"],"inLanguage":"en-US"}]}},"_links":{"self":[{"href":"https:\/\/www.tourisme-marchesdebretagne.com\/en\/wp-json\/wp\/v2\/posts\/241269"}],"collection":[{"href":"https:\/\/www.tourisme-marchesdebretagne.com\/en\/wp-json\/wp\/v2\/posts"}],"about":[{"href":"https:\/\/www.tourisme-marchesdebretagne.com\/en\/wp-json\/wp\/v2\/types\/post"}],"replies":[{"embeddable":true,"href":"https:\/\/www.tourisme-marchesdebretagne.com\/en\/wp-json\/wp\/v2\/comments?post=241269"}],"version-history":[{"count":2,"href":"https:\/\/www.tourisme-marchesdebretagne.com\/en\/wp-json\/wp\/v2\/posts\/241269\/revisions"}],"predecessor-version":[{"id":241372,"href":"https:\/\/www.tourisme-marchesdebretagne.com\/en\/wp-json\/wp\/v2\/posts\/241269\/revisions\/241372"}],"wp:featuredmedia":[{"embeddable":true,"href":"https:\/\/www.tourisme-marchesdebretagne.com\/en\/wp-json\/wp\/v2\/media\/241270"}],"wp:attachment":[{"href":"https:\/\/www.tourisme-marchesdebretagne.com\/en\/wp-json\/wp\/v2\/media?parent=241269"}],"wp:term":[{"taxonomy":"category","embeddable":true,"href":"https:\/\/www.tourisme-marchesdebretagne.com\/en\/wp-json\/wp\/v2\/categories?post=241269"},{"taxonomy":"post_tag","embeddable":true,"href":"https:\/\/www.tourisme-marchesdebretagne.com\/en\/wp-json\/wp\/v2\/tags?post=241269"}],"curies":[{"name":"wp","href":"https:\/\/api.w.org\/{rel}","templated":true}]}}