{"id":242231,"date":"2026-03-04T07:37:00","date_gmt":"2026-03-04T06:37:00","guid":{"rendered":"https:\/\/www.tourisme-marchesdebretagne.com\/balade-commentee-sur-la-regalante\/"},"modified":"2026-03-15T09:03:13","modified_gmt":"2026-03-15T08:03:13","slug":"balade-commentee-sur-la-regalante","status":"publish","type":"post","link":"https:\/\/www.tourisme-marchesdebretagne.com\/en\/balade-commentee-sur-la-regalante\/","title":{"rendered":"Balade comment\u00e9e sur la R\u00e9galante"},"content":{"rendered":"<p>Dans le cadre du projet PORTA\u2019PORTES financ\u00e9 par les fonds europ\u00e9ens LEADER et la R\u00e9gion avec le soutien du D\u00e9partement, trois \u0153uvres sur la th\u00e9matique des Portes de Bretagne seront install\u00e9es, \u00e0 l\u2019automne prochain, sur La R\u00e9galante, voie cyclable reliant Le Mont-Saint-Michel \u00e0 Nantes.<\/p>\n<p>Couesnon Marches de Bretagne vous invite, en partenariat avec l\u2019APPAC et la commune de Val-Couesnon, \u00e0 suivre une balade comment\u00e9e sur le patrimoine pr\u00e9sent sur La R\u00e9galante (patrimoine ferroviaire, moulins&#8230;). Ainsi, si vous avez des anecdotes \u00e0 partager sur le pass\u00e9 de cette voie, on compte sur vous pour les raconter.<br \/>\nEt pour ceux qui ont envie de se balader ou d\u2019\u00e9couter ses anecdotes on compte aussi sur vous !<\/p>\n<p>La balade d\u2019environ 4 km aller et retour partira de la Gare \u00e0 Tremblay pour rejoindre les tunnels au lieu-dit \u00ab Le Moulin de la Chatti\u00e8re \u00bb \u00e0 Tremblay.<\/p>\n<p>Lors de cette balade, l\u2019artiste No\u00ebl Picaper, qui r\u00e9alisera l\u2019\u0153uvre sur Val-Couesnon au niveau des tunnels, vous pr\u00e9sentera son projet.<\/p>\n<p>Inscriptions conseill\u00e9es.<\/p>\n<p>Gratuit.<\/p>\n","protected":false},"excerpt":{"rendered":"<p>Dans le cadre du projet PORTA\u2019PORTES financ\u00e9 par les fonds europ\u00e9ens LEADER et la R\u00e9gion avec le soutien du D\u00e9partement, trois \u0153uvres sur la th\u00e9matique des Portes de Bretagne seront install\u00e9es, \u00e0 l\u2019automne prochain, sur La R\u00e9galante, voie cyclable reliant Le Mont-Saint-Michel \u00e0 Nantes. Couesnon Marches de Bretagne vous invite, en partenariat avec l\u2019APPAC et [&hellip;]<\/p>\n","protected":false},"author":8,"featured_media":242374,"comment_status":"closed","ping_status":"open","sticky":false,"template":"","format":"standard","meta":{"footnotes":""},"categories":[16],"tags":[],"acf":[],"yoast_head":"<!-- This site is optimized with the Yoast SEO plugin v18.4.1 - https:\/\/yoast.com\/wordpress\/plugins\/seo\/ -->\n<title>Balade comment\u00e9e sur la R\u00e9galante - Office de tourisme Couesnon Marches de Bretagne<\/title>\n<meta name=\"robots\" content=\"index, follow, max-snippet:-1, max-image-preview:large, max-video-preview:-1\" \/>\n<link rel=\"canonical\" href=\"https:\/\/www.tourisme-marchesdebretagne.com\/en\/balade-commentee-sur-la-regalante\/\" \/>\n<meta property=\"og:locale\" content=\"en_US\" \/>\n<meta property=\"og:type\" content=\"article\" \/>\n<meta property=\"og:title\" content=\"Balade comment\u00e9e sur la R\u00e9galante - Office de tourisme Couesnon Marches de Bretagne\" \/>\n<meta property=\"og:description\" content=\"Dans le cadre du projet PORTA\u2019PORTES financ\u00e9 par les fonds europ\u00e9ens LEADER et la R\u00e9gion avec le soutien du D\u00e9partement, trois \u0153uvres sur la th\u00e9matique des Portes de Bretagne seront install\u00e9es, \u00e0 l\u2019automne prochain, sur La R\u00e9galante, voie cyclable reliant Le Mont-Saint-Michel \u00e0 Nantes. Couesnon Marches de Bretagne vous invite, en partenariat avec l\u2019APPAC et [&hellip;]\" \/>\n<meta property=\"og:url\" content=\"https:\/\/www.tourisme-marchesdebretagne.com\/en\/balade-commentee-sur-la-regalante\/\" \/>\n<meta property=\"og:site_name\" content=\"Office de tourisme Couesnon Marches de Bretagne\" \/>\n<meta property=\"article:published_time\" content=\"2026-03-04T06:37:00+00:00\" \/>\n<meta property=\"article:modified_time\" content=\"2026-03-15T08:03:13+00:00\" \/>\n<meta property=\"og:image\" content=\"https:\/\/www.tourisme-marchesdebretagne.com\/wp-content\/uploads\/2026\/03\/Balade-aux-tunnels-de-Tremblay-Ediluz-867x630-1.jpg\" \/>\n\t<meta property=\"og:image:width\" content=\"867\" \/>\n\t<meta property=\"og:image:height\" content=\"630\" \/>\n\t<meta property=\"og:image:type\" content=\"image\/jpeg\" \/>\n<meta name=\"twitter:card\" content=\"summary_large_image\" \/>\n<meta name=\"twitter:label1\" content=\"Written by\" \/>\n\t<meta name=\"twitter:data1\" content=\"Anne-Mich\u00e8le GAUCHARD\" \/>\n\t<meta name=\"twitter:label2\" content=\"Est. reading time\" \/>\n\t<meta name=\"twitter:data2\" content=\"1 minute\" \/>\n<script type=\"application\/ld+json\" class=\"yoast-schema-graph\">{\"@context\":\"https:\/\/schema.org\",\"@graph\":[{\"@type\":\"Organization\",\"@id\":\"https:\/\/www.tourisme-marchesdebretagne.com\/en\/#organization\",\"name\":\"R\u00e9sultats de recherche R\u00e9sultats Web http:\/\/www.tourisme-marchesdebretagne.com\/www.tourisme-marchesdebretagne.com \u203a marches March\u00e9s - Office de Tourisme Couesnon Marches de Bretagne\",\"url\":\"https:\/\/www.tourisme-marchesdebretagne.com\/en\/\",\"sameAs\":[],\"logo\":{\"@type\":\"ImageObject\",\"@id\":\"https:\/\/www.tourisme-marchesdebretagne.com\/en\/#logo\",\"inLanguage\":\"en-US\",\"url\":\"https:\/\/www.tourisme-marchesdebretagne.com\/wp-content\/uploads\/2019\/12\/header_logo_grand.png\",\"contentUrl\":\"https:\/\/www.tourisme-marchesdebretagne.com\/wp-content\/uploads\/2019\/12\/header_logo_grand.png\",\"width\":280,\"height\":76,\"caption\":\"R\u00e9sultats de recherche R\u00e9sultats Web http:\/\/www.tourisme-marchesdebretagne.com\/www.tourisme-marchesdebretagne.com \u203a marches March\u00e9s - Office de Tourisme Couesnon Marches de Bretagne\"},\"image\":{\"@id\":\"https:\/\/www.tourisme-marchesdebretagne.com\/en\/#logo\"}},{\"@type\":\"WebSite\",\"@id\":\"https:\/\/www.tourisme-marchesdebretagne.com\/en\/#website\",\"url\":\"https:\/\/www.tourisme-marchesdebretagne.com\/en\/\",\"name\":\"Office de tourisme Couesnon Marches de Bretagne\",\"description\":\"Le site officiel de l&#039;Office de Tourisme Couesnon Marches de Bretagne \u00e0 Bazouges-la-P\u00e9rouse et Maen Roch en Ille-et-Vilaine.\",\"publisher\":{\"@id\":\"https:\/\/www.tourisme-marchesdebretagne.com\/en\/#organization\"},\"potentialAction\":[{\"@type\":\"SearchAction\",\"target\":{\"@type\":\"EntryPoint\",\"urlTemplate\":\"https:\/\/www.tourisme-marchesdebretagne.com\/en\/?s={search_term_string}\"},\"query-input\":\"required name=search_term_string\"}],\"inLanguage\":\"en-US\"},{\"@type\":\"ImageObject\",\"@id\":\"https:\/\/www.tourisme-marchesdebretagne.com\/en\/balade-commentee-sur-la-regalante\/#primaryimage\",\"inLanguage\":\"en-US\",\"url\":\"https:\/\/www.tourisme-marchesdebretagne.com\/wp-content\/uploads\/2026\/03\/Balade-aux-tunnels-de-Tremblay-Ediluz-867x630-1.jpg\",\"contentUrl\":\"https:\/\/www.tourisme-marchesdebretagne.com\/wp-content\/uploads\/2026\/03\/Balade-aux-tunnels-de-Tremblay-Ediluz-867x630-1.jpg\",\"width\":867,\"height\":630},{\"@type\":\"WebPage\",\"@id\":\"https:\/\/www.tourisme-marchesdebretagne.com\/en\/balade-commentee-sur-la-regalante\/#webpage\",\"url\":\"https:\/\/www.tourisme-marchesdebretagne.com\/en\/balade-commentee-sur-la-regalante\/\",\"name\":\"Balade comment\u00e9e sur la R\u00e9galante - Office de tourisme Couesnon Marches de Bretagne\",\"isPartOf\":{\"@id\":\"https:\/\/www.tourisme-marchesdebretagne.com\/en\/#website\"},\"primaryImageOfPage\":{\"@id\":\"https:\/\/www.tourisme-marchesdebretagne.com\/en\/balade-commentee-sur-la-regalante\/#primaryimage\"},\"datePublished\":\"2026-03-04T06:37:00+00:00\",\"dateModified\":\"2026-03-15T08:03:13+00:00\",\"breadcrumb\":{\"@id\":\"https:\/\/www.tourisme-marchesdebretagne.com\/en\/balade-commentee-sur-la-regalante\/#breadcrumb\"},\"inLanguage\":\"en-US\",\"potentialAction\":[{\"@type\":\"ReadAction\",\"target\":[\"https:\/\/www.tourisme-marchesdebretagne.com\/en\/balade-commentee-sur-la-regalante\/\"]}]},{\"@type\":\"BreadcrumbList\",\"@id\":\"https:\/\/www.tourisme-marchesdebretagne.com\/en\/balade-commentee-sur-la-regalante\/#breadcrumb\",\"itemListElement\":[{\"@type\":\"ListItem\",\"position\":1,\"name\":\"Accueil\",\"item\":\"https:\/\/www.tourisme-marchesdebretagne.com\/en\/\"},{\"@type\":\"ListItem\",\"position\":2,\"name\":\"Agenda\",\"item\":\"https:\/\/www.tourisme-marchesdebretagne.com\/en\/category\/agenda\/\"},{\"@type\":\"ListItem\",\"position\":3,\"name\":\"Balade comment\u00e9e sur la R\u00e9galante\"}]},{\"@type\":\"Article\",\"@id\":\"https:\/\/www.tourisme-marchesdebretagne.com\/en\/balade-commentee-sur-la-regalante\/#article\",\"isPartOf\":{\"@id\":\"https:\/\/www.tourisme-marchesdebretagne.com\/en\/balade-commentee-sur-la-regalante\/#webpage\"},\"author\":{\"@id\":\"https:\/\/www.tourisme-marchesdebretagne.com\/en\/#\/schema\/person\/f34ae55a5dabe6b57b374cdf485ec6c6\"},\"headline\":\"Balade comment\u00e9e sur la R\u00e9galante\",\"datePublished\":\"2026-03-04T06:37:00+00:00\",\"dateModified\":\"2026-03-15T08:03:13+00:00\",\"mainEntityOfPage\":{\"@id\":\"https:\/\/www.tourisme-marchesdebretagne.com\/en\/balade-commentee-sur-la-regalante\/#webpage\"},\"wordCount\":184,\"publisher\":{\"@id\":\"https:\/\/www.tourisme-marchesdebretagne.com\/en\/#organization\"},\"image\":{\"@id\":\"https:\/\/www.tourisme-marchesdebretagne.com\/en\/balade-commentee-sur-la-regalante\/#primaryimage\"},\"thumbnailUrl\":\"https:\/\/www.tourisme-marchesdebretagne.com\/wp-content\/uploads\/2026\/03\/Balade-aux-tunnels-de-Tremblay-Ediluz-867x630-1.jpg\",\"articleSection\":[\"Agenda\"],\"inLanguage\":\"en-US\"},{\"@type\":\"Person\",\"@id\":\"https:\/\/www.tourisme-marchesdebretagne.com\/en\/#\/schema\/person\/f34ae55a5dabe6b57b374cdf485ec6c6\",\"name\":\"Anne-Mich\u00e8le GAUCHARD\",\"image\":{\"@type\":\"ImageObject\",\"@id\":\"https:\/\/www.tourisme-marchesdebretagne.com\/en\/#personlogo\",\"inLanguage\":\"en-US\",\"url\":\"https:\/\/secure.gravatar.com\/avatar\/1cbdb3a64f05514dd7b49d6b8eb251f6?s=96&d=mm&r=g\",\"contentUrl\":\"https:\/\/secure.gravatar.com\/avatar\/1cbdb3a64f05514dd7b49d6b8eb251f6?s=96&d=mm&r=g\",\"caption\":\"Anne-Mich\u00e8le GAUCHARD\"}}]}<\/script>\n<!-- \/ Yoast SEO plugin. -->","yoast_head_json":{"title":"Balade comment\u00e9e sur la R\u00e9galante - Office de tourisme Couesnon Marches de Bretagne","robots":{"index":"index","follow":"follow","max-snippet":"max-snippet:-1","max-image-preview":"max-image-preview:large","max-video-preview":"max-video-preview:-1"},"canonical":"https:\/\/www.tourisme-marchesdebretagne.com\/en\/balade-commentee-sur-la-regalante\/","og_locale":"en_US","og_type":"article","og_title":"Balade comment\u00e9e sur la R\u00e9galante - Office de tourisme Couesnon Marches de Bretagne","og_description":"Dans le cadre du projet PORTA\u2019PORTES financ\u00e9 par les fonds europ\u00e9ens LEADER et la R\u00e9gion avec le soutien du D\u00e9partement, trois \u0153uvres sur la th\u00e9matique des Portes de Bretagne seront install\u00e9es, \u00e0 l\u2019automne prochain, sur La R\u00e9galante, voie cyclable reliant Le Mont-Saint-Michel \u00e0 Nantes. Couesnon Marches de Bretagne vous invite, en partenariat avec l\u2019APPAC et [&hellip;]","og_url":"https:\/\/www.tourisme-marchesdebretagne.com\/en\/balade-commentee-sur-la-regalante\/","og_site_name":"Office de tourisme Couesnon Marches de Bretagne","article_published_time":"2026-03-04T06:37:00+00:00","article_modified_time":"2026-03-15T08:03:13+00:00","og_image":[{"width":867,"height":630,"url":"https:\/\/www.tourisme-marchesdebretagne.com\/wp-content\/uploads\/2026\/03\/Balade-aux-tunnels-de-Tremblay-Ediluz-867x630-1.jpg","type":"image\/jpeg"}],"twitter_card":"summary_large_image","twitter_misc":{"Written by":"Anne-Mich\u00e8le GAUCHARD","Est. reading time":"1 minute"},"schema":{"@context":"https:\/\/schema.org","@graph":[{"@type":"Organization","@id":"https:\/\/www.tourisme-marchesdebretagne.com\/en\/#organization","name":"R\u00e9sultats de recherche R\u00e9sultats Web http:\/\/www.tourisme-marchesdebretagne.com\/www.tourisme-marchesdebretagne.com \u203a marches March\u00e9s - Office de Tourisme Couesnon Marches de Bretagne","url":"https:\/\/www.tourisme-marchesdebretagne.com\/en\/","sameAs":[],"logo":{"@type":"ImageObject","@id":"https:\/\/www.tourisme-marchesdebretagne.com\/en\/#logo","inLanguage":"en-US","url":"https:\/\/www.tourisme-marchesdebretagne.com\/wp-content\/uploads\/2019\/12\/header_logo_grand.png","contentUrl":"https:\/\/www.tourisme-marchesdebretagne.com\/wp-content\/uploads\/2019\/12\/header_logo_grand.png","width":280,"height":76,"caption":"R\u00e9sultats de recherche R\u00e9sultats Web http:\/\/www.tourisme-marchesdebretagne.com\/www.tourisme-marchesdebretagne.com \u203a marches March\u00e9s - Office de Tourisme Couesnon Marches de Bretagne"},"image":{"@id":"https:\/\/www.tourisme-marchesdebretagne.com\/en\/#logo"}},{"@type":"WebSite","@id":"https:\/\/www.tourisme-marchesdebretagne.com\/en\/#website","url":"https:\/\/www.tourisme-marchesdebretagne.com\/en\/","name":"Office de tourisme Couesnon Marches de Bretagne","description":"Le site officiel de l&#039;Office de Tourisme Couesnon Marches de Bretagne \u00e0 Bazouges-la-P\u00e9rouse et Maen Roch en Ille-et-Vilaine.","publisher":{"@id":"https:\/\/www.tourisme-marchesdebretagne.com\/en\/#organization"},"potentialAction":[{"@type":"SearchAction","target":{"@type":"EntryPoint","urlTemplate":"https:\/\/www.tourisme-marchesdebretagne.com\/en\/?s={search_term_string}"},"query-input":"required name=search_term_string"}],"inLanguage":"en-US"},{"@type":"ImageObject","@id":"https:\/\/www.tourisme-marchesdebretagne.com\/en\/balade-commentee-sur-la-regalante\/#primaryimage","inLanguage":"en-US","url":"https:\/\/www.tourisme-marchesdebretagne.com\/wp-content\/uploads\/2026\/03\/Balade-aux-tunnels-de-Tremblay-Ediluz-867x630-1.jpg","contentUrl":"https:\/\/www.tourisme-marchesdebretagne.com\/wp-content\/uploads\/2026\/03\/Balade-aux-tunnels-de-Tremblay-Ediluz-867x630-1.jpg","width":867,"height":630},{"@type":"WebPage","@id":"https:\/\/www.tourisme-marchesdebretagne.com\/en\/balade-commentee-sur-la-regalante\/#webpage","url":"https:\/\/www.tourisme-marchesdebretagne.com\/en\/balade-commentee-sur-la-regalante\/","name":"Balade comment\u00e9e sur la R\u00e9galante - Office de tourisme Couesnon Marches de Bretagne","isPartOf":{"@id":"https:\/\/www.tourisme-marchesdebretagne.com\/en\/#website"},"primaryImageOfPage":{"@id":"https:\/\/www.tourisme-marchesdebretagne.com\/en\/balade-commentee-sur-la-regalante\/#primaryimage"},"datePublished":"2026-03-04T06:37:00+00:00","dateModified":"2026-03-15T08:03:13+00:00","breadcrumb":{"@id":"https:\/\/www.tourisme-marchesdebretagne.com\/en\/balade-commentee-sur-la-regalante\/#breadcrumb"},"inLanguage":"en-US","potentialAction":[{"@type":"ReadAction","target":["https:\/\/www.tourisme-marchesdebretagne.com\/en\/balade-commentee-sur-la-regalante\/"]}]},{"@type":"BreadcrumbList","@id":"https:\/\/www.tourisme-marchesdebretagne.com\/en\/balade-commentee-sur-la-regalante\/#breadcrumb","itemListElement":[{"@type":"ListItem","position":1,"name":"Accueil","item":"https:\/\/www.tourisme-marchesdebretagne.com\/en\/"},{"@type":"ListItem","position":2,"name":"Agenda","item":"https:\/\/www.tourisme-marchesdebretagne.com\/en\/category\/agenda\/"},{"@type":"ListItem","position":3,"name":"Balade comment\u00e9e sur la R\u00e9galante"}]},{"@type":"Article","@id":"https:\/\/www.tourisme-marchesdebretagne.com\/en\/balade-commentee-sur-la-regalante\/#article","isPartOf":{"@id":"https:\/\/www.tourisme-marchesdebretagne.com\/en\/balade-commentee-sur-la-regalante\/#webpage"},"author":{"@id":"https:\/\/www.tourisme-marchesdebretagne.com\/en\/#\/schema\/person\/f34ae55a5dabe6b57b374cdf485ec6c6"},"headline":"Balade comment\u00e9e sur la R\u00e9galante","datePublished":"2026-03-04T06:37:00+00:00","dateModified":"2026-03-15T08:03:13+00:00","mainEntityOfPage":{"@id":"https:\/\/www.tourisme-marchesdebretagne.com\/en\/balade-commentee-sur-la-regalante\/#webpage"},"wordCount":184,"publisher":{"@id":"https:\/\/www.tourisme-marchesdebretagne.com\/en\/#organization"},"image":{"@id":"https:\/\/www.tourisme-marchesdebretagne.com\/en\/balade-commentee-sur-la-regalante\/#primaryimage"},"thumbnailUrl":"https:\/\/www.tourisme-marchesdebretagne.com\/wp-content\/uploads\/2026\/03\/Balade-aux-tunnels-de-Tremblay-Ediluz-867x630-1.jpg","articleSection":["Agenda"],"inLanguage":"en-US"},{"@type":"Person","@id":"https:\/\/www.tourisme-marchesdebretagne.com\/en\/#\/schema\/person\/f34ae55a5dabe6b57b374cdf485ec6c6","name":"Anne-Mich\u00e8le GAUCHARD","image":{"@type":"ImageObject","@id":"https:\/\/www.tourisme-marchesdebretagne.com\/en\/#personlogo","inLanguage":"en-US","url":"https:\/\/secure.gravatar.com\/avatar\/1cbdb3a64f05514dd7b49d6b8eb251f6?s=96&d=mm&r=g","contentUrl":"https:\/\/secure.gravatar.com\/avatar\/1cbdb3a64f05514dd7b49d6b8eb251f6?s=96&d=mm&r=g","caption":"Anne-Mich\u00e8le GAUCHARD"}}]}},"_links":{"self":[{"href":"https:\/\/www.tourisme-marchesdebretagne.com\/en\/wp-json\/wp\/v2\/posts\/242231"}],"collection":[{"href":"https:\/\/www.tourisme-marchesdebretagne.com\/en\/wp-json\/wp\/v2\/posts"}],"about":[{"href":"https:\/\/www.tourisme-marchesdebretagne.com\/en\/wp-json\/wp\/v2\/types\/post"}],"author":[{"embeddable":true,"href":"https:\/\/www.tourisme-marchesdebretagne.com\/en\/wp-json\/wp\/v2\/users\/8"}],"replies":[{"embeddable":true,"href":"https:\/\/www.tourisme-marchesdebretagne.com\/en\/wp-json\/wp\/v2\/comments?post=242231"}],"version-history":[{"count":4,"href":"https:\/\/www.tourisme-marchesdebretagne.com\/en\/wp-json\/wp\/v2\/posts\/242231\/revisions"}],"predecessor-version":[{"id":242265,"href":"https:\/\/www.tourisme-marchesdebretagne.com\/en\/wp-json\/wp\/v2\/posts\/242231\/revisions\/242265"}],"wp:featuredmedia":[{"embeddable":true,"href":"https:\/\/www.tourisme-marchesdebretagne.com\/en\/wp-json\/wp\/v2\/media\/242374"}],"wp:attachment":[{"href":"https:\/\/www.tourisme-marchesdebretagne.com\/en\/wp-json\/wp\/v2\/media?parent=242231"}],"wp:term":[{"taxonomy":"category","embeddable":true,"href":"https:\/\/www.tourisme-marchesdebretagne.com\/en\/wp-json\/wp\/v2\/categories?post=242231"},{"taxonomy":"post_tag","embeddable":true,"href":"https:\/\/www.tourisme-marchesdebretagne.com\/en\/wp-json\/wp\/v2\/tags?post=242231"}],"curies":[{"name":"wp","href":"https:\/\/api.w.org\/{rel}","templated":true}]}}