{"id":242851,"date":"2026-04-24T09:20:16","date_gmt":"2026-04-24T07:20:16","guid":{"rendered":"https:\/\/www.tourisme-marchesdebretagne.com\/coglais-musique-jeanne-morel-fete-son-50eme-anniversaire\/"},"modified":"2026-04-27T05:01:40","modified_gmt":"2026-04-27T03:01:40","slug":"coglais-musique-jeanne-morel-fete-son-50eme-anniversaire","status":"publish","type":"post","link":"https:\/\/www.tourisme-marchesdebretagne.com\/en\/coglais-musique-jeanne-morel-fete-son-50eme-anniversaire\/","title":{"rendered":"Coglais Musique Jeanne Morel f\u00eate son 50\u00e8me anniversaire"},"content":{"rendered":"<p>L&#8217;\u00e9cole de musique Coglais Musique Jeanne Morel, bas\u00e9e \u00e0 Saint-Brice-en-Cogl\u00e8s, aura le plaisir de c\u00e9l\u00e9brer son 50\u1d49 anniversaire.<\/p>\n<p>\u00c0 partir de 14 h, d\u00e9couvrez une exposition consacr\u00e9e \u00e0 l\u2019histoire de l\u2019\u00e9cole, retra\u00e7ant son \u00e9volution depuis sa cr\u00e9ation jusqu\u2019\u00e0 aujourd\u2019hui.<br \/>\n\u00c0 travers des photographies, des documents d\u2019archives, des instruments anciens et des t\u00e9moignages, cette exposition mettra en lumi\u00e8re les moments marquants, les professeurs embl\u00e9matiques ainsi que les g\u00e9n\u00e9rations d\u2019\u00e9l\u00e8ves qui ont contribu\u00e9 \u00e0 faire vivre cet \u00e9tablissement.<\/p>\n<p>Venez \u00e9galement \u00e9couter et, si vous le souhaitez, participer aux sc\u00e8nes ouvertes organis\u00e9es tout au long de l\u2019apr\u00e8s-midi.<br \/>\nPuis \u00e0 20h30, un concert de cl\u00f4ture sera propos\u00e9. <\/p>\n<p>Buvette propos\u00e9 durant cet \u00e9v\u00e9nement, et restauration disponible avant le concert, avec la pr\u00e9sence de food-trucks (pizza, hamburgers).<\/p>\n<p>Cet \u00e9v\u00e9nement s\u2019inscrit dans le cadre du Printemps du Coglais, organis\u00e9 par Couesnon Marches de Bretagne.<\/p>\n<p>Acc\u00e8s gratuit.<\/p>\n","protected":false},"excerpt":{"rendered":"<p>L&#8217;\u00e9cole de musique Coglais Musique Jeanne Morel, bas\u00e9e \u00e0 Saint-Brice-en-Cogl\u00e8s, aura le plaisir de c\u00e9l\u00e9brer son 50\u1d49 anniversaire. \u00c0 partir de 14 h, d\u00e9couvrez une exposition consacr\u00e9e \u00e0 l\u2019histoire de l\u2019\u00e9cole, retra\u00e7ant son \u00e9volution depuis sa cr\u00e9ation jusqu\u2019\u00e0 aujourd\u2019hui. \u00c0 travers des photographies, des documents d\u2019archives, des instruments anciens et des t\u00e9moignages, cette exposition mettra [&hellip;]<\/p>\n","protected":false},"author":0,"featured_media":242852,"comment_status":"closed","ping_status":"open","sticky":false,"template":"","format":"standard","meta":{"footnotes":""},"categories":[16],"tags":[],"acf":[],"yoast_head":"<!-- This site is optimized with the Yoast SEO plugin v18.4.1 - https:\/\/yoast.com\/wordpress\/plugins\/seo\/ -->\n<title>Coglais Musique Jeanne Morel f\u00eate son 50\u00e8me anniversaire - Office de tourisme Couesnon Marches de Bretagne<\/title>\n<meta name=\"robots\" content=\"index, follow, max-snippet:-1, max-image-preview:large, max-video-preview:-1\" \/>\n<link rel=\"canonical\" href=\"https:\/\/www.tourisme-marchesdebretagne.com\/en\/coglais-musique-jeanne-morel-fete-son-50eme-anniversaire\/\" \/>\n<meta property=\"og:locale\" content=\"en_US\" \/>\n<meta property=\"og:type\" content=\"article\" \/>\n<meta property=\"og:title\" content=\"Coglais Musique Jeanne Morel f\u00eate son 50\u00e8me anniversaire - Office de tourisme Couesnon Marches de Bretagne\" \/>\n<meta property=\"og:description\" content=\"L&#8217;\u00e9cole de musique Coglais Musique Jeanne Morel, bas\u00e9e \u00e0 Saint-Brice-en-Cogl\u00e8s, aura le plaisir de c\u00e9l\u00e9brer son 50\u1d49 anniversaire. \u00c0 partir de 14 h, d\u00e9couvrez une exposition consacr\u00e9e \u00e0 l\u2019histoire de l\u2019\u00e9cole, retra\u00e7ant son \u00e9volution depuis sa cr\u00e9ation jusqu\u2019\u00e0 aujourd\u2019hui. \u00c0 travers des photographies, des documents d\u2019archives, des instruments anciens et des t\u00e9moignages, cette exposition mettra [&hellip;]\" \/>\n<meta property=\"og:url\" content=\"https:\/\/www.tourisme-marchesdebretagne.com\/en\/coglais-musique-jeanne-morel-fete-son-50eme-anniversaire\/\" \/>\n<meta property=\"og:site_name\" content=\"Office de tourisme Couesnon Marches de Bretagne\" \/>\n<meta property=\"article:published_time\" content=\"2026-04-24T07:20:16+00:00\" \/>\n<meta property=\"article:modified_time\" content=\"2026-04-27T03:01:40+00:00\" \/>\n<meta property=\"og:image\" content=\"https:\/\/www.tourisme-marchesdebretagne.com\/wp-content\/uploads\/2026\/04\/50-ans-Jeanne-Morel.jpg\" \/>\n\t<meta property=\"og:image:width\" content=\"900\" \/>\n\t<meta property=\"og:image:height\" content=\"633\" \/>\n\t<meta property=\"og:image:type\" content=\"image\/jpeg\" \/>\n<meta name=\"twitter:card\" content=\"summary_large_image\" \/>\n<meta name=\"twitter:label1\" content=\"Est. reading time\" \/>\n\t<meta name=\"twitter:data1\" content=\"1 minute\" \/>\n<script type=\"application\/ld+json\" class=\"yoast-schema-graph\">{\"@context\":\"https:\/\/schema.org\",\"@graph\":[{\"@type\":\"Organization\",\"@id\":\"https:\/\/www.tourisme-marchesdebretagne.com\/en\/#organization\",\"name\":\"R\u00e9sultats de recherche R\u00e9sultats Web http:\/\/www.tourisme-marchesdebretagne.com\/www.tourisme-marchesdebretagne.com \u203a marches March\u00e9s - Office de Tourisme Couesnon Marches de Bretagne\",\"url\":\"https:\/\/www.tourisme-marchesdebretagne.com\/en\/\",\"sameAs\":[],\"logo\":{\"@type\":\"ImageObject\",\"@id\":\"https:\/\/www.tourisme-marchesdebretagne.com\/en\/#logo\",\"inLanguage\":\"en-US\",\"url\":\"https:\/\/www.tourisme-marchesdebretagne.com\/wp-content\/uploads\/2019\/12\/header_logo_grand.png\",\"contentUrl\":\"https:\/\/www.tourisme-marchesdebretagne.com\/wp-content\/uploads\/2019\/12\/header_logo_grand.png\",\"width\":280,\"height\":76,\"caption\":\"R\u00e9sultats de recherche R\u00e9sultats Web http:\/\/www.tourisme-marchesdebretagne.com\/www.tourisme-marchesdebretagne.com \u203a marches March\u00e9s - Office de Tourisme Couesnon Marches de Bretagne\"},\"image\":{\"@id\":\"https:\/\/www.tourisme-marchesdebretagne.com\/en\/#logo\"}},{\"@type\":\"WebSite\",\"@id\":\"https:\/\/www.tourisme-marchesdebretagne.com\/en\/#website\",\"url\":\"https:\/\/www.tourisme-marchesdebretagne.com\/en\/\",\"name\":\"Office de tourisme Couesnon Marches de Bretagne\",\"description\":\"Le site officiel de l&#039;Office de Tourisme Couesnon Marches de Bretagne \u00e0 Bazouges-la-P\u00e9rouse et Maen Roch en Ille-et-Vilaine.\",\"publisher\":{\"@id\":\"https:\/\/www.tourisme-marchesdebretagne.com\/en\/#organization\"},\"potentialAction\":[{\"@type\":\"SearchAction\",\"target\":{\"@type\":\"EntryPoint\",\"urlTemplate\":\"https:\/\/www.tourisme-marchesdebretagne.com\/en\/?s={search_term_string}\"},\"query-input\":\"required name=search_term_string\"}],\"inLanguage\":\"en-US\"},{\"@type\":\"ImageObject\",\"@id\":\"https:\/\/www.tourisme-marchesdebretagne.com\/en\/coglais-musique-jeanne-morel-fete-son-50eme-anniversaire\/#primaryimage\",\"inLanguage\":\"en-US\",\"url\":\"https:\/\/www.tourisme-marchesdebretagne.com\/wp-content\/uploads\/2026\/04\/50-ans-Jeanne-Morel.jpg\",\"contentUrl\":\"https:\/\/www.tourisme-marchesdebretagne.com\/wp-content\/uploads\/2026\/04\/50-ans-Jeanne-Morel.jpg\",\"width\":900,\"height\":633},{\"@type\":\"WebPage\",\"@id\":\"https:\/\/www.tourisme-marchesdebretagne.com\/en\/coglais-musique-jeanne-morel-fete-son-50eme-anniversaire\/#webpage\",\"url\":\"https:\/\/www.tourisme-marchesdebretagne.com\/en\/coglais-musique-jeanne-morel-fete-son-50eme-anniversaire\/\",\"name\":\"Coglais Musique Jeanne Morel f\u00eate son 50\u00e8me anniversaire - Office de tourisme Couesnon Marches de Bretagne\",\"isPartOf\":{\"@id\":\"https:\/\/www.tourisme-marchesdebretagne.com\/en\/#website\"},\"primaryImageOfPage\":{\"@id\":\"https:\/\/www.tourisme-marchesdebretagne.com\/en\/coglais-musique-jeanne-morel-fete-son-50eme-anniversaire\/#primaryimage\"},\"datePublished\":\"2026-04-24T07:20:16+00:00\",\"dateModified\":\"2026-04-27T03:01:40+00:00\",\"breadcrumb\":{\"@id\":\"https:\/\/www.tourisme-marchesdebretagne.com\/en\/coglais-musique-jeanne-morel-fete-son-50eme-anniversaire\/#breadcrumb\"},\"inLanguage\":\"en-US\",\"potentialAction\":[{\"@type\":\"ReadAction\",\"target\":[\"https:\/\/www.tourisme-marchesdebretagne.com\/en\/coglais-musique-jeanne-morel-fete-son-50eme-anniversaire\/\"]}]},{\"@type\":\"BreadcrumbList\",\"@id\":\"https:\/\/www.tourisme-marchesdebretagne.com\/en\/coglais-musique-jeanne-morel-fete-son-50eme-anniversaire\/#breadcrumb\",\"itemListElement\":[{\"@type\":\"ListItem\",\"position\":1,\"name\":\"Accueil\",\"item\":\"https:\/\/www.tourisme-marchesdebretagne.com\/en\/\"},{\"@type\":\"ListItem\",\"position\":2,\"name\":\"Agenda\",\"item\":\"https:\/\/www.tourisme-marchesdebretagne.com\/en\/category\/agenda\/\"},{\"@type\":\"ListItem\",\"position\":3,\"name\":\"Coglais Musique Jeanne Morel f\u00eate son 50\u00e8me anniversaire\"}]},{\"@type\":\"Article\",\"@id\":\"https:\/\/www.tourisme-marchesdebretagne.com\/en\/coglais-musique-jeanne-morel-fete-son-50eme-anniversaire\/#article\",\"isPartOf\":{\"@id\":\"https:\/\/www.tourisme-marchesdebretagne.com\/en\/coglais-musique-jeanne-morel-fete-son-50eme-anniversaire\/#webpage\"},\"author\":{\"@id\":\"\"},\"headline\":\"Coglais Musique Jeanne Morel f\u00eate son 50\u00e8me anniversaire\",\"datePublished\":\"2026-04-24T07:20:16+00:00\",\"dateModified\":\"2026-04-27T03:01:40+00:00\",\"mainEntityOfPage\":{\"@id\":\"https:\/\/www.tourisme-marchesdebretagne.com\/en\/coglais-musique-jeanne-morel-fete-son-50eme-anniversaire\/#webpage\"},\"wordCount\":170,\"publisher\":{\"@id\":\"https:\/\/www.tourisme-marchesdebretagne.com\/en\/#organization\"},\"image\":{\"@id\":\"https:\/\/www.tourisme-marchesdebretagne.com\/en\/coglais-musique-jeanne-morel-fete-son-50eme-anniversaire\/#primaryimage\"},\"thumbnailUrl\":\"https:\/\/www.tourisme-marchesdebretagne.com\/wp-content\/uploads\/2026\/04\/50-ans-Jeanne-Morel.jpg\",\"articleSection\":[\"Agenda\"],\"inLanguage\":\"en-US\"}]}<\/script>\n<!-- \/ Yoast SEO plugin. -->","yoast_head_json":{"title":"Coglais Musique Jeanne Morel f\u00eate son 50\u00e8me anniversaire - Office de tourisme Couesnon Marches de Bretagne","robots":{"index":"index","follow":"follow","max-snippet":"max-snippet:-1","max-image-preview":"max-image-preview:large","max-video-preview":"max-video-preview:-1"},"canonical":"https:\/\/www.tourisme-marchesdebretagne.com\/en\/coglais-musique-jeanne-morel-fete-son-50eme-anniversaire\/","og_locale":"en_US","og_type":"article","og_title":"Coglais Musique Jeanne Morel f\u00eate son 50\u00e8me anniversaire - Office de tourisme Couesnon Marches de Bretagne","og_description":"L&#8217;\u00e9cole de musique Coglais Musique Jeanne Morel, bas\u00e9e \u00e0 Saint-Brice-en-Cogl\u00e8s, aura le plaisir de c\u00e9l\u00e9brer son 50\u1d49 anniversaire. \u00c0 partir de 14 h, d\u00e9couvrez une exposition consacr\u00e9e \u00e0 l\u2019histoire de l\u2019\u00e9cole, retra\u00e7ant son \u00e9volution depuis sa cr\u00e9ation jusqu\u2019\u00e0 aujourd\u2019hui. \u00c0 travers des photographies, des documents d\u2019archives, des instruments anciens et des t\u00e9moignages, cette exposition mettra [&hellip;]","og_url":"https:\/\/www.tourisme-marchesdebretagne.com\/en\/coglais-musique-jeanne-morel-fete-son-50eme-anniversaire\/","og_site_name":"Office de tourisme Couesnon Marches de Bretagne","article_published_time":"2026-04-24T07:20:16+00:00","article_modified_time":"2026-04-27T03:01:40+00:00","og_image":[{"width":900,"height":633,"url":"https:\/\/www.tourisme-marchesdebretagne.com\/wp-content\/uploads\/2026\/04\/50-ans-Jeanne-Morel.jpg","type":"image\/jpeg"}],"twitter_card":"summary_large_image","twitter_misc":{"Est. reading time":"1 minute"},"schema":{"@context":"https:\/\/schema.org","@graph":[{"@type":"Organization","@id":"https:\/\/www.tourisme-marchesdebretagne.com\/en\/#organization","name":"R\u00e9sultats de recherche R\u00e9sultats Web http:\/\/www.tourisme-marchesdebretagne.com\/www.tourisme-marchesdebretagne.com \u203a marches March\u00e9s - Office de Tourisme Couesnon Marches de Bretagne","url":"https:\/\/www.tourisme-marchesdebretagne.com\/en\/","sameAs":[],"logo":{"@type":"ImageObject","@id":"https:\/\/www.tourisme-marchesdebretagne.com\/en\/#logo","inLanguage":"en-US","url":"https:\/\/www.tourisme-marchesdebretagne.com\/wp-content\/uploads\/2019\/12\/header_logo_grand.png","contentUrl":"https:\/\/www.tourisme-marchesdebretagne.com\/wp-content\/uploads\/2019\/12\/header_logo_grand.png","width":280,"height":76,"caption":"R\u00e9sultats de recherche R\u00e9sultats Web http:\/\/www.tourisme-marchesdebretagne.com\/www.tourisme-marchesdebretagne.com \u203a marches March\u00e9s - Office de Tourisme Couesnon Marches de Bretagne"},"image":{"@id":"https:\/\/www.tourisme-marchesdebretagne.com\/en\/#logo"}},{"@type":"WebSite","@id":"https:\/\/www.tourisme-marchesdebretagne.com\/en\/#website","url":"https:\/\/www.tourisme-marchesdebretagne.com\/en\/","name":"Office de tourisme Couesnon Marches de Bretagne","description":"Le site officiel de l&#039;Office de Tourisme Couesnon Marches de Bretagne \u00e0 Bazouges-la-P\u00e9rouse et Maen Roch en Ille-et-Vilaine.","publisher":{"@id":"https:\/\/www.tourisme-marchesdebretagne.com\/en\/#organization"},"potentialAction":[{"@type":"SearchAction","target":{"@type":"EntryPoint","urlTemplate":"https:\/\/www.tourisme-marchesdebretagne.com\/en\/?s={search_term_string}"},"query-input":"required name=search_term_string"}],"inLanguage":"en-US"},{"@type":"ImageObject","@id":"https:\/\/www.tourisme-marchesdebretagne.com\/en\/coglais-musique-jeanne-morel-fete-son-50eme-anniversaire\/#primaryimage","inLanguage":"en-US","url":"https:\/\/www.tourisme-marchesdebretagne.com\/wp-content\/uploads\/2026\/04\/50-ans-Jeanne-Morel.jpg","contentUrl":"https:\/\/www.tourisme-marchesdebretagne.com\/wp-content\/uploads\/2026\/04\/50-ans-Jeanne-Morel.jpg","width":900,"height":633},{"@type":"WebPage","@id":"https:\/\/www.tourisme-marchesdebretagne.com\/en\/coglais-musique-jeanne-morel-fete-son-50eme-anniversaire\/#webpage","url":"https:\/\/www.tourisme-marchesdebretagne.com\/en\/coglais-musique-jeanne-morel-fete-son-50eme-anniversaire\/","name":"Coglais Musique Jeanne Morel f\u00eate son 50\u00e8me anniversaire - Office de tourisme Couesnon Marches de Bretagne","isPartOf":{"@id":"https:\/\/www.tourisme-marchesdebretagne.com\/en\/#website"},"primaryImageOfPage":{"@id":"https:\/\/www.tourisme-marchesdebretagne.com\/en\/coglais-musique-jeanne-morel-fete-son-50eme-anniversaire\/#primaryimage"},"datePublished":"2026-04-24T07:20:16+00:00","dateModified":"2026-04-27T03:01:40+00:00","breadcrumb":{"@id":"https:\/\/www.tourisme-marchesdebretagne.com\/en\/coglais-musique-jeanne-morel-fete-son-50eme-anniversaire\/#breadcrumb"},"inLanguage":"en-US","potentialAction":[{"@type":"ReadAction","target":["https:\/\/www.tourisme-marchesdebretagne.com\/en\/coglais-musique-jeanne-morel-fete-son-50eme-anniversaire\/"]}]},{"@type":"BreadcrumbList","@id":"https:\/\/www.tourisme-marchesdebretagne.com\/en\/coglais-musique-jeanne-morel-fete-son-50eme-anniversaire\/#breadcrumb","itemListElement":[{"@type":"ListItem","position":1,"name":"Accueil","item":"https:\/\/www.tourisme-marchesdebretagne.com\/en\/"},{"@type":"ListItem","position":2,"name":"Agenda","item":"https:\/\/www.tourisme-marchesdebretagne.com\/en\/category\/agenda\/"},{"@type":"ListItem","position":3,"name":"Coglais Musique Jeanne Morel f\u00eate son 50\u00e8me anniversaire"}]},{"@type":"Article","@id":"https:\/\/www.tourisme-marchesdebretagne.com\/en\/coglais-musique-jeanne-morel-fete-son-50eme-anniversaire\/#article","isPartOf":{"@id":"https:\/\/www.tourisme-marchesdebretagne.com\/en\/coglais-musique-jeanne-morel-fete-son-50eme-anniversaire\/#webpage"},"author":{"@id":""},"headline":"Coglais Musique Jeanne Morel f\u00eate son 50\u00e8me anniversaire","datePublished":"2026-04-24T07:20:16+00:00","dateModified":"2026-04-27T03:01:40+00:00","mainEntityOfPage":{"@id":"https:\/\/www.tourisme-marchesdebretagne.com\/en\/coglais-musique-jeanne-morel-fete-son-50eme-anniversaire\/#webpage"},"wordCount":170,"publisher":{"@id":"https:\/\/www.tourisme-marchesdebretagne.com\/en\/#organization"},"image":{"@id":"https:\/\/www.tourisme-marchesdebretagne.com\/en\/coglais-musique-jeanne-morel-fete-son-50eme-anniversaire\/#primaryimage"},"thumbnailUrl":"https:\/\/www.tourisme-marchesdebretagne.com\/wp-content\/uploads\/2026\/04\/50-ans-Jeanne-Morel.jpg","articleSection":["Agenda"],"inLanguage":"en-US"}]}},"_links":{"self":[{"href":"https:\/\/www.tourisme-marchesdebretagne.com\/en\/wp-json\/wp\/v2\/posts\/242851"}],"collection":[{"href":"https:\/\/www.tourisme-marchesdebretagne.com\/en\/wp-json\/wp\/v2\/posts"}],"about":[{"href":"https:\/\/www.tourisme-marchesdebretagne.com\/en\/wp-json\/wp\/v2\/types\/post"}],"replies":[{"embeddable":true,"href":"https:\/\/www.tourisme-marchesdebretagne.com\/en\/wp-json\/wp\/v2\/comments?post=242851"}],"version-history":[{"count":1,"href":"https:\/\/www.tourisme-marchesdebretagne.com\/en\/wp-json\/wp\/v2\/posts\/242851\/revisions"}],"predecessor-version":[{"id":242854,"href":"https:\/\/www.tourisme-marchesdebretagne.com\/en\/wp-json\/wp\/v2\/posts\/242851\/revisions\/242854"}],"wp:featuredmedia":[{"embeddable":true,"href":"https:\/\/www.tourisme-marchesdebretagne.com\/en\/wp-json\/wp\/v2\/media\/242852"}],"wp:attachment":[{"href":"https:\/\/www.tourisme-marchesdebretagne.com\/en\/wp-json\/wp\/v2\/media?parent=242851"}],"wp:term":[{"taxonomy":"category","embeddable":true,"href":"https:\/\/www.tourisme-marchesdebretagne.com\/en\/wp-json\/wp\/v2\/categories?post=242851"},{"taxonomy":"post_tag","embeddable":true,"href":"https:\/\/www.tourisme-marchesdebretagne.com\/en\/wp-json\/wp\/v2\/tags?post=242851"}],"curies":[{"name":"wp","href":"https:\/\/api.w.org\/{rel}","templated":true}]}}