{"id":242905,"date":"2026-04-29T07:36:00","date_gmt":"2026-04-29T05:36:00","guid":{"rendered":"https:\/\/www.tourisme-marchesdebretagne.com\/neurodon-aux-jardins-de-la-ballue\/"},"modified":"2026-04-29T07:36:02","modified_gmt":"2026-04-29T05:36:02","slug":"neurodon-aux-jardins-de-la-ballue","status":"publish","type":"post","link":"https:\/\/www.tourisme-marchesdebretagne.com\/en\/neurodon-aux-jardins-de-la-ballue\/","title":{"rendered":"Neurodon aux Jardins de la Ballue"},"content":{"rendered":"<p>Les Jardins de la Ballue, fid\u00e8le partenaire de Neurodon depuis 20 ans, vous invite \u00e0 contribuer aux recherches en neurosciences en visitant ses jardins !<\/p>\n<p>En visitant les jardins lors de ces trois jours, chaque entr\u00e9e permet un don de 2 \u20ac qui sera revers\u00e9 \u00e0 la Fondation pour la Recherche sur le Cerveau (FRC). Votre visite contribuera ainsi \u00e0 faire avancer la recherche pour les maladies neurologiques telles que la maladie de Parkinson, la scl\u00e9rose en plaques ou l&#8217;\u00e9pilepsie. <\/p>\n<p>\u00c0 la fois monuments historiques en tant qu\u2019\u0153uvre d\u2019art contemporaine et labellis\u00e9s Jardin Remarquable, les jardins de la Ballue offrent un merveilleux spectacle \u00e0 cette p\u00e9riode de l\u2019ann\u00e9e. C\u2019est l\u2019apoth\u00e9ose de la floraison de la c\u00e9l\u00e8bre all\u00e9e des glycines. Les verts tendres des charmilles et des tro\u00e8nes dor\u00e9s jouent dans la lumi\u00e8re et contrastent avec le vert sombre des ifs. Venez vous perdre dans le labyrinthe et admirer le vaste paysage mis en sc\u00e8ne par le jardin sur la vall\u00e9e du Couesnon.<\/p>\n<p>Il n\u2019est pas n\u00e9cessaire de r\u00e9server son entr\u00e9e \u00e0 l\u2019avance.<\/p>\n","protected":false},"excerpt":{"rendered":"<p>Les Jardins de la Ballue, fid\u00e8le partenaire de Neurodon depuis 20 ans, vous invite \u00e0 contribuer aux recherches en neurosciences en visitant ses jardins ! En visitant les jardins lors de ces trois jours, chaque entr\u00e9e permet un don de 2 \u20ac qui sera revers\u00e9 \u00e0 la Fondation pour la Recherche sur le Cerveau (FRC). [&hellip;]<\/p>\n","protected":false},"author":0,"featured_media":242906,"comment_status":"closed","ping_status":"open","sticky":false,"template":"","format":"standard","meta":{"footnotes":""},"categories":[16],"tags":[],"acf":[],"yoast_head":"<!-- This site is optimized with the Yoast SEO plugin v18.4.1 - https:\/\/yoast.com\/wordpress\/plugins\/seo\/ -->\n<title>Neurodon aux Jardins de la Ballue - Office de tourisme Couesnon Marches de Bretagne<\/title>\n<meta name=\"robots\" content=\"index, follow, max-snippet:-1, max-image-preview:large, max-video-preview:-1\" \/>\n<link rel=\"canonical\" href=\"https:\/\/www.tourisme-marchesdebretagne.com\/en\/neurodon-aux-jardins-de-la-ballue\/\" \/>\n<meta property=\"og:locale\" content=\"en_US\" \/>\n<meta property=\"og:type\" content=\"article\" \/>\n<meta property=\"og:title\" content=\"Neurodon aux Jardins de la Ballue - Office de tourisme Couesnon Marches de Bretagne\" \/>\n<meta property=\"og:description\" content=\"Les Jardins de la Ballue, fid\u00e8le partenaire de Neurodon depuis 20 ans, vous invite \u00e0 contribuer aux recherches en neurosciences en visitant ses jardins ! En visitant les jardins lors de ces trois jours, chaque entr\u00e9e permet un don de 2 \u20ac qui sera revers\u00e9 \u00e0 la Fondation pour la Recherche sur le Cerveau (FRC). [&hellip;]\" \/>\n<meta property=\"og:url\" content=\"https:\/\/www.tourisme-marchesdebretagne.com\/en\/neurodon-aux-jardins-de-la-ballue\/\" \/>\n<meta property=\"og:site_name\" content=\"Office de tourisme Couesnon Marches de Bretagne\" \/>\n<meta property=\"article:published_time\" content=\"2026-04-29T05:36:00+00:00\" \/>\n<meta property=\"article:modified_time\" content=\"2026-04-29T05:36:02+00:00\" \/>\n<meta property=\"og:image\" content=\"https:\/\/www.tourisme-marchesdebretagne.com\/wp-content\/uploads\/2026\/04\/Facade-du-chateau-de-la-Ballue-et-son-jardin-regulier-Simon-Bourcier-2.jpg\" \/>\n\t<meta property=\"og:image:width\" content=\"800\" \/>\n\t<meta property=\"og:image:height\" content=\"533\" \/>\n\t<meta property=\"og:image:type\" content=\"image\/jpeg\" \/>\n<meta name=\"twitter:card\" content=\"summary_large_image\" \/>\n<meta name=\"twitter:label1\" content=\"Est. reading time\" \/>\n\t<meta name=\"twitter:data1\" content=\"1 minute\" \/>\n<script type=\"application\/ld+json\" class=\"yoast-schema-graph\">{\"@context\":\"https:\/\/schema.org\",\"@graph\":[{\"@type\":\"Organization\",\"@id\":\"https:\/\/www.tourisme-marchesdebretagne.com\/en\/#organization\",\"name\":\"R\u00e9sultats de recherche R\u00e9sultats Web http:\/\/www.tourisme-marchesdebretagne.com\/www.tourisme-marchesdebretagne.com \u203a marches March\u00e9s - Office de Tourisme Couesnon Marches de Bretagne\",\"url\":\"https:\/\/www.tourisme-marchesdebretagne.com\/en\/\",\"sameAs\":[],\"logo\":{\"@type\":\"ImageObject\",\"@id\":\"https:\/\/www.tourisme-marchesdebretagne.com\/en\/#logo\",\"inLanguage\":\"en-US\",\"url\":\"https:\/\/www.tourisme-marchesdebretagne.com\/wp-content\/uploads\/2019\/12\/header_logo_grand.png\",\"contentUrl\":\"https:\/\/www.tourisme-marchesdebretagne.com\/wp-content\/uploads\/2019\/12\/header_logo_grand.png\",\"width\":280,\"height\":76,\"caption\":\"R\u00e9sultats de recherche R\u00e9sultats Web http:\/\/www.tourisme-marchesdebretagne.com\/www.tourisme-marchesdebretagne.com \u203a marches March\u00e9s - Office de Tourisme Couesnon Marches de Bretagne\"},\"image\":{\"@id\":\"https:\/\/www.tourisme-marchesdebretagne.com\/en\/#logo\"}},{\"@type\":\"WebSite\",\"@id\":\"https:\/\/www.tourisme-marchesdebretagne.com\/en\/#website\",\"url\":\"https:\/\/www.tourisme-marchesdebretagne.com\/en\/\",\"name\":\"Office de tourisme Couesnon Marches de Bretagne\",\"description\":\"Le site officiel de l&#039;Office de Tourisme Couesnon Marches de Bretagne \u00e0 Bazouges-la-P\u00e9rouse et Maen Roch en Ille-et-Vilaine.\",\"publisher\":{\"@id\":\"https:\/\/www.tourisme-marchesdebretagne.com\/en\/#organization\"},\"potentialAction\":[{\"@type\":\"SearchAction\",\"target\":{\"@type\":\"EntryPoint\",\"urlTemplate\":\"https:\/\/www.tourisme-marchesdebretagne.com\/en\/?s={search_term_string}\"},\"query-input\":\"required name=search_term_string\"}],\"inLanguage\":\"en-US\"},{\"@type\":\"ImageObject\",\"@id\":\"https:\/\/www.tourisme-marchesdebretagne.com\/en\/neurodon-aux-jardins-de-la-ballue\/#primaryimage\",\"inLanguage\":\"en-US\",\"url\":\"https:\/\/www.tourisme-marchesdebretagne.com\/wp-content\/uploads\/2026\/04\/Facade-du-chateau-de-la-Ballue-et-son-jardin-regulier-Simon-Bourcier-2.jpg\",\"contentUrl\":\"https:\/\/www.tourisme-marchesdebretagne.com\/wp-content\/uploads\/2026\/04\/Facade-du-chateau-de-la-Ballue-et-son-jardin-regulier-Simon-Bourcier-2.jpg\",\"width\":800,\"height\":533},{\"@type\":\"WebPage\",\"@id\":\"https:\/\/www.tourisme-marchesdebretagne.com\/en\/neurodon-aux-jardins-de-la-ballue\/#webpage\",\"url\":\"https:\/\/www.tourisme-marchesdebretagne.com\/en\/neurodon-aux-jardins-de-la-ballue\/\",\"name\":\"Neurodon aux Jardins de la Ballue - Office de tourisme Couesnon Marches de Bretagne\",\"isPartOf\":{\"@id\":\"https:\/\/www.tourisme-marchesdebretagne.com\/en\/#website\"},\"primaryImageOfPage\":{\"@id\":\"https:\/\/www.tourisme-marchesdebretagne.com\/en\/neurodon-aux-jardins-de-la-ballue\/#primaryimage\"},\"datePublished\":\"2026-04-29T05:36:00+00:00\",\"dateModified\":\"2026-04-29T05:36:02+00:00\",\"breadcrumb\":{\"@id\":\"https:\/\/www.tourisme-marchesdebretagne.com\/en\/neurodon-aux-jardins-de-la-ballue\/#breadcrumb\"},\"inLanguage\":\"en-US\",\"potentialAction\":[{\"@type\":\"ReadAction\",\"target\":[\"https:\/\/www.tourisme-marchesdebretagne.com\/en\/neurodon-aux-jardins-de-la-ballue\/\"]}]},{\"@type\":\"BreadcrumbList\",\"@id\":\"https:\/\/www.tourisme-marchesdebretagne.com\/en\/neurodon-aux-jardins-de-la-ballue\/#breadcrumb\",\"itemListElement\":[{\"@type\":\"ListItem\",\"position\":1,\"name\":\"Accueil\",\"item\":\"https:\/\/www.tourisme-marchesdebretagne.com\/en\/\"},{\"@type\":\"ListItem\",\"position\":2,\"name\":\"Agenda\",\"item\":\"https:\/\/www.tourisme-marchesdebretagne.com\/en\/category\/agenda\/\"},{\"@type\":\"ListItem\",\"position\":3,\"name\":\"Neurodon aux Jardins de la Ballue\"}]},{\"@type\":\"Article\",\"@id\":\"https:\/\/www.tourisme-marchesdebretagne.com\/en\/neurodon-aux-jardins-de-la-ballue\/#article\",\"isPartOf\":{\"@id\":\"https:\/\/www.tourisme-marchesdebretagne.com\/en\/neurodon-aux-jardins-de-la-ballue\/#webpage\"},\"author\":{\"@id\":\"\"},\"headline\":\"Neurodon aux Jardins de la Ballue\",\"datePublished\":\"2026-04-29T05:36:00+00:00\",\"dateModified\":\"2026-04-29T05:36:02+00:00\",\"mainEntityOfPage\":{\"@id\":\"https:\/\/www.tourisme-marchesdebretagne.com\/en\/neurodon-aux-jardins-de-la-ballue\/#webpage\"},\"wordCount\":194,\"publisher\":{\"@id\":\"https:\/\/www.tourisme-marchesdebretagne.com\/en\/#organization\"},\"image\":{\"@id\":\"https:\/\/www.tourisme-marchesdebretagne.com\/en\/neurodon-aux-jardins-de-la-ballue\/#primaryimage\"},\"thumbnailUrl\":\"https:\/\/www.tourisme-marchesdebretagne.com\/wp-content\/uploads\/2026\/04\/Facade-du-chateau-de-la-Ballue-et-son-jardin-regulier-Simon-Bourcier-2.jpg\",\"articleSection\":[\"Agenda\"],\"inLanguage\":\"en-US\"}]}<\/script>\n<!-- \/ Yoast SEO plugin. -->","yoast_head_json":{"title":"Neurodon aux Jardins de la Ballue - Office de tourisme Couesnon Marches de Bretagne","robots":{"index":"index","follow":"follow","max-snippet":"max-snippet:-1","max-image-preview":"max-image-preview:large","max-video-preview":"max-video-preview:-1"},"canonical":"https:\/\/www.tourisme-marchesdebretagne.com\/en\/neurodon-aux-jardins-de-la-ballue\/","og_locale":"en_US","og_type":"article","og_title":"Neurodon aux Jardins de la Ballue - Office de tourisme Couesnon Marches de Bretagne","og_description":"Les Jardins de la Ballue, fid\u00e8le partenaire de Neurodon depuis 20 ans, vous invite \u00e0 contribuer aux recherches en neurosciences en visitant ses jardins ! En visitant les jardins lors de ces trois jours, chaque entr\u00e9e permet un don de 2 \u20ac qui sera revers\u00e9 \u00e0 la Fondation pour la Recherche sur le Cerveau (FRC). [&hellip;]","og_url":"https:\/\/www.tourisme-marchesdebretagne.com\/en\/neurodon-aux-jardins-de-la-ballue\/","og_site_name":"Office de tourisme Couesnon Marches de Bretagne","article_published_time":"2026-04-29T05:36:00+00:00","article_modified_time":"2026-04-29T05:36:02+00:00","og_image":[{"width":800,"height":533,"url":"https:\/\/www.tourisme-marchesdebretagne.com\/wp-content\/uploads\/2026\/04\/Facade-du-chateau-de-la-Ballue-et-son-jardin-regulier-Simon-Bourcier-2.jpg","type":"image\/jpeg"}],"twitter_card":"summary_large_image","twitter_misc":{"Est. reading time":"1 minute"},"schema":{"@context":"https:\/\/schema.org","@graph":[{"@type":"Organization","@id":"https:\/\/www.tourisme-marchesdebretagne.com\/en\/#organization","name":"R\u00e9sultats de recherche R\u00e9sultats Web http:\/\/www.tourisme-marchesdebretagne.com\/www.tourisme-marchesdebretagne.com \u203a marches March\u00e9s - Office de Tourisme Couesnon Marches de Bretagne","url":"https:\/\/www.tourisme-marchesdebretagne.com\/en\/","sameAs":[],"logo":{"@type":"ImageObject","@id":"https:\/\/www.tourisme-marchesdebretagne.com\/en\/#logo","inLanguage":"en-US","url":"https:\/\/www.tourisme-marchesdebretagne.com\/wp-content\/uploads\/2019\/12\/header_logo_grand.png","contentUrl":"https:\/\/www.tourisme-marchesdebretagne.com\/wp-content\/uploads\/2019\/12\/header_logo_grand.png","width":280,"height":76,"caption":"R\u00e9sultats de recherche R\u00e9sultats Web http:\/\/www.tourisme-marchesdebretagne.com\/www.tourisme-marchesdebretagne.com \u203a marches March\u00e9s - Office de Tourisme Couesnon Marches de Bretagne"},"image":{"@id":"https:\/\/www.tourisme-marchesdebretagne.com\/en\/#logo"}},{"@type":"WebSite","@id":"https:\/\/www.tourisme-marchesdebretagne.com\/en\/#website","url":"https:\/\/www.tourisme-marchesdebretagne.com\/en\/","name":"Office de tourisme Couesnon Marches de Bretagne","description":"Le site officiel de l&#039;Office de Tourisme Couesnon Marches de Bretagne \u00e0 Bazouges-la-P\u00e9rouse et Maen Roch en Ille-et-Vilaine.","publisher":{"@id":"https:\/\/www.tourisme-marchesdebretagne.com\/en\/#organization"},"potentialAction":[{"@type":"SearchAction","target":{"@type":"EntryPoint","urlTemplate":"https:\/\/www.tourisme-marchesdebretagne.com\/en\/?s={search_term_string}"},"query-input":"required name=search_term_string"}],"inLanguage":"en-US"},{"@type":"ImageObject","@id":"https:\/\/www.tourisme-marchesdebretagne.com\/en\/neurodon-aux-jardins-de-la-ballue\/#primaryimage","inLanguage":"en-US","url":"https:\/\/www.tourisme-marchesdebretagne.com\/wp-content\/uploads\/2026\/04\/Facade-du-chateau-de-la-Ballue-et-son-jardin-regulier-Simon-Bourcier-2.jpg","contentUrl":"https:\/\/www.tourisme-marchesdebretagne.com\/wp-content\/uploads\/2026\/04\/Facade-du-chateau-de-la-Ballue-et-son-jardin-regulier-Simon-Bourcier-2.jpg","width":800,"height":533},{"@type":"WebPage","@id":"https:\/\/www.tourisme-marchesdebretagne.com\/en\/neurodon-aux-jardins-de-la-ballue\/#webpage","url":"https:\/\/www.tourisme-marchesdebretagne.com\/en\/neurodon-aux-jardins-de-la-ballue\/","name":"Neurodon aux Jardins de la Ballue - Office de tourisme Couesnon Marches de Bretagne","isPartOf":{"@id":"https:\/\/www.tourisme-marchesdebretagne.com\/en\/#website"},"primaryImageOfPage":{"@id":"https:\/\/www.tourisme-marchesdebretagne.com\/en\/neurodon-aux-jardins-de-la-ballue\/#primaryimage"},"datePublished":"2026-04-29T05:36:00+00:00","dateModified":"2026-04-29T05:36:02+00:00","breadcrumb":{"@id":"https:\/\/www.tourisme-marchesdebretagne.com\/en\/neurodon-aux-jardins-de-la-ballue\/#breadcrumb"},"inLanguage":"en-US","potentialAction":[{"@type":"ReadAction","target":["https:\/\/www.tourisme-marchesdebretagne.com\/en\/neurodon-aux-jardins-de-la-ballue\/"]}]},{"@type":"BreadcrumbList","@id":"https:\/\/www.tourisme-marchesdebretagne.com\/en\/neurodon-aux-jardins-de-la-ballue\/#breadcrumb","itemListElement":[{"@type":"ListItem","position":1,"name":"Accueil","item":"https:\/\/www.tourisme-marchesdebretagne.com\/en\/"},{"@type":"ListItem","position":2,"name":"Agenda","item":"https:\/\/www.tourisme-marchesdebretagne.com\/en\/category\/agenda\/"},{"@type":"ListItem","position":3,"name":"Neurodon aux Jardins de la Ballue"}]},{"@type":"Article","@id":"https:\/\/www.tourisme-marchesdebretagne.com\/en\/neurodon-aux-jardins-de-la-ballue\/#article","isPartOf":{"@id":"https:\/\/www.tourisme-marchesdebretagne.com\/en\/neurodon-aux-jardins-de-la-ballue\/#webpage"},"author":{"@id":""},"headline":"Neurodon aux Jardins de la Ballue","datePublished":"2026-04-29T05:36:00+00:00","dateModified":"2026-04-29T05:36:02+00:00","mainEntityOfPage":{"@id":"https:\/\/www.tourisme-marchesdebretagne.com\/en\/neurodon-aux-jardins-de-la-ballue\/#webpage"},"wordCount":194,"publisher":{"@id":"https:\/\/www.tourisme-marchesdebretagne.com\/en\/#organization"},"image":{"@id":"https:\/\/www.tourisme-marchesdebretagne.com\/en\/neurodon-aux-jardins-de-la-ballue\/#primaryimage"},"thumbnailUrl":"https:\/\/www.tourisme-marchesdebretagne.com\/wp-content\/uploads\/2026\/04\/Facade-du-chateau-de-la-Ballue-et-son-jardin-regulier-Simon-Bourcier-2.jpg","articleSection":["Agenda"],"inLanguage":"en-US"}]}},"_links":{"self":[{"href":"https:\/\/www.tourisme-marchesdebretagne.com\/en\/wp-json\/wp\/v2\/posts\/242905"}],"collection":[{"href":"https:\/\/www.tourisme-marchesdebretagne.com\/en\/wp-json\/wp\/v2\/posts"}],"about":[{"href":"https:\/\/www.tourisme-marchesdebretagne.com\/en\/wp-json\/wp\/v2\/types\/post"}],"replies":[{"embeddable":true,"href":"https:\/\/www.tourisme-marchesdebretagne.com\/en\/wp-json\/wp\/v2\/comments?post=242905"}],"version-history":[{"count":1,"href":"https:\/\/www.tourisme-marchesdebretagne.com\/en\/wp-json\/wp\/v2\/posts\/242905\/revisions"}],"predecessor-version":[{"id":242908,"href":"https:\/\/www.tourisme-marchesdebretagne.com\/en\/wp-json\/wp\/v2\/posts\/242905\/revisions\/242908"}],"wp:featuredmedia":[{"embeddable":true,"href":"https:\/\/www.tourisme-marchesdebretagne.com\/en\/wp-json\/wp\/v2\/media\/242906"}],"wp:attachment":[{"href":"https:\/\/www.tourisme-marchesdebretagne.com\/en\/wp-json\/wp\/v2\/media?parent=242905"}],"wp:term":[{"taxonomy":"category","embeddable":true,"href":"https:\/\/www.tourisme-marchesdebretagne.com\/en\/wp-json\/wp\/v2\/categories?post=242905"},{"taxonomy":"post_tag","embeddable":true,"href":"https:\/\/www.tourisme-marchesdebretagne.com\/en\/wp-json\/wp\/v2\/tags?post=242905"}],"curies":[{"name":"wp","href":"https:\/\/api.w.org\/{rel}","templated":true}]}}