{"id":244522,"date":"2026-08-19T07:28:56","date_gmt":"2026-08-19T05:28:56","guid":{"rendered":"https:\/\/www.tourisme-marchesdebretagne.com\/journees-europeennes-du-patrimoine-les-buttes-du-chatel\/"},"modified":"2026-09-03T07:49:46","modified_gmt":"2026-09-03T05:49:46","slug":"journees-europeennes-du-patrimoine-les-buttes-du-chatel","status":"publish","type":"post","link":"https:\/\/www.tourisme-marchesdebretagne.com\/en\/journees-europeennes-du-patrimoine-les-buttes-du-chatel\/","title":{"rendered":"Journ\u00e9es Europ\u00e9ennes du Patrimoine &#8211; Les Buttes du Ch\u00e2tel"},"content":{"rendered":"<p>A l&#8217;occasion des Journ\u00e9es Europ\u00e9ennes du Patrimoine, l&#8217;association Marci&#8217;motte vous propose un apr\u00e8s midi anim\u00e9 sur le site des Buttes du Ch\u00e2tel. <\/p>\n<p>Au programme : contes et jeux m\u00e9di\u00e9vaux sur site. Il sera possible de suivre la visite libre au d\u00e9part de l&#8217;Arch\u00e9olab.  <\/p>\n<p>La motte f\u00e9odale du Ch\u00e2tel \u00e0 Marcill\u00e9-Raoul fait partie des mieux conserv\u00e9es en Bretagne. \u00c9tendue sur plus de 2 hectares, elle a la particularit\u00e9 de poss\u00e9der deux buttes de terres in\u00e9gales de 15 m et 8 m de hauteur, s\u00e9par\u00e9es par un foss\u00e9 de 5 m de profondeur. Les buttes du Ch\u00e2tel sont le seul t\u00e9moignage du ch\u00e2teau construit en 1240 par le seigneur Raoul III de Foug\u00e8res. De nos jours, une grotte d\u00e9di\u00e9e \u00e0 Notre-Dame est implant\u00e9e sur le site.<\/p>\n<p>Gratuit.<\/p>\n","protected":false},"excerpt":{"rendered":"<p>A l&#8217;occasion des Journ\u00e9es Europ\u00e9ennes du Patrimoine, l&#8217;association Marci&#8217;motte vous propose un apr\u00e8s midi anim\u00e9 sur le site des Buttes du Ch\u00e2tel. Au programme : contes et jeux m\u00e9di\u00e9vaux sur site. Il sera possible de suivre la visite libre au d\u00e9part de l&#8217;Arch\u00e9olab. La motte f\u00e9odale du Ch\u00e2tel \u00e0 Marcill\u00e9-Raoul fait partie des mieux conserv\u00e9es [&hellip;]<\/p>\n","protected":false},"author":0,"featured_media":244523,"comment_status":"closed","ping_status":"open","sticky":false,"template":"","format":"standard","meta":{"footnotes":""},"categories":[16],"tags":[],"acf":[],"yoast_head":"<!-- This site is optimized with the Yoast SEO plugin v18.4.1 - https:\/\/yoast.com\/wordpress\/plugins\/seo\/ -->\n<title>Journ\u00e9es Europ\u00e9ennes du Patrimoine - Les Buttes du Ch\u00e2tel - Office de tourisme Couesnon Marches de Bretagne<\/title>\n<meta name=\"robots\" content=\"index, follow, max-snippet:-1, max-image-preview:large, max-video-preview:-1\" \/>\n<link rel=\"canonical\" href=\"https:\/\/www.tourisme-marchesdebretagne.com\/en\/journees-europeennes-du-patrimoine-les-buttes-du-chatel\/\" \/>\n<meta property=\"og:locale\" content=\"en_US\" \/>\n<meta property=\"og:type\" content=\"article\" \/>\n<meta property=\"og:title\" content=\"Journ\u00e9es Europ\u00e9ennes du Patrimoine - Les Buttes du Ch\u00e2tel - Office de tourisme Couesnon Marches de Bretagne\" \/>\n<meta property=\"og:description\" content=\"A l&#8217;occasion des Journ\u00e9es Europ\u00e9ennes du Patrimoine, l&#8217;association Marci&#8217;motte vous propose un apr\u00e8s midi anim\u00e9 sur le site des Buttes du Ch\u00e2tel. Au programme : contes et jeux m\u00e9di\u00e9vaux sur site. Il sera possible de suivre la visite libre au d\u00e9part de l&#8217;Arch\u00e9olab. La motte f\u00e9odale du Ch\u00e2tel \u00e0 Marcill\u00e9-Raoul fait partie des mieux conserv\u00e9es [&hellip;]\" \/>\n<meta property=\"og:url\" content=\"https:\/\/www.tourisme-marchesdebretagne.com\/en\/journees-europeennes-du-patrimoine-les-buttes-du-chatel\/\" \/>\n<meta property=\"og:site_name\" content=\"Office de tourisme Couesnon Marches de Bretagne\" \/>\n<meta property=\"article:published_time\" content=\"2026-08-19T05:28:56+00:00\" \/>\n<meta property=\"article:modified_time\" content=\"2026-09-03T05:49:46+00:00\" \/>\n<meta property=\"og:image\" content=\"https:\/\/www.tourisme-marchesdebretagne.com\/wp-content\/uploads\/2026\/08\/Entree-des-Buttes-du-Chatel-OT-CMB-2.jpg\" \/>\n\t<meta property=\"og:image:width\" content=\"1000\" \/>\n\t<meta property=\"og:image:height\" content=\"750\" \/>\n\t<meta property=\"og:image:type\" content=\"image\/jpeg\" \/>\n<meta name=\"twitter:card\" content=\"summary_large_image\" \/>\n<meta name=\"twitter:label1\" content=\"Est. reading time\" \/>\n\t<meta name=\"twitter:data1\" content=\"1 minute\" \/>\n<script type=\"application\/ld+json\" class=\"yoast-schema-graph\">{\"@context\":\"https:\/\/schema.org\",\"@graph\":[{\"@type\":\"Organization\",\"@id\":\"https:\/\/www.tourisme-marchesdebretagne.com\/en\/#organization\",\"name\":\"R\u00e9sultats de recherche R\u00e9sultats Web http:\/\/www.tourisme-marchesdebretagne.com\/www.tourisme-marchesdebretagne.com \u203a marches March\u00e9s - Office de Tourisme Couesnon Marches de Bretagne\",\"url\":\"https:\/\/www.tourisme-marchesdebretagne.com\/en\/\",\"sameAs\":[],\"logo\":{\"@type\":\"ImageObject\",\"@id\":\"https:\/\/www.tourisme-marchesdebretagne.com\/en\/#logo\",\"inLanguage\":\"en-US\",\"url\":\"https:\/\/www.tourisme-marchesdebretagne.com\/wp-content\/uploads\/2019\/12\/header_logo_grand.png\",\"contentUrl\":\"https:\/\/www.tourisme-marchesdebretagne.com\/wp-content\/uploads\/2019\/12\/header_logo_grand.png\",\"width\":280,\"height\":76,\"caption\":\"R\u00e9sultats de recherche R\u00e9sultats Web http:\/\/www.tourisme-marchesdebretagne.com\/www.tourisme-marchesdebretagne.com \u203a marches March\u00e9s - Office de Tourisme Couesnon Marches de Bretagne\"},\"image\":{\"@id\":\"https:\/\/www.tourisme-marchesdebretagne.com\/en\/#logo\"}},{\"@type\":\"WebSite\",\"@id\":\"https:\/\/www.tourisme-marchesdebretagne.com\/en\/#website\",\"url\":\"https:\/\/www.tourisme-marchesdebretagne.com\/en\/\",\"name\":\"Office de tourisme Couesnon Marches de Bretagne\",\"description\":\"Le site officiel de l&#039;Office de Tourisme Couesnon Marches de Bretagne \u00e0 Bazouges-la-P\u00e9rouse et Maen Roch en Ille-et-Vilaine.\",\"publisher\":{\"@id\":\"https:\/\/www.tourisme-marchesdebretagne.com\/en\/#organization\"},\"potentialAction\":[{\"@type\":\"SearchAction\",\"target\":{\"@type\":\"EntryPoint\",\"urlTemplate\":\"https:\/\/www.tourisme-marchesdebretagne.com\/en\/?s={search_term_string}\"},\"query-input\":\"required name=search_term_string\"}],\"inLanguage\":\"en-US\"},{\"@type\":\"ImageObject\",\"@id\":\"https:\/\/www.tourisme-marchesdebretagne.com\/en\/journees-europeennes-du-patrimoine-les-buttes-du-chatel\/#primaryimage\",\"inLanguage\":\"en-US\",\"url\":\"https:\/\/www.tourisme-marchesdebretagne.com\/wp-content\/uploads\/2026\/08\/Entree-des-Buttes-du-Chatel-OT-CMB-2.jpg\",\"contentUrl\":\"https:\/\/www.tourisme-marchesdebretagne.com\/wp-content\/uploads\/2026\/08\/Entree-des-Buttes-du-Chatel-OT-CMB-2.jpg\",\"width\":1000,\"height\":750},{\"@type\":\"WebPage\",\"@id\":\"https:\/\/www.tourisme-marchesdebretagne.com\/en\/journees-europeennes-du-patrimoine-les-buttes-du-chatel\/#webpage\",\"url\":\"https:\/\/www.tourisme-marchesdebretagne.com\/en\/journees-europeennes-du-patrimoine-les-buttes-du-chatel\/\",\"name\":\"Journ\u00e9es Europ\u00e9ennes du Patrimoine - Les Buttes du Ch\u00e2tel - Office de tourisme Couesnon Marches de Bretagne\",\"isPartOf\":{\"@id\":\"https:\/\/www.tourisme-marchesdebretagne.com\/en\/#website\"},\"primaryImageOfPage\":{\"@id\":\"https:\/\/www.tourisme-marchesdebretagne.com\/en\/journees-europeennes-du-patrimoine-les-buttes-du-chatel\/#primaryimage\"},\"datePublished\":\"2026-08-19T05:28:56+00:00\",\"dateModified\":\"2026-09-03T05:49:46+00:00\",\"breadcrumb\":{\"@id\":\"https:\/\/www.tourisme-marchesdebretagne.com\/en\/journees-europeennes-du-patrimoine-les-buttes-du-chatel\/#breadcrumb\"},\"inLanguage\":\"en-US\",\"potentialAction\":[{\"@type\":\"ReadAction\",\"target\":[\"https:\/\/www.tourisme-marchesdebretagne.com\/en\/journees-europeennes-du-patrimoine-les-buttes-du-chatel\/\"]}]},{\"@type\":\"BreadcrumbList\",\"@id\":\"https:\/\/www.tourisme-marchesdebretagne.com\/en\/journees-europeennes-du-patrimoine-les-buttes-du-chatel\/#breadcrumb\",\"itemListElement\":[{\"@type\":\"ListItem\",\"position\":1,\"name\":\"Accueil\",\"item\":\"https:\/\/www.tourisme-marchesdebretagne.com\/en\/\"},{\"@type\":\"ListItem\",\"position\":2,\"name\":\"Agenda\",\"item\":\"https:\/\/www.tourisme-marchesdebretagne.com\/en\/category\/agenda\/\"},{\"@type\":\"ListItem\",\"position\":3,\"name\":\"Journ\u00e9es Europ\u00e9ennes du Patrimoine &#8211; Les Buttes du Ch\u00e2tel\"}]},{\"@type\":\"Article\",\"@id\":\"https:\/\/www.tourisme-marchesdebretagne.com\/en\/journees-europeennes-du-patrimoine-les-buttes-du-chatel\/#article\",\"isPartOf\":{\"@id\":\"https:\/\/www.tourisme-marchesdebretagne.com\/en\/journees-europeennes-du-patrimoine-les-buttes-du-chatel\/#webpage\"},\"author\":{\"@id\":\"\"},\"headline\":\"Journ\u00e9es Europ\u00e9ennes du Patrimoine &#8211; Les Buttes du Ch\u00e2tel\",\"datePublished\":\"2026-08-19T05:28:56+00:00\",\"dateModified\":\"2026-09-03T05:49:46+00:00\",\"mainEntityOfPage\":{\"@id\":\"https:\/\/www.tourisme-marchesdebretagne.com\/en\/journees-europeennes-du-patrimoine-les-buttes-du-chatel\/#webpage\"},\"wordCount\":152,\"publisher\":{\"@id\":\"https:\/\/www.tourisme-marchesdebretagne.com\/en\/#organization\"},\"image\":{\"@id\":\"https:\/\/www.tourisme-marchesdebretagne.com\/en\/journees-europeennes-du-patrimoine-les-buttes-du-chatel\/#primaryimage\"},\"thumbnailUrl\":\"https:\/\/www.tourisme-marchesdebretagne.com\/wp-content\/uploads\/2026\/08\/Entree-des-Buttes-du-Chatel-OT-CMB-2.jpg\",\"articleSection\":[\"Agenda\"],\"inLanguage\":\"en-US\"}]}<\/script>\n<!-- \/ Yoast SEO plugin. -->","yoast_head_json":{"title":"Journ\u00e9es Europ\u00e9ennes du Patrimoine - Les Buttes du Ch\u00e2tel - Office de tourisme Couesnon Marches de Bretagne","robots":{"index":"index","follow":"follow","max-snippet":"max-snippet:-1","max-image-preview":"max-image-preview:large","max-video-preview":"max-video-preview:-1"},"canonical":"https:\/\/www.tourisme-marchesdebretagne.com\/en\/journees-europeennes-du-patrimoine-les-buttes-du-chatel\/","og_locale":"en_US","og_type":"article","og_title":"Journ\u00e9es Europ\u00e9ennes du Patrimoine - Les Buttes du Ch\u00e2tel - Office de tourisme Couesnon Marches de Bretagne","og_description":"A l&#8217;occasion des Journ\u00e9es Europ\u00e9ennes du Patrimoine, l&#8217;association Marci&#8217;motte vous propose un apr\u00e8s midi anim\u00e9 sur le site des Buttes du Ch\u00e2tel. Au programme : contes et jeux m\u00e9di\u00e9vaux sur site. Il sera possible de suivre la visite libre au d\u00e9part de l&#8217;Arch\u00e9olab. La motte f\u00e9odale du Ch\u00e2tel \u00e0 Marcill\u00e9-Raoul fait partie des mieux conserv\u00e9es [&hellip;]","og_url":"https:\/\/www.tourisme-marchesdebretagne.com\/en\/journees-europeennes-du-patrimoine-les-buttes-du-chatel\/","og_site_name":"Office de tourisme Couesnon Marches de Bretagne","article_published_time":"2026-08-19T05:28:56+00:00","article_modified_time":"2026-09-03T05:49:46+00:00","og_image":[{"width":1000,"height":750,"url":"https:\/\/www.tourisme-marchesdebretagne.com\/wp-content\/uploads\/2026\/08\/Entree-des-Buttes-du-Chatel-OT-CMB-2.jpg","type":"image\/jpeg"}],"twitter_card":"summary_large_image","twitter_misc":{"Est. reading time":"1 minute"},"schema":{"@context":"https:\/\/schema.org","@graph":[{"@type":"Organization","@id":"https:\/\/www.tourisme-marchesdebretagne.com\/en\/#organization","name":"R\u00e9sultats de recherche R\u00e9sultats Web http:\/\/www.tourisme-marchesdebretagne.com\/www.tourisme-marchesdebretagne.com \u203a marches March\u00e9s - Office de Tourisme Couesnon Marches de Bretagne","url":"https:\/\/www.tourisme-marchesdebretagne.com\/en\/","sameAs":[],"logo":{"@type":"ImageObject","@id":"https:\/\/www.tourisme-marchesdebretagne.com\/en\/#logo","inLanguage":"en-US","url":"https:\/\/www.tourisme-marchesdebretagne.com\/wp-content\/uploads\/2019\/12\/header_logo_grand.png","contentUrl":"https:\/\/www.tourisme-marchesdebretagne.com\/wp-content\/uploads\/2019\/12\/header_logo_grand.png","width":280,"height":76,"caption":"R\u00e9sultats de recherche R\u00e9sultats Web http:\/\/www.tourisme-marchesdebretagne.com\/www.tourisme-marchesdebretagne.com \u203a marches March\u00e9s - Office de Tourisme Couesnon Marches de Bretagne"},"image":{"@id":"https:\/\/www.tourisme-marchesdebretagne.com\/en\/#logo"}},{"@type":"WebSite","@id":"https:\/\/www.tourisme-marchesdebretagne.com\/en\/#website","url":"https:\/\/www.tourisme-marchesdebretagne.com\/en\/","name":"Office de tourisme Couesnon Marches de Bretagne","description":"Le site officiel de l&#039;Office de Tourisme Couesnon Marches de Bretagne \u00e0 Bazouges-la-P\u00e9rouse et Maen Roch en Ille-et-Vilaine.","publisher":{"@id":"https:\/\/www.tourisme-marchesdebretagne.com\/en\/#organization"},"potentialAction":[{"@type":"SearchAction","target":{"@type":"EntryPoint","urlTemplate":"https:\/\/www.tourisme-marchesdebretagne.com\/en\/?s={search_term_string}"},"query-input":"required name=search_term_string"}],"inLanguage":"en-US"},{"@type":"ImageObject","@id":"https:\/\/www.tourisme-marchesdebretagne.com\/en\/journees-europeennes-du-patrimoine-les-buttes-du-chatel\/#primaryimage","inLanguage":"en-US","url":"https:\/\/www.tourisme-marchesdebretagne.com\/wp-content\/uploads\/2026\/08\/Entree-des-Buttes-du-Chatel-OT-CMB-2.jpg","contentUrl":"https:\/\/www.tourisme-marchesdebretagne.com\/wp-content\/uploads\/2026\/08\/Entree-des-Buttes-du-Chatel-OT-CMB-2.jpg","width":1000,"height":750},{"@type":"WebPage","@id":"https:\/\/www.tourisme-marchesdebretagne.com\/en\/journees-europeennes-du-patrimoine-les-buttes-du-chatel\/#webpage","url":"https:\/\/www.tourisme-marchesdebretagne.com\/en\/journees-europeennes-du-patrimoine-les-buttes-du-chatel\/","name":"Journ\u00e9es Europ\u00e9ennes du Patrimoine - Les Buttes du Ch\u00e2tel - Office de tourisme Couesnon Marches de Bretagne","isPartOf":{"@id":"https:\/\/www.tourisme-marchesdebretagne.com\/en\/#website"},"primaryImageOfPage":{"@id":"https:\/\/www.tourisme-marchesdebretagne.com\/en\/journees-europeennes-du-patrimoine-les-buttes-du-chatel\/#primaryimage"},"datePublished":"2026-08-19T05:28:56+00:00","dateModified":"2026-09-03T05:49:46+00:00","breadcrumb":{"@id":"https:\/\/www.tourisme-marchesdebretagne.com\/en\/journees-europeennes-du-patrimoine-les-buttes-du-chatel\/#breadcrumb"},"inLanguage":"en-US","potentialAction":[{"@type":"ReadAction","target":["https:\/\/www.tourisme-marchesdebretagne.com\/en\/journees-europeennes-du-patrimoine-les-buttes-du-chatel\/"]}]},{"@type":"BreadcrumbList","@id":"https:\/\/www.tourisme-marchesdebretagne.com\/en\/journees-europeennes-du-patrimoine-les-buttes-du-chatel\/#breadcrumb","itemListElement":[{"@type":"ListItem","position":1,"name":"Accueil","item":"https:\/\/www.tourisme-marchesdebretagne.com\/en\/"},{"@type":"ListItem","position":2,"name":"Agenda","item":"https:\/\/www.tourisme-marchesdebretagne.com\/en\/category\/agenda\/"},{"@type":"ListItem","position":3,"name":"Journ\u00e9es Europ\u00e9ennes du Patrimoine &#8211; Les Buttes du Ch\u00e2tel"}]},{"@type":"Article","@id":"https:\/\/www.tourisme-marchesdebretagne.com\/en\/journees-europeennes-du-patrimoine-les-buttes-du-chatel\/#article","isPartOf":{"@id":"https:\/\/www.tourisme-marchesdebretagne.com\/en\/journees-europeennes-du-patrimoine-les-buttes-du-chatel\/#webpage"},"author":{"@id":""},"headline":"Journ\u00e9es Europ\u00e9ennes du Patrimoine &#8211; Les Buttes du Ch\u00e2tel","datePublished":"2026-08-19T05:28:56+00:00","dateModified":"2026-09-03T05:49:46+00:00","mainEntityOfPage":{"@id":"https:\/\/www.tourisme-marchesdebretagne.com\/en\/journees-europeennes-du-patrimoine-les-buttes-du-chatel\/#webpage"},"wordCount":152,"publisher":{"@id":"https:\/\/www.tourisme-marchesdebretagne.com\/en\/#organization"},"image":{"@id":"https:\/\/www.tourisme-marchesdebretagne.com\/en\/journees-europeennes-du-patrimoine-les-buttes-du-chatel\/#primaryimage"},"thumbnailUrl":"https:\/\/www.tourisme-marchesdebretagne.com\/wp-content\/uploads\/2026\/08\/Entree-des-Buttes-du-Chatel-OT-CMB-2.jpg","articleSection":["Agenda"],"inLanguage":"en-US"}]}},"_links":{"self":[{"href":"https:\/\/www.tourisme-marchesdebretagne.com\/en\/wp-json\/wp\/v2\/posts\/244522"}],"collection":[{"href":"https:\/\/www.tourisme-marchesdebretagne.com\/en\/wp-json\/wp\/v2\/posts"}],"about":[{"href":"https:\/\/www.tourisme-marchesdebretagne.com\/en\/wp-json\/wp\/v2\/types\/post"}],"replies":[{"embeddable":true,"href":"https:\/\/www.tourisme-marchesdebretagne.com\/en\/wp-json\/wp\/v2\/comments?post=244522"}],"version-history":[{"count":1,"href":"https:\/\/www.tourisme-marchesdebretagne.com\/en\/wp-json\/wp\/v2\/posts\/244522\/revisions"}],"predecessor-version":[{"id":244525,"href":"https:\/\/www.tourisme-marchesdebretagne.com\/en\/wp-json\/wp\/v2\/posts\/244522\/revisions\/244525"}],"wp:featuredmedia":[{"embeddable":true,"href":"https:\/\/www.tourisme-marchesdebretagne.com\/en\/wp-json\/wp\/v2\/media\/244523"}],"wp:attachment":[{"href":"https:\/\/www.tourisme-marchesdebretagne.com\/en\/wp-json\/wp\/v2\/media?parent=244522"}],"wp:term":[{"taxonomy":"category","embeddable":true,"href":"https:\/\/www.tourisme-marchesdebretagne.com\/en\/wp-json\/wp\/v2\/categories?post=244522"},{"taxonomy":"post_tag","embeddable":true,"href":"https:\/\/www.tourisme-marchesdebretagne.com\/en\/wp-json\/wp\/v2\/tags?post=244522"}],"curies":[{"name":"wp","href":"https:\/\/api.w.org\/{rel}","templated":true}]}}