{"id":244648,"date":"2026-08-27T07:52:11","date_gmt":"2026-08-27T05:52:11","guid":{"rendered":"https:\/\/www.tourisme-marchesdebretagne.com\/balade-dans-les-chemins-de-saint-marc-le-blanc\/"},"modified":"2026-08-31T08:50:14","modified_gmt":"2026-08-31T06:50:14","slug":"balade-dans-les-chemins-de-saint-marc-le-blanc","status":"publish","type":"post","link":"https:\/\/www.tourisme-marchesdebretagne.com\/en\/balade-dans-les-chemins-de-saint-marc-le-blanc\/","title":{"rendered":"Balade dans les chemins de Saint-Marc-le-Blanc"},"content":{"rendered":"<p>Participez \u00e0 une petite balade organis\u00e9e par le CMJ de Saint-Marc-le-Blanc sur les chemins de la commune.<\/p>\n<p>Deux circuits sont propos\u00e9s : 5 et 10 km.<\/p>\n<p>Randonn\u00e9e gratuite.<br \/>\nPetits en-cas r\u00e9alis\u00e9s par les jeunes pour un temps de convivialit\u00e9.<\/p>\n","protected":false},"excerpt":{"rendered":"<p>Participez \u00e0 une petite balade organis\u00e9e par le CMJ de Saint-Marc-le-Blanc sur les chemins de la commune. Deux circuits sont propos\u00e9s : 5 et 10 km. Randonn\u00e9e gratuite. Petits en-cas r\u00e9alis\u00e9s par les jeunes pour un temps de convivialit\u00e9.<\/p>\n","protected":false},"author":0,"featured_media":244649,"comment_status":"closed","ping_status":"open","sticky":false,"template":"","format":"standard","meta":{"footnotes":""},"categories":[16],"tags":[],"acf":[],"yoast_head":"<!-- This site is optimized with the Yoast SEO plugin v18.4.1 - https:\/\/yoast.com\/wordpress\/plugins\/seo\/ -->\n<title>Balade dans les chemins de Saint-Marc-le-Blanc - Office de tourisme Couesnon Marches de Bretagne<\/title>\n<meta name=\"robots\" content=\"index, follow, max-snippet:-1, max-image-preview:large, max-video-preview:-1\" \/>\n<link rel=\"canonical\" href=\"https:\/\/www.tourisme-marchesdebretagne.com\/en\/balade-dans-les-chemins-de-saint-marc-le-blanc\/\" \/>\n<meta property=\"og:locale\" content=\"en_US\" \/>\n<meta property=\"og:type\" content=\"article\" \/>\n<meta property=\"og:title\" content=\"Balade dans les chemins de Saint-Marc-le-Blanc - Office de tourisme Couesnon Marches de Bretagne\" \/>\n<meta property=\"og:description\" content=\"Participez \u00e0 une petite balade organis\u00e9e par le CMJ de Saint-Marc-le-Blanc sur les chemins de la commune. Deux circuits sont propos\u00e9s : 5 et 10 km. Randonn\u00e9e gratuite. Petits en-cas r\u00e9alis\u00e9s par les jeunes pour un temps de convivialit\u00e9.\" \/>\n<meta property=\"og:url\" content=\"https:\/\/www.tourisme-marchesdebretagne.com\/en\/balade-dans-les-chemins-de-saint-marc-le-blanc\/\" \/>\n<meta property=\"og:site_name\" content=\"Office de tourisme Couesnon Marches de Bretagne\" \/>\n<meta property=\"article:published_time\" content=\"2026-08-27T05:52:11+00:00\" \/>\n<meta property=\"article:modified_time\" content=\"2026-08-31T06:50:14+00:00\" \/>\n<meta property=\"og:image\" content=\"https:\/\/www.tourisme-marchesdebretagne.com\/wp-content\/uploads\/2026\/08\/Balade-saint-marc-le-blanc2.jpg\" \/>\n\t<meta property=\"og:image:width\" content=\"1131\" \/>\n\t<meta property=\"og:image:height\" content=\"754\" \/>\n\t<meta property=\"og:image:type\" content=\"image\/jpeg\" \/>\n<meta name=\"twitter:card\" content=\"summary_large_image\" \/>\n<script type=\"application\/ld+json\" class=\"yoast-schema-graph\">{\"@context\":\"https:\/\/schema.org\",\"@graph\":[{\"@type\":\"Organization\",\"@id\":\"https:\/\/www.tourisme-marchesdebretagne.com\/en\/#organization\",\"name\":\"R\u00e9sultats de recherche R\u00e9sultats Web http:\/\/www.tourisme-marchesdebretagne.com\/www.tourisme-marchesdebretagne.com \u203a marches March\u00e9s - Office de Tourisme Couesnon Marches de Bretagne\",\"url\":\"https:\/\/www.tourisme-marchesdebretagne.com\/en\/\",\"sameAs\":[],\"logo\":{\"@type\":\"ImageObject\",\"@id\":\"https:\/\/www.tourisme-marchesdebretagne.com\/en\/#logo\",\"inLanguage\":\"en-US\",\"url\":\"https:\/\/www.tourisme-marchesdebretagne.com\/wp-content\/uploads\/2019\/12\/header_logo_grand.png\",\"contentUrl\":\"https:\/\/www.tourisme-marchesdebretagne.com\/wp-content\/uploads\/2019\/12\/header_logo_grand.png\",\"width\":280,\"height\":76,\"caption\":\"R\u00e9sultats de recherche R\u00e9sultats Web http:\/\/www.tourisme-marchesdebretagne.com\/www.tourisme-marchesdebretagne.com \u203a marches March\u00e9s - Office de Tourisme Couesnon Marches de Bretagne\"},\"image\":{\"@id\":\"https:\/\/www.tourisme-marchesdebretagne.com\/en\/#logo\"}},{\"@type\":\"WebSite\",\"@id\":\"https:\/\/www.tourisme-marchesdebretagne.com\/en\/#website\",\"url\":\"https:\/\/www.tourisme-marchesdebretagne.com\/en\/\",\"name\":\"Office de tourisme Couesnon Marches de Bretagne\",\"description\":\"Le site officiel de l&#039;Office de Tourisme Couesnon Marches de Bretagne \u00e0 Bazouges-la-P\u00e9rouse et Maen Roch en Ille-et-Vilaine.\",\"publisher\":{\"@id\":\"https:\/\/www.tourisme-marchesdebretagne.com\/en\/#organization\"},\"potentialAction\":[{\"@type\":\"SearchAction\",\"target\":{\"@type\":\"EntryPoint\",\"urlTemplate\":\"https:\/\/www.tourisme-marchesdebretagne.com\/en\/?s={search_term_string}\"},\"query-input\":\"required name=search_term_string\"}],\"inLanguage\":\"en-US\"},{\"@type\":\"ImageObject\",\"@id\":\"https:\/\/www.tourisme-marchesdebretagne.com\/en\/balade-dans-les-chemins-de-saint-marc-le-blanc\/#primaryimage\",\"inLanguage\":\"en-US\",\"url\":\"https:\/\/www.tourisme-marchesdebretagne.com\/wp-content\/uploads\/2026\/08\/Balade-saint-marc-le-blanc2.jpg\",\"contentUrl\":\"https:\/\/www.tourisme-marchesdebretagne.com\/wp-content\/uploads\/2026\/08\/Balade-saint-marc-le-blanc2.jpg\",\"width\":1131,\"height\":754},{\"@type\":\"WebPage\",\"@id\":\"https:\/\/www.tourisme-marchesdebretagne.com\/en\/balade-dans-les-chemins-de-saint-marc-le-blanc\/#webpage\",\"url\":\"https:\/\/www.tourisme-marchesdebretagne.com\/en\/balade-dans-les-chemins-de-saint-marc-le-blanc\/\",\"name\":\"Balade dans les chemins de Saint-Marc-le-Blanc - Office de tourisme Couesnon Marches de Bretagne\",\"isPartOf\":{\"@id\":\"https:\/\/www.tourisme-marchesdebretagne.com\/en\/#website\"},\"primaryImageOfPage\":{\"@id\":\"https:\/\/www.tourisme-marchesdebretagne.com\/en\/balade-dans-les-chemins-de-saint-marc-le-blanc\/#primaryimage\"},\"datePublished\":\"2026-08-27T05:52:11+00:00\",\"dateModified\":\"2026-08-31T06:50:14+00:00\",\"breadcrumb\":{\"@id\":\"https:\/\/www.tourisme-marchesdebretagne.com\/en\/balade-dans-les-chemins-de-saint-marc-le-blanc\/#breadcrumb\"},\"inLanguage\":\"en-US\",\"potentialAction\":[{\"@type\":\"ReadAction\",\"target\":[\"https:\/\/www.tourisme-marchesdebretagne.com\/en\/balade-dans-les-chemins-de-saint-marc-le-blanc\/\"]}]},{\"@type\":\"BreadcrumbList\",\"@id\":\"https:\/\/www.tourisme-marchesdebretagne.com\/en\/balade-dans-les-chemins-de-saint-marc-le-blanc\/#breadcrumb\",\"itemListElement\":[{\"@type\":\"ListItem\",\"position\":1,\"name\":\"Accueil\",\"item\":\"https:\/\/www.tourisme-marchesdebretagne.com\/en\/\"},{\"@type\":\"ListItem\",\"position\":2,\"name\":\"Agenda\",\"item\":\"https:\/\/www.tourisme-marchesdebretagne.com\/en\/category\/agenda\/\"},{\"@type\":\"ListItem\",\"position\":3,\"name\":\"Balade dans les chemins de Saint-Marc-le-Blanc\"}]},{\"@type\":\"Article\",\"@id\":\"https:\/\/www.tourisme-marchesdebretagne.com\/en\/balade-dans-les-chemins-de-saint-marc-le-blanc\/#article\",\"isPartOf\":{\"@id\":\"https:\/\/www.tourisme-marchesdebretagne.com\/en\/balade-dans-les-chemins-de-saint-marc-le-blanc\/#webpage\"},\"author\":{\"@id\":\"\"},\"headline\":\"Balade dans les chemins de Saint-Marc-le-Blanc\",\"datePublished\":\"2026-08-27T05:52:11+00:00\",\"dateModified\":\"2026-08-31T06:50:14+00:00\",\"mainEntityOfPage\":{\"@id\":\"https:\/\/www.tourisme-marchesdebretagne.com\/en\/balade-dans-les-chemins-de-saint-marc-le-blanc\/#webpage\"},\"wordCount\":46,\"publisher\":{\"@id\":\"https:\/\/www.tourisme-marchesdebretagne.com\/en\/#organization\"},\"image\":{\"@id\":\"https:\/\/www.tourisme-marchesdebretagne.com\/en\/balade-dans-les-chemins-de-saint-marc-le-blanc\/#primaryimage\"},\"thumbnailUrl\":\"https:\/\/www.tourisme-marchesdebretagne.com\/wp-content\/uploads\/2026\/08\/Balade-saint-marc-le-blanc2.jpg\",\"articleSection\":[\"Agenda\"],\"inLanguage\":\"en-US\"}]}<\/script>\n<!-- \/ Yoast SEO plugin. -->","yoast_head_json":{"title":"Balade dans les chemins de Saint-Marc-le-Blanc - Office de tourisme Couesnon Marches de Bretagne","robots":{"index":"index","follow":"follow","max-snippet":"max-snippet:-1","max-image-preview":"max-image-preview:large","max-video-preview":"max-video-preview:-1"},"canonical":"https:\/\/www.tourisme-marchesdebretagne.com\/en\/balade-dans-les-chemins-de-saint-marc-le-blanc\/","og_locale":"en_US","og_type":"article","og_title":"Balade dans les chemins de Saint-Marc-le-Blanc - Office de tourisme Couesnon Marches de Bretagne","og_description":"Participez \u00e0 une petite balade organis\u00e9e par le CMJ de Saint-Marc-le-Blanc sur les chemins de la commune. Deux circuits sont propos\u00e9s : 5 et 10 km. Randonn\u00e9e gratuite. Petits en-cas r\u00e9alis\u00e9s par les jeunes pour un temps de convivialit\u00e9.","og_url":"https:\/\/www.tourisme-marchesdebretagne.com\/en\/balade-dans-les-chemins-de-saint-marc-le-blanc\/","og_site_name":"Office de tourisme Couesnon Marches de Bretagne","article_published_time":"2026-08-27T05:52:11+00:00","article_modified_time":"2026-08-31T06:50:14+00:00","og_image":[{"width":1131,"height":754,"url":"https:\/\/www.tourisme-marchesdebretagne.com\/wp-content\/uploads\/2026\/08\/Balade-saint-marc-le-blanc2.jpg","type":"image\/jpeg"}],"twitter_card":"summary_large_image","schema":{"@context":"https:\/\/schema.org","@graph":[{"@type":"Organization","@id":"https:\/\/www.tourisme-marchesdebretagne.com\/en\/#organization","name":"R\u00e9sultats de recherche R\u00e9sultats Web http:\/\/www.tourisme-marchesdebretagne.com\/www.tourisme-marchesdebretagne.com \u203a marches March\u00e9s - Office de Tourisme Couesnon Marches de Bretagne","url":"https:\/\/www.tourisme-marchesdebretagne.com\/en\/","sameAs":[],"logo":{"@type":"ImageObject","@id":"https:\/\/www.tourisme-marchesdebretagne.com\/en\/#logo","inLanguage":"en-US","url":"https:\/\/www.tourisme-marchesdebretagne.com\/wp-content\/uploads\/2019\/12\/header_logo_grand.png","contentUrl":"https:\/\/www.tourisme-marchesdebretagne.com\/wp-content\/uploads\/2019\/12\/header_logo_grand.png","width":280,"height":76,"caption":"R\u00e9sultats de recherche R\u00e9sultats Web http:\/\/www.tourisme-marchesdebretagne.com\/www.tourisme-marchesdebretagne.com \u203a marches March\u00e9s - Office de Tourisme Couesnon Marches de Bretagne"},"image":{"@id":"https:\/\/www.tourisme-marchesdebretagne.com\/en\/#logo"}},{"@type":"WebSite","@id":"https:\/\/www.tourisme-marchesdebretagne.com\/en\/#website","url":"https:\/\/www.tourisme-marchesdebretagne.com\/en\/","name":"Office de tourisme Couesnon Marches de Bretagne","description":"Le site officiel de l&#039;Office de Tourisme Couesnon Marches de Bretagne \u00e0 Bazouges-la-P\u00e9rouse et Maen Roch en Ille-et-Vilaine.","publisher":{"@id":"https:\/\/www.tourisme-marchesdebretagne.com\/en\/#organization"},"potentialAction":[{"@type":"SearchAction","target":{"@type":"EntryPoint","urlTemplate":"https:\/\/www.tourisme-marchesdebretagne.com\/en\/?s={search_term_string}"},"query-input":"required name=search_term_string"}],"inLanguage":"en-US"},{"@type":"ImageObject","@id":"https:\/\/www.tourisme-marchesdebretagne.com\/en\/balade-dans-les-chemins-de-saint-marc-le-blanc\/#primaryimage","inLanguage":"en-US","url":"https:\/\/www.tourisme-marchesdebretagne.com\/wp-content\/uploads\/2026\/08\/Balade-saint-marc-le-blanc2.jpg","contentUrl":"https:\/\/www.tourisme-marchesdebretagne.com\/wp-content\/uploads\/2026\/08\/Balade-saint-marc-le-blanc2.jpg","width":1131,"height":754},{"@type":"WebPage","@id":"https:\/\/www.tourisme-marchesdebretagne.com\/en\/balade-dans-les-chemins-de-saint-marc-le-blanc\/#webpage","url":"https:\/\/www.tourisme-marchesdebretagne.com\/en\/balade-dans-les-chemins-de-saint-marc-le-blanc\/","name":"Balade dans les chemins de Saint-Marc-le-Blanc - Office de tourisme Couesnon Marches de Bretagne","isPartOf":{"@id":"https:\/\/www.tourisme-marchesdebretagne.com\/en\/#website"},"primaryImageOfPage":{"@id":"https:\/\/www.tourisme-marchesdebretagne.com\/en\/balade-dans-les-chemins-de-saint-marc-le-blanc\/#primaryimage"},"datePublished":"2026-08-27T05:52:11+00:00","dateModified":"2026-08-31T06:50:14+00:00","breadcrumb":{"@id":"https:\/\/www.tourisme-marchesdebretagne.com\/en\/balade-dans-les-chemins-de-saint-marc-le-blanc\/#breadcrumb"},"inLanguage":"en-US","potentialAction":[{"@type":"ReadAction","target":["https:\/\/www.tourisme-marchesdebretagne.com\/en\/balade-dans-les-chemins-de-saint-marc-le-blanc\/"]}]},{"@type":"BreadcrumbList","@id":"https:\/\/www.tourisme-marchesdebretagne.com\/en\/balade-dans-les-chemins-de-saint-marc-le-blanc\/#breadcrumb","itemListElement":[{"@type":"ListItem","position":1,"name":"Accueil","item":"https:\/\/www.tourisme-marchesdebretagne.com\/en\/"},{"@type":"ListItem","position":2,"name":"Agenda","item":"https:\/\/www.tourisme-marchesdebretagne.com\/en\/category\/agenda\/"},{"@type":"ListItem","position":3,"name":"Balade dans les chemins de Saint-Marc-le-Blanc"}]},{"@type":"Article","@id":"https:\/\/www.tourisme-marchesdebretagne.com\/en\/balade-dans-les-chemins-de-saint-marc-le-blanc\/#article","isPartOf":{"@id":"https:\/\/www.tourisme-marchesdebretagne.com\/en\/balade-dans-les-chemins-de-saint-marc-le-blanc\/#webpage"},"author":{"@id":""},"headline":"Balade dans les chemins de Saint-Marc-le-Blanc","datePublished":"2026-08-27T05:52:11+00:00","dateModified":"2026-08-31T06:50:14+00:00","mainEntityOfPage":{"@id":"https:\/\/www.tourisme-marchesdebretagne.com\/en\/balade-dans-les-chemins-de-saint-marc-le-blanc\/#webpage"},"wordCount":46,"publisher":{"@id":"https:\/\/www.tourisme-marchesdebretagne.com\/en\/#organization"},"image":{"@id":"https:\/\/www.tourisme-marchesdebretagne.com\/en\/balade-dans-les-chemins-de-saint-marc-le-blanc\/#primaryimage"},"thumbnailUrl":"https:\/\/www.tourisme-marchesdebretagne.com\/wp-content\/uploads\/2026\/08\/Balade-saint-marc-le-blanc2.jpg","articleSection":["Agenda"],"inLanguage":"en-US"}]}},"_links":{"self":[{"href":"https:\/\/www.tourisme-marchesdebretagne.com\/en\/wp-json\/wp\/v2\/posts\/244648"}],"collection":[{"href":"https:\/\/www.tourisme-marchesdebretagne.com\/en\/wp-json\/wp\/v2\/posts"}],"about":[{"href":"https:\/\/www.tourisme-marchesdebretagne.com\/en\/wp-json\/wp\/v2\/types\/post"}],"replies":[{"embeddable":true,"href":"https:\/\/www.tourisme-marchesdebretagne.com\/en\/wp-json\/wp\/v2\/comments?post=244648"}],"version-history":[{"count":2,"href":"https:\/\/www.tourisme-marchesdebretagne.com\/en\/wp-json\/wp\/v2\/posts\/244648\/revisions"}],"predecessor-version":[{"id":244689,"href":"https:\/\/www.tourisme-marchesdebretagne.com\/en\/wp-json\/wp\/v2\/posts\/244648\/revisions\/244689"}],"wp:featuredmedia":[{"embeddable":true,"href":"https:\/\/www.tourisme-marchesdebretagne.com\/en\/wp-json\/wp\/v2\/media\/244649"}],"wp:attachment":[{"href":"https:\/\/www.tourisme-marchesdebretagne.com\/en\/wp-json\/wp\/v2\/media?parent=244648"}],"wp:term":[{"taxonomy":"category","embeddable":true,"href":"https:\/\/www.tourisme-marchesdebretagne.com\/en\/wp-json\/wp\/v2\/categories?post=244648"},{"taxonomy":"post_tag","embeddable":true,"href":"https:\/\/www.tourisme-marchesdebretagne.com\/en\/wp-json\/wp\/v2\/tags?post=244648"}],"curies":[{"name":"wp","href":"https:\/\/api.w.org\/{rel}","templated":true}]}}