{"id":244656,"date":"2026-08-27T07:52:21","date_gmt":"2026-08-27T05:52:21","guid":{"rendered":"https:\/\/www.tourisme-marchesdebretagne.com\/lecture-sandwich-rencontre-et-extraits-de-loeuvre-en-cours-de-creation\/"},"modified":"2026-08-31T08:50:14","modified_gmt":"2026-08-31T06:50:14","slug":"micro-fictions-chroniques-intimes-de-luttes-lectures-sandwich","status":"publish","type":"post","link":"https:\/\/www.tourisme-marchesdebretagne.com\/en\/micro-fictions-chroniques-intimes-de-luttes-lectures-sandwich\/","title":{"rendered":"Micro-fictions &#8211; Chroniques intimes de luttes &#8211; Lectures sandwich"},"content":{"rendered":"<p>Dans le cadre de la r\u00e9sidence mission de la Compagnie 3\u00e8me Acte, la compagnie approfondit son projet de cr\u00e9ation litt\u00e9raire et radio sc\u00e9nique. <\/p>\n<p>&#8220;Microfictions : Chroniques Intimes de Luttes&#8221; est un ensemble de 32 histoires courtes, fragments de vie port\u00e9s par la com\u00e9dienne et autrice Catherine Vigneau, comme ode au courage contagieux de celles, qui \u00e0 travers leurs actes et leurs d\u00e9terminations, ont su faire bouger les lignes pour obtenir plus de Justice, d&#8217;Egalit\u00e9 et de Libert\u00e9.<\/p>\n<p>Un travail de recherche litt\u00e9raire et artistique renforc\u00e9 par la richesse des rencontres. <\/p>\n<p>La compagnie sera en r\u00e9sidence de cr\u00e9ation du 14 au 18 septembre. C&#8217;est dans ce cadre que vous \u00eates convi\u00e9s \u00e0 ce temps fort. Au programme : rencontre et extraits de l&#8217;\u0153uvre en cours de cr\u00e9ation.<\/p>\n<p>Gratuit, sur inscription.<br \/>\nTout public.<\/p>\n","protected":false},"excerpt":{"rendered":"<p>Dans le cadre de la r\u00e9sidence mission de la Compagnie 3\u00e8me Acte, la compagnie approfondit son projet de cr\u00e9ation litt\u00e9raire et radio sc\u00e9nique. &#8220;Microfictions : Chroniques Intimes de Luttes&#8221; est un ensemble de 32 histoires courtes, fragments de vie port\u00e9s par la com\u00e9dienne et autrice Catherine Vigneau, comme ode au courage contagieux de celles, qui [&hellip;]<\/p>\n","protected":false},"author":8,"featured_media":244657,"comment_status":"closed","ping_status":"open","sticky":false,"template":"","format":"standard","meta":{"footnotes":""},"categories":[16],"tags":[],"acf":[],"yoast_head":"<!-- This site is optimized with the Yoast SEO plugin v18.4.1 - https:\/\/yoast.com\/wordpress\/plugins\/seo\/ -->\n<title>Micro-fictions - Chroniques intimes de luttes - Lectures sandwich - Office de tourisme Couesnon Marches de Bretagne<\/title>\n<meta name=\"robots\" content=\"index, follow, max-snippet:-1, max-image-preview:large, max-video-preview:-1\" \/>\n<link rel=\"canonical\" href=\"https:\/\/www.tourisme-marchesdebretagne.com\/en\/micro-fictions-chroniques-intimes-de-luttes-lectures-sandwich\/\" \/>\n<meta property=\"og:locale\" content=\"en_US\" \/>\n<meta property=\"og:type\" content=\"article\" \/>\n<meta property=\"og:title\" content=\"Micro-fictions - Chroniques intimes de luttes - Lectures sandwich - Office de tourisme Couesnon Marches de Bretagne\" \/>\n<meta property=\"og:description\" content=\"Dans le cadre de la r\u00e9sidence mission de la Compagnie 3\u00e8me Acte, la compagnie approfondit son projet de cr\u00e9ation litt\u00e9raire et radio sc\u00e9nique. &#8220;Microfictions : Chroniques Intimes de Luttes&#8221; est un ensemble de 32 histoires courtes, fragments de vie port\u00e9s par la com\u00e9dienne et autrice Catherine Vigneau, comme ode au courage contagieux de celles, qui [&hellip;]\" \/>\n<meta property=\"og:url\" content=\"https:\/\/www.tourisme-marchesdebretagne.com\/en\/micro-fictions-chroniques-intimes-de-luttes-lectures-sandwich\/\" \/>\n<meta property=\"og:site_name\" content=\"Office de tourisme Couesnon Marches de Bretagne\" \/>\n<meta property=\"article:published_time\" content=\"2026-08-27T05:52:21+00:00\" \/>\n<meta property=\"article:modified_time\" content=\"2026-08-31T06:50:14+00:00\" \/>\n<meta property=\"og:image\" content=\"https:\/\/www.tourisme-marchesdebretagne.com\/wp-content\/uploads\/2026\/08\/OPTION-digital-art-international-women-s-day-celebration-women-s-rights.jpg\" \/>\n\t<meta property=\"og:image:width\" content=\"800\" \/>\n\t<meta property=\"og:image:height\" content=\"533\" \/>\n\t<meta property=\"og:image:type\" content=\"image\/jpeg\" \/>\n<meta name=\"twitter:card\" content=\"summary_large_image\" \/>\n<meta name=\"twitter:label1\" content=\"Written by\" \/>\n\t<meta name=\"twitter:data1\" content=\"Anne-Mich\u00e8le GAUCHARD\" \/>\n\t<meta name=\"twitter:label2\" content=\"Est. reading time\" \/>\n\t<meta name=\"twitter:data2\" content=\"1 minute\" \/>\n<script type=\"application\/ld+json\" class=\"yoast-schema-graph\">{\"@context\":\"https:\/\/schema.org\",\"@graph\":[{\"@type\":\"Organization\",\"@id\":\"https:\/\/www.tourisme-marchesdebretagne.com\/en\/#organization\",\"name\":\"R\u00e9sultats de recherche R\u00e9sultats Web http:\/\/www.tourisme-marchesdebretagne.com\/www.tourisme-marchesdebretagne.com \u203a marches March\u00e9s - Office de Tourisme Couesnon Marches de Bretagne\",\"url\":\"https:\/\/www.tourisme-marchesdebretagne.com\/en\/\",\"sameAs\":[],\"logo\":{\"@type\":\"ImageObject\",\"@id\":\"https:\/\/www.tourisme-marchesdebretagne.com\/en\/#logo\",\"inLanguage\":\"en-US\",\"url\":\"https:\/\/www.tourisme-marchesdebretagne.com\/wp-content\/uploads\/2019\/12\/header_logo_grand.png\",\"contentUrl\":\"https:\/\/www.tourisme-marchesdebretagne.com\/wp-content\/uploads\/2019\/12\/header_logo_grand.png\",\"width\":280,\"height\":76,\"caption\":\"R\u00e9sultats de recherche R\u00e9sultats Web http:\/\/www.tourisme-marchesdebretagne.com\/www.tourisme-marchesdebretagne.com \u203a marches March\u00e9s - Office de Tourisme Couesnon Marches de Bretagne\"},\"image\":{\"@id\":\"https:\/\/www.tourisme-marchesdebretagne.com\/en\/#logo\"}},{\"@type\":\"WebSite\",\"@id\":\"https:\/\/www.tourisme-marchesdebretagne.com\/en\/#website\",\"url\":\"https:\/\/www.tourisme-marchesdebretagne.com\/en\/\",\"name\":\"Office de tourisme Couesnon Marches de Bretagne\",\"description\":\"Le site officiel de l&#039;Office de Tourisme Couesnon Marches de Bretagne \u00e0 Bazouges-la-P\u00e9rouse et Maen Roch en Ille-et-Vilaine.\",\"publisher\":{\"@id\":\"https:\/\/www.tourisme-marchesdebretagne.com\/en\/#organization\"},\"potentialAction\":[{\"@type\":\"SearchAction\",\"target\":{\"@type\":\"EntryPoint\",\"urlTemplate\":\"https:\/\/www.tourisme-marchesdebretagne.com\/en\/?s={search_term_string}\"},\"query-input\":\"required name=search_term_string\"}],\"inLanguage\":\"en-US\"},{\"@type\":\"ImageObject\",\"@id\":\"https:\/\/www.tourisme-marchesdebretagne.com\/en\/micro-fictions-chroniques-intimes-de-luttes-lectures-sandwich\/#primaryimage\",\"inLanguage\":\"en-US\",\"url\":\"https:\/\/www.tourisme-marchesdebretagne.com\/wp-content\/uploads\/2026\/08\/OPTION-digital-art-international-women-s-day-celebration-women-s-rights.jpg\",\"contentUrl\":\"https:\/\/www.tourisme-marchesdebretagne.com\/wp-content\/uploads\/2026\/08\/OPTION-digital-art-international-women-s-day-celebration-women-s-rights.jpg\",\"width\":800,\"height\":533},{\"@type\":\"WebPage\",\"@id\":\"https:\/\/www.tourisme-marchesdebretagne.com\/en\/micro-fictions-chroniques-intimes-de-luttes-lectures-sandwich\/#webpage\",\"url\":\"https:\/\/www.tourisme-marchesdebretagne.com\/en\/micro-fictions-chroniques-intimes-de-luttes-lectures-sandwich\/\",\"name\":\"Micro-fictions - Chroniques intimes de luttes - Lectures sandwich - Office de tourisme Couesnon Marches de Bretagne\",\"isPartOf\":{\"@id\":\"https:\/\/www.tourisme-marchesdebretagne.com\/en\/#website\"},\"primaryImageOfPage\":{\"@id\":\"https:\/\/www.tourisme-marchesdebretagne.com\/en\/micro-fictions-chroniques-intimes-de-luttes-lectures-sandwich\/#primaryimage\"},\"datePublished\":\"2026-08-27T05:52:21+00:00\",\"dateModified\":\"2026-08-31T06:50:14+00:00\",\"breadcrumb\":{\"@id\":\"https:\/\/www.tourisme-marchesdebretagne.com\/en\/micro-fictions-chroniques-intimes-de-luttes-lectures-sandwich\/#breadcrumb\"},\"inLanguage\":\"en-US\",\"potentialAction\":[{\"@type\":\"ReadAction\",\"target\":[\"https:\/\/www.tourisme-marchesdebretagne.com\/en\/micro-fictions-chroniques-intimes-de-luttes-lectures-sandwich\/\"]}]},{\"@type\":\"BreadcrumbList\",\"@id\":\"https:\/\/www.tourisme-marchesdebretagne.com\/en\/micro-fictions-chroniques-intimes-de-luttes-lectures-sandwich\/#breadcrumb\",\"itemListElement\":[{\"@type\":\"ListItem\",\"position\":1,\"name\":\"Accueil\",\"item\":\"https:\/\/www.tourisme-marchesdebretagne.com\/en\/\"},{\"@type\":\"ListItem\",\"position\":2,\"name\":\"Agenda\",\"item\":\"https:\/\/www.tourisme-marchesdebretagne.com\/en\/category\/agenda\/\"},{\"@type\":\"ListItem\",\"position\":3,\"name\":\"Micro-fictions &#8211; Chroniques intimes de luttes &#8211; Lectures sandwich\"}]},{\"@type\":\"Article\",\"@id\":\"https:\/\/www.tourisme-marchesdebretagne.com\/en\/micro-fictions-chroniques-intimes-de-luttes-lectures-sandwich\/#article\",\"isPartOf\":{\"@id\":\"https:\/\/www.tourisme-marchesdebretagne.com\/en\/micro-fictions-chroniques-intimes-de-luttes-lectures-sandwich\/#webpage\"},\"author\":{\"@id\":\"https:\/\/www.tourisme-marchesdebretagne.com\/en\/#\/schema\/person\/f34ae55a5dabe6b57b374cdf485ec6c6\"},\"headline\":\"Micro-fictions &#8211; Chroniques intimes de luttes &#8211; Lectures sandwich\",\"datePublished\":\"2026-08-27T05:52:21+00:00\",\"dateModified\":\"2026-08-31T06:50:14+00:00\",\"mainEntityOfPage\":{\"@id\":\"https:\/\/www.tourisme-marchesdebretagne.com\/en\/micro-fictions-chroniques-intimes-de-luttes-lectures-sandwich\/#webpage\"},\"wordCount\":146,\"publisher\":{\"@id\":\"https:\/\/www.tourisme-marchesdebretagne.com\/en\/#organization\"},\"image\":{\"@id\":\"https:\/\/www.tourisme-marchesdebretagne.com\/en\/micro-fictions-chroniques-intimes-de-luttes-lectures-sandwich\/#primaryimage\"},\"thumbnailUrl\":\"https:\/\/www.tourisme-marchesdebretagne.com\/wp-content\/uploads\/2026\/08\/OPTION-digital-art-international-women-s-day-celebration-women-s-rights.jpg\",\"articleSection\":[\"Agenda\"],\"inLanguage\":\"en-US\"},{\"@type\":\"Person\",\"@id\":\"https:\/\/www.tourisme-marchesdebretagne.com\/en\/#\/schema\/person\/f34ae55a5dabe6b57b374cdf485ec6c6\",\"name\":\"Anne-Mich\u00e8le GAUCHARD\",\"image\":{\"@type\":\"ImageObject\",\"@id\":\"https:\/\/www.tourisme-marchesdebretagne.com\/en\/#personlogo\",\"inLanguage\":\"en-US\",\"url\":\"https:\/\/secure.gravatar.com\/avatar\/1cbdb3a64f05514dd7b49d6b8eb251f6?s=96&d=mm&r=g\",\"contentUrl\":\"https:\/\/secure.gravatar.com\/avatar\/1cbdb3a64f05514dd7b49d6b8eb251f6?s=96&d=mm&r=g\",\"caption\":\"Anne-Mich\u00e8le GAUCHARD\"}}]}<\/script>\n<!-- \/ Yoast SEO plugin. -->","yoast_head_json":{"title":"Micro-fictions - Chroniques intimes de luttes - Lectures sandwich - Office de tourisme Couesnon Marches de Bretagne","robots":{"index":"index","follow":"follow","max-snippet":"max-snippet:-1","max-image-preview":"max-image-preview:large","max-video-preview":"max-video-preview:-1"},"canonical":"https:\/\/www.tourisme-marchesdebretagne.com\/en\/micro-fictions-chroniques-intimes-de-luttes-lectures-sandwich\/","og_locale":"en_US","og_type":"article","og_title":"Micro-fictions - Chroniques intimes de luttes - Lectures sandwich - Office de tourisme Couesnon Marches de Bretagne","og_description":"Dans le cadre de la r\u00e9sidence mission de la Compagnie 3\u00e8me Acte, la compagnie approfondit son projet de cr\u00e9ation litt\u00e9raire et radio sc\u00e9nique. &#8220;Microfictions : Chroniques Intimes de Luttes&#8221; est un ensemble de 32 histoires courtes, fragments de vie port\u00e9s par la com\u00e9dienne et autrice Catherine Vigneau, comme ode au courage contagieux de celles, qui [&hellip;]","og_url":"https:\/\/www.tourisme-marchesdebretagne.com\/en\/micro-fictions-chroniques-intimes-de-luttes-lectures-sandwich\/","og_site_name":"Office de tourisme Couesnon Marches de Bretagne","article_published_time":"2026-08-27T05:52:21+00:00","article_modified_time":"2026-08-31T06:50:14+00:00","og_image":[{"width":800,"height":533,"url":"https:\/\/www.tourisme-marchesdebretagne.com\/wp-content\/uploads\/2026\/08\/OPTION-digital-art-international-women-s-day-celebration-women-s-rights.jpg","type":"image\/jpeg"}],"twitter_card":"summary_large_image","twitter_misc":{"Written by":"Anne-Mich\u00e8le GAUCHARD","Est. reading time":"1 minute"},"schema":{"@context":"https:\/\/schema.org","@graph":[{"@type":"Organization","@id":"https:\/\/www.tourisme-marchesdebretagne.com\/en\/#organization","name":"R\u00e9sultats de recherche R\u00e9sultats Web http:\/\/www.tourisme-marchesdebretagne.com\/www.tourisme-marchesdebretagne.com \u203a marches March\u00e9s - Office de Tourisme Couesnon Marches de Bretagne","url":"https:\/\/www.tourisme-marchesdebretagne.com\/en\/","sameAs":[],"logo":{"@type":"ImageObject","@id":"https:\/\/www.tourisme-marchesdebretagne.com\/en\/#logo","inLanguage":"en-US","url":"https:\/\/www.tourisme-marchesdebretagne.com\/wp-content\/uploads\/2019\/12\/header_logo_grand.png","contentUrl":"https:\/\/www.tourisme-marchesdebretagne.com\/wp-content\/uploads\/2019\/12\/header_logo_grand.png","width":280,"height":76,"caption":"R\u00e9sultats de recherche R\u00e9sultats Web http:\/\/www.tourisme-marchesdebretagne.com\/www.tourisme-marchesdebretagne.com \u203a marches March\u00e9s - Office de Tourisme Couesnon Marches de Bretagne"},"image":{"@id":"https:\/\/www.tourisme-marchesdebretagne.com\/en\/#logo"}},{"@type":"WebSite","@id":"https:\/\/www.tourisme-marchesdebretagne.com\/en\/#website","url":"https:\/\/www.tourisme-marchesdebretagne.com\/en\/","name":"Office de tourisme Couesnon Marches de Bretagne","description":"Le site officiel de l&#039;Office de Tourisme Couesnon Marches de Bretagne \u00e0 Bazouges-la-P\u00e9rouse et Maen Roch en Ille-et-Vilaine.","publisher":{"@id":"https:\/\/www.tourisme-marchesdebretagne.com\/en\/#organization"},"potentialAction":[{"@type":"SearchAction","target":{"@type":"EntryPoint","urlTemplate":"https:\/\/www.tourisme-marchesdebretagne.com\/en\/?s={search_term_string}"},"query-input":"required name=search_term_string"}],"inLanguage":"en-US"},{"@type":"ImageObject","@id":"https:\/\/www.tourisme-marchesdebretagne.com\/en\/micro-fictions-chroniques-intimes-de-luttes-lectures-sandwich\/#primaryimage","inLanguage":"en-US","url":"https:\/\/www.tourisme-marchesdebretagne.com\/wp-content\/uploads\/2026\/08\/OPTION-digital-art-international-women-s-day-celebration-women-s-rights.jpg","contentUrl":"https:\/\/www.tourisme-marchesdebretagne.com\/wp-content\/uploads\/2026\/08\/OPTION-digital-art-international-women-s-day-celebration-women-s-rights.jpg","width":800,"height":533},{"@type":"WebPage","@id":"https:\/\/www.tourisme-marchesdebretagne.com\/en\/micro-fictions-chroniques-intimes-de-luttes-lectures-sandwich\/#webpage","url":"https:\/\/www.tourisme-marchesdebretagne.com\/en\/micro-fictions-chroniques-intimes-de-luttes-lectures-sandwich\/","name":"Micro-fictions - Chroniques intimes de luttes - Lectures sandwich - Office de tourisme Couesnon Marches de Bretagne","isPartOf":{"@id":"https:\/\/www.tourisme-marchesdebretagne.com\/en\/#website"},"primaryImageOfPage":{"@id":"https:\/\/www.tourisme-marchesdebretagne.com\/en\/micro-fictions-chroniques-intimes-de-luttes-lectures-sandwich\/#primaryimage"},"datePublished":"2026-08-27T05:52:21+00:00","dateModified":"2026-08-31T06:50:14+00:00","breadcrumb":{"@id":"https:\/\/www.tourisme-marchesdebretagne.com\/en\/micro-fictions-chroniques-intimes-de-luttes-lectures-sandwich\/#breadcrumb"},"inLanguage":"en-US","potentialAction":[{"@type":"ReadAction","target":["https:\/\/www.tourisme-marchesdebretagne.com\/en\/micro-fictions-chroniques-intimes-de-luttes-lectures-sandwich\/"]}]},{"@type":"BreadcrumbList","@id":"https:\/\/www.tourisme-marchesdebretagne.com\/en\/micro-fictions-chroniques-intimes-de-luttes-lectures-sandwich\/#breadcrumb","itemListElement":[{"@type":"ListItem","position":1,"name":"Accueil","item":"https:\/\/www.tourisme-marchesdebretagne.com\/en\/"},{"@type":"ListItem","position":2,"name":"Agenda","item":"https:\/\/www.tourisme-marchesdebretagne.com\/en\/category\/agenda\/"},{"@type":"ListItem","position":3,"name":"Micro-fictions &#8211; Chroniques intimes de luttes &#8211; Lectures sandwich"}]},{"@type":"Article","@id":"https:\/\/www.tourisme-marchesdebretagne.com\/en\/micro-fictions-chroniques-intimes-de-luttes-lectures-sandwich\/#article","isPartOf":{"@id":"https:\/\/www.tourisme-marchesdebretagne.com\/en\/micro-fictions-chroniques-intimes-de-luttes-lectures-sandwich\/#webpage"},"author":{"@id":"https:\/\/www.tourisme-marchesdebretagne.com\/en\/#\/schema\/person\/f34ae55a5dabe6b57b374cdf485ec6c6"},"headline":"Micro-fictions &#8211; Chroniques intimes de luttes &#8211; Lectures sandwich","datePublished":"2026-08-27T05:52:21+00:00","dateModified":"2026-08-31T06:50:14+00:00","mainEntityOfPage":{"@id":"https:\/\/www.tourisme-marchesdebretagne.com\/en\/micro-fictions-chroniques-intimes-de-luttes-lectures-sandwich\/#webpage"},"wordCount":146,"publisher":{"@id":"https:\/\/www.tourisme-marchesdebretagne.com\/en\/#organization"},"image":{"@id":"https:\/\/www.tourisme-marchesdebretagne.com\/en\/micro-fictions-chroniques-intimes-de-luttes-lectures-sandwich\/#primaryimage"},"thumbnailUrl":"https:\/\/www.tourisme-marchesdebretagne.com\/wp-content\/uploads\/2026\/08\/OPTION-digital-art-international-women-s-day-celebration-women-s-rights.jpg","articleSection":["Agenda"],"inLanguage":"en-US"},{"@type":"Person","@id":"https:\/\/www.tourisme-marchesdebretagne.com\/en\/#\/schema\/person\/f34ae55a5dabe6b57b374cdf485ec6c6","name":"Anne-Mich\u00e8le GAUCHARD","image":{"@type":"ImageObject","@id":"https:\/\/www.tourisme-marchesdebretagne.com\/en\/#personlogo","inLanguage":"en-US","url":"https:\/\/secure.gravatar.com\/avatar\/1cbdb3a64f05514dd7b49d6b8eb251f6?s=96&d=mm&r=g","contentUrl":"https:\/\/secure.gravatar.com\/avatar\/1cbdb3a64f05514dd7b49d6b8eb251f6?s=96&d=mm&r=g","caption":"Anne-Mich\u00e8le GAUCHARD"}}]}},"_links":{"self":[{"href":"https:\/\/www.tourisme-marchesdebretagne.com\/en\/wp-json\/wp\/v2\/posts\/244656"}],"collection":[{"href":"https:\/\/www.tourisme-marchesdebretagne.com\/en\/wp-json\/wp\/v2\/posts"}],"about":[{"href":"https:\/\/www.tourisme-marchesdebretagne.com\/en\/wp-json\/wp\/v2\/types\/post"}],"author":[{"embeddable":true,"href":"https:\/\/www.tourisme-marchesdebretagne.com\/en\/wp-json\/wp\/v2\/users\/8"}],"replies":[{"embeddable":true,"href":"https:\/\/www.tourisme-marchesdebretagne.com\/en\/wp-json\/wp\/v2\/comments?post=244656"}],"version-history":[{"count":5,"href":"https:\/\/www.tourisme-marchesdebretagne.com\/en\/wp-json\/wp\/v2\/posts\/244656\/revisions"}],"predecessor-version":[{"id":244700,"href":"https:\/\/www.tourisme-marchesdebretagne.com\/en\/wp-json\/wp\/v2\/posts\/244656\/revisions\/244700"}],"wp:featuredmedia":[{"embeddable":true,"href":"https:\/\/www.tourisme-marchesdebretagne.com\/en\/wp-json\/wp\/v2\/media\/244657"}],"wp:attachment":[{"href":"https:\/\/www.tourisme-marchesdebretagne.com\/en\/wp-json\/wp\/v2\/media?parent=244656"}],"wp:term":[{"taxonomy":"category","embeddable":true,"href":"https:\/\/www.tourisme-marchesdebretagne.com\/en\/wp-json\/wp\/v2\/categories?post=244656"},{"taxonomy":"post_tag","embeddable":true,"href":"https:\/\/www.tourisme-marchesdebretagne.com\/en\/wp-json\/wp\/v2\/tags?post=244656"}],"curies":[{"name":"wp","href":"https:\/\/api.w.org\/{rel}","templated":true}]}}