{"id":244712,"date":"2026-08-30T07:37:01","date_gmt":"2026-08-30T05:37:01","guid":{"rendered":"https:\/\/www.tourisme-marchesdebretagne.com\/laura-aubry-chansons-portraits\/"},"modified":"2026-08-31T08:50:10","modified_gmt":"2026-08-31T06:50:10","slug":"laura-aubry-chansons-portraits","status":"publish","type":"post","link":"https:\/\/www.tourisme-marchesdebretagne.com\/en\/laura-aubry-chansons-portraits\/","title":{"rendered":"Laura Aubry &#8211; Chansons portraits"},"content":{"rendered":"<p>Pendant trois ans, Laura Aubry est partie \u00e0 la rencontre des habitants de deux maisons de retraite bretonnes, en qu\u00eate de t\u00e9moignages, de<br \/>\nr\u00e9cits de vie, d\u2019anecdotes partag\u00e9es.<\/p>\n<p>Chansons Portraits est un r\u00e9pertoire de chansons qui \u00e9voquent avec tendresse et l\u00e9g\u00e8ret\u00e9 les enjeux de la vieillesse. Accompagn\u00e9e de son<br \/>\naccord\u00e9on, elle proposera de d\u00e9couvrir le spectacle en cr\u00e9ation issu de sa r\u00e9sidence au Centre culturel du Coglais du 14 au 18 septembre.<\/p>\n<p>Ce projet est men\u00e9 dans le cadre de \u201cPortrait Crois\u00e9s\u201d, r\u00e9sidences de cr\u00e9ation en partenariat avec le festival Le Grand Soufflet.<\/p>\n<p>Tout public.<\/p>\n<p>Gratuit, sur r\u00e9servation.<\/p>\n","protected":false},"excerpt":{"rendered":"<p>Pendant trois ans, Laura Aubry est partie \u00e0 la rencontre des habitants de deux maisons de retraite bretonnes, en qu\u00eate de t\u00e9moignages, de r\u00e9cits de vie, d\u2019anecdotes partag\u00e9es. Chansons Portraits est un r\u00e9pertoire de chansons qui \u00e9voquent avec tendresse et l\u00e9g\u00e8ret\u00e9 les enjeux de la vieillesse. Accompagn\u00e9e de son accord\u00e9on, elle proposera de d\u00e9couvrir le [&hellip;]<\/p>\n","protected":false},"author":8,"featured_media":244713,"comment_status":"closed","ping_status":"open","sticky":false,"template":"","format":"standard","meta":{"footnotes":""},"categories":[16],"tags":[],"acf":[],"yoast_head":"<!-- This site is optimized with the Yoast SEO plugin v18.4.1 - https:\/\/yoast.com\/wordpress\/plugins\/seo\/ -->\n<title>Laura Aubry - Chansons portraits - Office de tourisme Couesnon Marches de Bretagne<\/title>\n<meta name=\"robots\" content=\"index, follow, max-snippet:-1, max-image-preview:large, max-video-preview:-1\" \/>\n<link rel=\"canonical\" href=\"https:\/\/www.tourisme-marchesdebretagne.com\/en\/laura-aubry-chansons-portraits\/\" \/>\n<meta property=\"og:locale\" content=\"en_US\" \/>\n<meta property=\"og:type\" content=\"article\" \/>\n<meta property=\"og:title\" content=\"Laura Aubry - Chansons portraits - Office de tourisme Couesnon Marches de Bretagne\" \/>\n<meta property=\"og:description\" content=\"Pendant trois ans, Laura Aubry est partie \u00e0 la rencontre des habitants de deux maisons de retraite bretonnes, en qu\u00eate de t\u00e9moignages, de r\u00e9cits de vie, d\u2019anecdotes partag\u00e9es. Chansons Portraits est un r\u00e9pertoire de chansons qui \u00e9voquent avec tendresse et l\u00e9g\u00e8ret\u00e9 les enjeux de la vieillesse. Accompagn\u00e9e de son accord\u00e9on, elle proposera de d\u00e9couvrir le [&hellip;]\" \/>\n<meta property=\"og:url\" content=\"https:\/\/www.tourisme-marchesdebretagne.com\/en\/laura-aubry-chansons-portraits\/\" \/>\n<meta property=\"og:site_name\" content=\"Office de tourisme Couesnon Marches de Bretagne\" \/>\n<meta property=\"article:published_time\" content=\"2026-08-30T05:37:01+00:00\" \/>\n<meta property=\"article:modified_time\" content=\"2026-08-31T06:50:10+00:00\" \/>\n<meta property=\"og:image\" content=\"https:\/\/www.tourisme-marchesdebretagne.com\/wp-content\/uploads\/2026\/08\/NicoM2.jpg\" \/>\n\t<meta property=\"og:image:width\" content=\"800\" \/>\n\t<meta property=\"og:image:height\" content=\"532\" \/>\n\t<meta property=\"og:image:type\" content=\"image\/jpeg\" \/>\n<meta name=\"twitter:card\" content=\"summary_large_image\" \/>\n<meta name=\"twitter:label1\" content=\"Written by\" \/>\n\t<meta name=\"twitter:data1\" content=\"Anne-Mich\u00e8le GAUCHARD\" \/>\n\t<meta name=\"twitter:label2\" content=\"Est. reading time\" \/>\n\t<meta name=\"twitter:data2\" content=\"1 minute\" \/>\n<script type=\"application\/ld+json\" class=\"yoast-schema-graph\">{\"@context\":\"https:\/\/schema.org\",\"@graph\":[{\"@type\":\"Organization\",\"@id\":\"https:\/\/www.tourisme-marchesdebretagne.com\/en\/#organization\",\"name\":\"R\u00e9sultats de recherche R\u00e9sultats Web http:\/\/www.tourisme-marchesdebretagne.com\/www.tourisme-marchesdebretagne.com \u203a marches March\u00e9s - Office de Tourisme Couesnon Marches de Bretagne\",\"url\":\"https:\/\/www.tourisme-marchesdebretagne.com\/en\/\",\"sameAs\":[],\"logo\":{\"@type\":\"ImageObject\",\"@id\":\"https:\/\/www.tourisme-marchesdebretagne.com\/en\/#logo\",\"inLanguage\":\"en-US\",\"url\":\"https:\/\/www.tourisme-marchesdebretagne.com\/wp-content\/uploads\/2019\/12\/header_logo_grand.png\",\"contentUrl\":\"https:\/\/www.tourisme-marchesdebretagne.com\/wp-content\/uploads\/2019\/12\/header_logo_grand.png\",\"width\":280,\"height\":76,\"caption\":\"R\u00e9sultats de recherche R\u00e9sultats Web http:\/\/www.tourisme-marchesdebretagne.com\/www.tourisme-marchesdebretagne.com \u203a marches March\u00e9s - Office de Tourisme Couesnon Marches de Bretagne\"},\"image\":{\"@id\":\"https:\/\/www.tourisme-marchesdebretagne.com\/en\/#logo\"}},{\"@type\":\"WebSite\",\"@id\":\"https:\/\/www.tourisme-marchesdebretagne.com\/en\/#website\",\"url\":\"https:\/\/www.tourisme-marchesdebretagne.com\/en\/\",\"name\":\"Office de tourisme Couesnon Marches de Bretagne\",\"description\":\"Le site officiel de l&#039;Office de Tourisme Couesnon Marches de Bretagne \u00e0 Bazouges-la-P\u00e9rouse et Maen Roch en Ille-et-Vilaine.\",\"publisher\":{\"@id\":\"https:\/\/www.tourisme-marchesdebretagne.com\/en\/#organization\"},\"potentialAction\":[{\"@type\":\"SearchAction\",\"target\":{\"@type\":\"EntryPoint\",\"urlTemplate\":\"https:\/\/www.tourisme-marchesdebretagne.com\/en\/?s={search_term_string}\"},\"query-input\":\"required name=search_term_string\"}],\"inLanguage\":\"en-US\"},{\"@type\":\"ImageObject\",\"@id\":\"https:\/\/www.tourisme-marchesdebretagne.com\/en\/laura-aubry-chansons-portraits\/#primaryimage\",\"inLanguage\":\"en-US\",\"url\":\"https:\/\/www.tourisme-marchesdebretagne.com\/wp-content\/uploads\/2026\/08\/NicoM2.jpg\",\"contentUrl\":\"https:\/\/www.tourisme-marchesdebretagne.com\/wp-content\/uploads\/2026\/08\/NicoM2.jpg\",\"width\":800,\"height\":532},{\"@type\":\"WebPage\",\"@id\":\"https:\/\/www.tourisme-marchesdebretagne.com\/en\/laura-aubry-chansons-portraits\/#webpage\",\"url\":\"https:\/\/www.tourisme-marchesdebretagne.com\/en\/laura-aubry-chansons-portraits\/\",\"name\":\"Laura Aubry - Chansons portraits - Office de tourisme Couesnon Marches de Bretagne\",\"isPartOf\":{\"@id\":\"https:\/\/www.tourisme-marchesdebretagne.com\/en\/#website\"},\"primaryImageOfPage\":{\"@id\":\"https:\/\/www.tourisme-marchesdebretagne.com\/en\/laura-aubry-chansons-portraits\/#primaryimage\"},\"datePublished\":\"2026-08-30T05:37:01+00:00\",\"dateModified\":\"2026-08-31T06:50:10+00:00\",\"breadcrumb\":{\"@id\":\"https:\/\/www.tourisme-marchesdebretagne.com\/en\/laura-aubry-chansons-portraits\/#breadcrumb\"},\"inLanguage\":\"en-US\",\"potentialAction\":[{\"@type\":\"ReadAction\",\"target\":[\"https:\/\/www.tourisme-marchesdebretagne.com\/en\/laura-aubry-chansons-portraits\/\"]}]},{\"@type\":\"BreadcrumbList\",\"@id\":\"https:\/\/www.tourisme-marchesdebretagne.com\/en\/laura-aubry-chansons-portraits\/#breadcrumb\",\"itemListElement\":[{\"@type\":\"ListItem\",\"position\":1,\"name\":\"Accueil\",\"item\":\"https:\/\/www.tourisme-marchesdebretagne.com\/en\/\"},{\"@type\":\"ListItem\",\"position\":2,\"name\":\"Agenda\",\"item\":\"https:\/\/www.tourisme-marchesdebretagne.com\/en\/category\/agenda\/\"},{\"@type\":\"ListItem\",\"position\":3,\"name\":\"Laura Aubry &#8211; Chansons portraits\"}]},{\"@type\":\"Article\",\"@id\":\"https:\/\/www.tourisme-marchesdebretagne.com\/en\/laura-aubry-chansons-portraits\/#article\",\"isPartOf\":{\"@id\":\"https:\/\/www.tourisme-marchesdebretagne.com\/en\/laura-aubry-chansons-portraits\/#webpage\"},\"author\":{\"@id\":\"https:\/\/www.tourisme-marchesdebretagne.com\/en\/#\/schema\/person\/f34ae55a5dabe6b57b374cdf485ec6c6\"},\"headline\":\"Laura Aubry &#8211; Chansons portraits\",\"datePublished\":\"2026-08-30T05:37:01+00:00\",\"dateModified\":\"2026-08-31T06:50:10+00:00\",\"mainEntityOfPage\":{\"@id\":\"https:\/\/www.tourisme-marchesdebretagne.com\/en\/laura-aubry-chansons-portraits\/#webpage\"},\"wordCount\":117,\"publisher\":{\"@id\":\"https:\/\/www.tourisme-marchesdebretagne.com\/en\/#organization\"},\"image\":{\"@id\":\"https:\/\/www.tourisme-marchesdebretagne.com\/en\/laura-aubry-chansons-portraits\/#primaryimage\"},\"thumbnailUrl\":\"https:\/\/www.tourisme-marchesdebretagne.com\/wp-content\/uploads\/2026\/08\/NicoM2.jpg\",\"articleSection\":[\"Agenda\"],\"inLanguage\":\"en-US\"},{\"@type\":\"Person\",\"@id\":\"https:\/\/www.tourisme-marchesdebretagne.com\/en\/#\/schema\/person\/f34ae55a5dabe6b57b374cdf485ec6c6\",\"name\":\"Anne-Mich\u00e8le GAUCHARD\",\"image\":{\"@type\":\"ImageObject\",\"@id\":\"https:\/\/www.tourisme-marchesdebretagne.com\/en\/#personlogo\",\"inLanguage\":\"en-US\",\"url\":\"https:\/\/secure.gravatar.com\/avatar\/1cbdb3a64f05514dd7b49d6b8eb251f6?s=96&d=mm&r=g\",\"contentUrl\":\"https:\/\/secure.gravatar.com\/avatar\/1cbdb3a64f05514dd7b49d6b8eb251f6?s=96&d=mm&r=g\",\"caption\":\"Anne-Mich\u00e8le GAUCHARD\"}}]}<\/script>\n<!-- \/ Yoast SEO plugin. -->","yoast_head_json":{"title":"Laura Aubry - Chansons portraits - Office de tourisme Couesnon Marches de Bretagne","robots":{"index":"index","follow":"follow","max-snippet":"max-snippet:-1","max-image-preview":"max-image-preview:large","max-video-preview":"max-video-preview:-1"},"canonical":"https:\/\/www.tourisme-marchesdebretagne.com\/en\/laura-aubry-chansons-portraits\/","og_locale":"en_US","og_type":"article","og_title":"Laura Aubry - Chansons portraits - Office de tourisme Couesnon Marches de Bretagne","og_description":"Pendant trois ans, Laura Aubry est partie \u00e0 la rencontre des habitants de deux maisons de retraite bretonnes, en qu\u00eate de t\u00e9moignages, de r\u00e9cits de vie, d\u2019anecdotes partag\u00e9es. Chansons Portraits est un r\u00e9pertoire de chansons qui \u00e9voquent avec tendresse et l\u00e9g\u00e8ret\u00e9 les enjeux de la vieillesse. Accompagn\u00e9e de son accord\u00e9on, elle proposera de d\u00e9couvrir le [&hellip;]","og_url":"https:\/\/www.tourisme-marchesdebretagne.com\/en\/laura-aubry-chansons-portraits\/","og_site_name":"Office de tourisme Couesnon Marches de Bretagne","article_published_time":"2026-08-30T05:37:01+00:00","article_modified_time":"2026-08-31T06:50:10+00:00","og_image":[{"width":800,"height":532,"url":"https:\/\/www.tourisme-marchesdebretagne.com\/wp-content\/uploads\/2026\/08\/NicoM2.jpg","type":"image\/jpeg"}],"twitter_card":"summary_large_image","twitter_misc":{"Written by":"Anne-Mich\u00e8le GAUCHARD","Est. reading time":"1 minute"},"schema":{"@context":"https:\/\/schema.org","@graph":[{"@type":"Organization","@id":"https:\/\/www.tourisme-marchesdebretagne.com\/en\/#organization","name":"R\u00e9sultats de recherche R\u00e9sultats Web http:\/\/www.tourisme-marchesdebretagne.com\/www.tourisme-marchesdebretagne.com \u203a marches March\u00e9s - Office de Tourisme Couesnon Marches de Bretagne","url":"https:\/\/www.tourisme-marchesdebretagne.com\/en\/","sameAs":[],"logo":{"@type":"ImageObject","@id":"https:\/\/www.tourisme-marchesdebretagne.com\/en\/#logo","inLanguage":"en-US","url":"https:\/\/www.tourisme-marchesdebretagne.com\/wp-content\/uploads\/2019\/12\/header_logo_grand.png","contentUrl":"https:\/\/www.tourisme-marchesdebretagne.com\/wp-content\/uploads\/2019\/12\/header_logo_grand.png","width":280,"height":76,"caption":"R\u00e9sultats de recherche R\u00e9sultats Web http:\/\/www.tourisme-marchesdebretagne.com\/www.tourisme-marchesdebretagne.com \u203a marches March\u00e9s - Office de Tourisme Couesnon Marches de Bretagne"},"image":{"@id":"https:\/\/www.tourisme-marchesdebretagne.com\/en\/#logo"}},{"@type":"WebSite","@id":"https:\/\/www.tourisme-marchesdebretagne.com\/en\/#website","url":"https:\/\/www.tourisme-marchesdebretagne.com\/en\/","name":"Office de tourisme Couesnon Marches de Bretagne","description":"Le site officiel de l&#039;Office de Tourisme Couesnon Marches de Bretagne \u00e0 Bazouges-la-P\u00e9rouse et Maen Roch en Ille-et-Vilaine.","publisher":{"@id":"https:\/\/www.tourisme-marchesdebretagne.com\/en\/#organization"},"potentialAction":[{"@type":"SearchAction","target":{"@type":"EntryPoint","urlTemplate":"https:\/\/www.tourisme-marchesdebretagne.com\/en\/?s={search_term_string}"},"query-input":"required name=search_term_string"}],"inLanguage":"en-US"},{"@type":"ImageObject","@id":"https:\/\/www.tourisme-marchesdebretagne.com\/en\/laura-aubry-chansons-portraits\/#primaryimage","inLanguage":"en-US","url":"https:\/\/www.tourisme-marchesdebretagne.com\/wp-content\/uploads\/2026\/08\/NicoM2.jpg","contentUrl":"https:\/\/www.tourisme-marchesdebretagne.com\/wp-content\/uploads\/2026\/08\/NicoM2.jpg","width":800,"height":532},{"@type":"WebPage","@id":"https:\/\/www.tourisme-marchesdebretagne.com\/en\/laura-aubry-chansons-portraits\/#webpage","url":"https:\/\/www.tourisme-marchesdebretagne.com\/en\/laura-aubry-chansons-portraits\/","name":"Laura Aubry - Chansons portraits - Office de tourisme Couesnon Marches de Bretagne","isPartOf":{"@id":"https:\/\/www.tourisme-marchesdebretagne.com\/en\/#website"},"primaryImageOfPage":{"@id":"https:\/\/www.tourisme-marchesdebretagne.com\/en\/laura-aubry-chansons-portraits\/#primaryimage"},"datePublished":"2026-08-30T05:37:01+00:00","dateModified":"2026-08-31T06:50:10+00:00","breadcrumb":{"@id":"https:\/\/www.tourisme-marchesdebretagne.com\/en\/laura-aubry-chansons-portraits\/#breadcrumb"},"inLanguage":"en-US","potentialAction":[{"@type":"ReadAction","target":["https:\/\/www.tourisme-marchesdebretagne.com\/en\/laura-aubry-chansons-portraits\/"]}]},{"@type":"BreadcrumbList","@id":"https:\/\/www.tourisme-marchesdebretagne.com\/en\/laura-aubry-chansons-portraits\/#breadcrumb","itemListElement":[{"@type":"ListItem","position":1,"name":"Accueil","item":"https:\/\/www.tourisme-marchesdebretagne.com\/en\/"},{"@type":"ListItem","position":2,"name":"Agenda","item":"https:\/\/www.tourisme-marchesdebretagne.com\/en\/category\/agenda\/"},{"@type":"ListItem","position":3,"name":"Laura Aubry &#8211; Chansons portraits"}]},{"@type":"Article","@id":"https:\/\/www.tourisme-marchesdebretagne.com\/en\/laura-aubry-chansons-portraits\/#article","isPartOf":{"@id":"https:\/\/www.tourisme-marchesdebretagne.com\/en\/laura-aubry-chansons-portraits\/#webpage"},"author":{"@id":"https:\/\/www.tourisme-marchesdebretagne.com\/en\/#\/schema\/person\/f34ae55a5dabe6b57b374cdf485ec6c6"},"headline":"Laura Aubry &#8211; Chansons portraits","datePublished":"2026-08-30T05:37:01+00:00","dateModified":"2026-08-31T06:50:10+00:00","mainEntityOfPage":{"@id":"https:\/\/www.tourisme-marchesdebretagne.com\/en\/laura-aubry-chansons-portraits\/#webpage"},"wordCount":117,"publisher":{"@id":"https:\/\/www.tourisme-marchesdebretagne.com\/en\/#organization"},"image":{"@id":"https:\/\/www.tourisme-marchesdebretagne.com\/en\/laura-aubry-chansons-portraits\/#primaryimage"},"thumbnailUrl":"https:\/\/www.tourisme-marchesdebretagne.com\/wp-content\/uploads\/2026\/08\/NicoM2.jpg","articleSection":["Agenda"],"inLanguage":"en-US"},{"@type":"Person","@id":"https:\/\/www.tourisme-marchesdebretagne.com\/en\/#\/schema\/person\/f34ae55a5dabe6b57b374cdf485ec6c6","name":"Anne-Mich\u00e8le GAUCHARD","image":{"@type":"ImageObject","@id":"https:\/\/www.tourisme-marchesdebretagne.com\/en\/#personlogo","inLanguage":"en-US","url":"https:\/\/secure.gravatar.com\/avatar\/1cbdb3a64f05514dd7b49d6b8eb251f6?s=96&d=mm&r=g","contentUrl":"https:\/\/secure.gravatar.com\/avatar\/1cbdb3a64f05514dd7b49d6b8eb251f6?s=96&d=mm&r=g","caption":"Anne-Mich\u00e8le GAUCHARD"}}]}},"_links":{"self":[{"href":"https:\/\/www.tourisme-marchesdebretagne.com\/en\/wp-json\/wp\/v2\/posts\/244712"}],"collection":[{"href":"https:\/\/www.tourisme-marchesdebretagne.com\/en\/wp-json\/wp\/v2\/posts"}],"about":[{"href":"https:\/\/www.tourisme-marchesdebretagne.com\/en\/wp-json\/wp\/v2\/types\/post"}],"author":[{"embeddable":true,"href":"https:\/\/www.tourisme-marchesdebretagne.com\/en\/wp-json\/wp\/v2\/users\/8"}],"replies":[{"embeddable":true,"href":"https:\/\/www.tourisme-marchesdebretagne.com\/en\/wp-json\/wp\/v2\/comments?post=244712"}],"version-history":[{"count":4,"href":"https:\/\/www.tourisme-marchesdebretagne.com\/en\/wp-json\/wp\/v2\/posts\/244712\/revisions"}],"predecessor-version":[{"id":244739,"href":"https:\/\/www.tourisme-marchesdebretagne.com\/en\/wp-json\/wp\/v2\/posts\/244712\/revisions\/244739"}],"wp:featuredmedia":[{"embeddable":true,"href":"https:\/\/www.tourisme-marchesdebretagne.com\/en\/wp-json\/wp\/v2\/media\/244713"}],"wp:attachment":[{"href":"https:\/\/www.tourisme-marchesdebretagne.com\/en\/wp-json\/wp\/v2\/media?parent=244712"}],"wp:term":[{"taxonomy":"category","embeddable":true,"href":"https:\/\/www.tourisme-marchesdebretagne.com\/en\/wp-json\/wp\/v2\/categories?post=244712"},{"taxonomy":"post_tag","embeddable":true,"href":"https:\/\/www.tourisme-marchesdebretagne.com\/en\/wp-json\/wp\/v2\/tags?post=244712"}],"curies":[{"name":"wp","href":"https:\/\/api.w.org\/{rel}","templated":true}]}}