{"id":244719,"date":"2026-08-30T07:37:06","date_gmt":"2026-08-30T05:37:06","guid":{"rendered":"https:\/\/www.tourisme-marchesdebretagne.com\/les-oiseaux-de-barbara-lecture-musicale\/"},"modified":"2026-08-31T08:50:14","modified_gmt":"2026-08-31T06:50:14","slug":"les-oiseaux-de-barbara-lecture-musicale","status":"publish","type":"post","link":"https:\/\/www.tourisme-marchesdebretagne.com\/en\/les-oiseaux-de-barbara-lecture-musicale\/","title":{"rendered":"Les oiseaux de Barbara &#8211; Lecture musicale"},"content":{"rendered":"<p>A l&#8217;occasion de l&#8217;ouverture de la saison culturelle , Culture Couesnon Marches de Bretagne vous convie \u00e0 une lecture musicale interpr\u00e9t\u00e9e par Ludovic Lecomte. <\/p>\n<p>Barbara pleure chaque jour son mari, un marin disparu en mer. Un jour, elle remarque un serin dans une boutique et tombe sous le charme<br \/>\nde son chant. <\/p>\n<p>Un lien au vivant comme rem\u00e8de au chagrin. D\u2019apr\u00e8s l\u2019album jeunesse &#8220;Les Oiseaux de Barbara&#8221; de Ludovic Lecomte et Andrea Espier aux \u00e9ditions La Cabane Bleue.<\/p>\n<p>&#8220;Chaque matin, on voit passer Barbara. Le regard triste, son panier sous le bras. Elle ne voit rien de la vie de la rue. Elle n\u2019entend rien non plus. Ou \u00e0 peine&#8230; Les trilles de quelques oiseaux, peut-\u00eatre&#8230;&#8221;<\/p>\n<p>Tout public, \u00e0 partir de 4 ans.<\/p>\n<p>Gratuit, sur r\u00e9servation.<\/p>\n<p>A cette occasion, la m\u00e9diath\u00e8que sera ouverte de 14h \u00e0 18h : jeux, ateliers et temps de d\u00e9couvertes !<\/p>\n","protected":false},"excerpt":{"rendered":"<p>A l&#8217;occasion de l&#8217;ouverture de la saison culturelle , Culture Couesnon Marches de Bretagne vous convie \u00e0 une lecture musicale interpr\u00e9t\u00e9e par Ludovic Lecomte. Barbara pleure chaque jour son mari, un marin disparu en mer. Un jour, elle remarque un serin dans une boutique et tombe sous le charme de son chant. Un lien au [&hellip;]<\/p>\n","protected":false},"author":8,"featured_media":244720,"comment_status":"closed","ping_status":"open","sticky":false,"template":"","format":"standard","meta":{"footnotes":""},"categories":[16],"tags":[],"acf":[],"yoast_head":"<!-- This site is optimized with the Yoast SEO plugin v18.4.1 - https:\/\/yoast.com\/wordpress\/plugins\/seo\/ -->\n<title>Les oiseaux de Barbara - Lecture musicale - Office de tourisme Couesnon Marches de Bretagne<\/title>\n<meta name=\"robots\" content=\"index, follow, max-snippet:-1, max-image-preview:large, max-video-preview:-1\" \/>\n<link rel=\"canonical\" href=\"https:\/\/www.tourisme-marchesdebretagne.com\/en\/les-oiseaux-de-barbara-lecture-musicale\/\" \/>\n<meta property=\"og:locale\" content=\"en_US\" \/>\n<meta property=\"og:type\" content=\"article\" \/>\n<meta property=\"og:title\" content=\"Les oiseaux de Barbara - Lecture musicale - Office de tourisme Couesnon Marches de Bretagne\" \/>\n<meta property=\"og:description\" content=\"A l&#8217;occasion de l&#8217;ouverture de la saison culturelle , Culture Couesnon Marches de Bretagne vous convie \u00e0 une lecture musicale interpr\u00e9t\u00e9e par Ludovic Lecomte. Barbara pleure chaque jour son mari, un marin disparu en mer. Un jour, elle remarque un serin dans une boutique et tombe sous le charme de son chant. Un lien au [&hellip;]\" \/>\n<meta property=\"og:url\" content=\"https:\/\/www.tourisme-marchesdebretagne.com\/en\/les-oiseaux-de-barbara-lecture-musicale\/\" \/>\n<meta property=\"og:site_name\" content=\"Office de tourisme Couesnon Marches de Bretagne\" \/>\n<meta property=\"article:published_time\" content=\"2026-08-30T05:37:06+00:00\" \/>\n<meta property=\"article:modified_time\" content=\"2026-08-31T06:50:14+00:00\" \/>\n<meta property=\"og:image\" content=\"https:\/\/www.tourisme-marchesdebretagne.com\/wp-content\/uploads\/2026\/08\/visuel-Oiseaux-de-Barbara-Ludovic-Lecomte-TIS.jpg\" \/>\n\t<meta property=\"og:image:width\" content=\"800\" \/>\n\t<meta property=\"og:image:height\" content=\"532\" \/>\n\t<meta property=\"og:image:type\" content=\"image\/jpeg\" \/>\n<meta name=\"twitter:card\" content=\"summary_large_image\" \/>\n<meta name=\"twitter:label1\" content=\"Written by\" \/>\n\t<meta name=\"twitter:data1\" content=\"Anne-Mich\u00e8le GAUCHARD\" \/>\n\t<meta name=\"twitter:label2\" content=\"Est. reading time\" \/>\n\t<meta name=\"twitter:data2\" content=\"1 minute\" \/>\n<script type=\"application\/ld+json\" class=\"yoast-schema-graph\">{\"@context\":\"https:\/\/schema.org\",\"@graph\":[{\"@type\":\"Organization\",\"@id\":\"https:\/\/www.tourisme-marchesdebretagne.com\/en\/#organization\",\"name\":\"R\u00e9sultats de recherche R\u00e9sultats Web http:\/\/www.tourisme-marchesdebretagne.com\/www.tourisme-marchesdebretagne.com \u203a marches March\u00e9s - Office de Tourisme Couesnon Marches de Bretagne\",\"url\":\"https:\/\/www.tourisme-marchesdebretagne.com\/en\/\",\"sameAs\":[],\"logo\":{\"@type\":\"ImageObject\",\"@id\":\"https:\/\/www.tourisme-marchesdebretagne.com\/en\/#logo\",\"inLanguage\":\"en-US\",\"url\":\"https:\/\/www.tourisme-marchesdebretagne.com\/wp-content\/uploads\/2019\/12\/header_logo_grand.png\",\"contentUrl\":\"https:\/\/www.tourisme-marchesdebretagne.com\/wp-content\/uploads\/2019\/12\/header_logo_grand.png\",\"width\":280,\"height\":76,\"caption\":\"R\u00e9sultats de recherche R\u00e9sultats Web http:\/\/www.tourisme-marchesdebretagne.com\/www.tourisme-marchesdebretagne.com \u203a marches March\u00e9s - Office de Tourisme Couesnon Marches de Bretagne\"},\"image\":{\"@id\":\"https:\/\/www.tourisme-marchesdebretagne.com\/en\/#logo\"}},{\"@type\":\"WebSite\",\"@id\":\"https:\/\/www.tourisme-marchesdebretagne.com\/en\/#website\",\"url\":\"https:\/\/www.tourisme-marchesdebretagne.com\/en\/\",\"name\":\"Office de tourisme Couesnon Marches de Bretagne\",\"description\":\"Le site officiel de l&#039;Office de Tourisme Couesnon Marches de Bretagne \u00e0 Bazouges-la-P\u00e9rouse et Maen Roch en Ille-et-Vilaine.\",\"publisher\":{\"@id\":\"https:\/\/www.tourisme-marchesdebretagne.com\/en\/#organization\"},\"potentialAction\":[{\"@type\":\"SearchAction\",\"target\":{\"@type\":\"EntryPoint\",\"urlTemplate\":\"https:\/\/www.tourisme-marchesdebretagne.com\/en\/?s={search_term_string}\"},\"query-input\":\"required name=search_term_string\"}],\"inLanguage\":\"en-US\"},{\"@type\":\"ImageObject\",\"@id\":\"https:\/\/www.tourisme-marchesdebretagne.com\/en\/les-oiseaux-de-barbara-lecture-musicale\/#primaryimage\",\"inLanguage\":\"en-US\",\"url\":\"https:\/\/www.tourisme-marchesdebretagne.com\/wp-content\/uploads\/2026\/08\/visuel-Oiseaux-de-Barbara-Ludovic-Lecomte-TIS.jpg\",\"contentUrl\":\"https:\/\/www.tourisme-marchesdebretagne.com\/wp-content\/uploads\/2026\/08\/visuel-Oiseaux-de-Barbara-Ludovic-Lecomte-TIS.jpg\",\"width\":800,\"height\":532},{\"@type\":\"WebPage\",\"@id\":\"https:\/\/www.tourisme-marchesdebretagne.com\/en\/les-oiseaux-de-barbara-lecture-musicale\/#webpage\",\"url\":\"https:\/\/www.tourisme-marchesdebretagne.com\/en\/les-oiseaux-de-barbara-lecture-musicale\/\",\"name\":\"Les oiseaux de Barbara - Lecture musicale - Office de tourisme Couesnon Marches de Bretagne\",\"isPartOf\":{\"@id\":\"https:\/\/www.tourisme-marchesdebretagne.com\/en\/#website\"},\"primaryImageOfPage\":{\"@id\":\"https:\/\/www.tourisme-marchesdebretagne.com\/en\/les-oiseaux-de-barbara-lecture-musicale\/#primaryimage\"},\"datePublished\":\"2026-08-30T05:37:06+00:00\",\"dateModified\":\"2026-08-31T06:50:14+00:00\",\"breadcrumb\":{\"@id\":\"https:\/\/www.tourisme-marchesdebretagne.com\/en\/les-oiseaux-de-barbara-lecture-musicale\/#breadcrumb\"},\"inLanguage\":\"en-US\",\"potentialAction\":[{\"@type\":\"ReadAction\",\"target\":[\"https:\/\/www.tourisme-marchesdebretagne.com\/en\/les-oiseaux-de-barbara-lecture-musicale\/\"]}]},{\"@type\":\"BreadcrumbList\",\"@id\":\"https:\/\/www.tourisme-marchesdebretagne.com\/en\/les-oiseaux-de-barbara-lecture-musicale\/#breadcrumb\",\"itemListElement\":[{\"@type\":\"ListItem\",\"position\":1,\"name\":\"Accueil\",\"item\":\"https:\/\/www.tourisme-marchesdebretagne.com\/en\/\"},{\"@type\":\"ListItem\",\"position\":2,\"name\":\"Agenda\",\"item\":\"https:\/\/www.tourisme-marchesdebretagne.com\/en\/category\/agenda\/\"},{\"@type\":\"ListItem\",\"position\":3,\"name\":\"Les oiseaux de Barbara &#8211; Lecture musicale\"}]},{\"@type\":\"Article\",\"@id\":\"https:\/\/www.tourisme-marchesdebretagne.com\/en\/les-oiseaux-de-barbara-lecture-musicale\/#article\",\"isPartOf\":{\"@id\":\"https:\/\/www.tourisme-marchesdebretagne.com\/en\/les-oiseaux-de-barbara-lecture-musicale\/#webpage\"},\"author\":{\"@id\":\"https:\/\/www.tourisme-marchesdebretagne.com\/en\/#\/schema\/person\/f34ae55a5dabe6b57b374cdf485ec6c6\"},\"headline\":\"Les oiseaux de Barbara &#8211; Lecture musicale\",\"datePublished\":\"2026-08-30T05:37:06+00:00\",\"dateModified\":\"2026-08-31T06:50:14+00:00\",\"mainEntityOfPage\":{\"@id\":\"https:\/\/www.tourisme-marchesdebretagne.com\/en\/les-oiseaux-de-barbara-lecture-musicale\/#webpage\"},\"wordCount\":156,\"publisher\":{\"@id\":\"https:\/\/www.tourisme-marchesdebretagne.com\/en\/#organization\"},\"image\":{\"@id\":\"https:\/\/www.tourisme-marchesdebretagne.com\/en\/les-oiseaux-de-barbara-lecture-musicale\/#primaryimage\"},\"thumbnailUrl\":\"https:\/\/www.tourisme-marchesdebretagne.com\/wp-content\/uploads\/2026\/08\/visuel-Oiseaux-de-Barbara-Ludovic-Lecomte-TIS.jpg\",\"articleSection\":[\"Agenda\"],\"inLanguage\":\"en-US\"},{\"@type\":\"Person\",\"@id\":\"https:\/\/www.tourisme-marchesdebretagne.com\/en\/#\/schema\/person\/f34ae55a5dabe6b57b374cdf485ec6c6\",\"name\":\"Anne-Mich\u00e8le GAUCHARD\",\"image\":{\"@type\":\"ImageObject\",\"@id\":\"https:\/\/www.tourisme-marchesdebretagne.com\/en\/#personlogo\",\"inLanguage\":\"en-US\",\"url\":\"https:\/\/secure.gravatar.com\/avatar\/1cbdb3a64f05514dd7b49d6b8eb251f6?s=96&d=mm&r=g\",\"contentUrl\":\"https:\/\/secure.gravatar.com\/avatar\/1cbdb3a64f05514dd7b49d6b8eb251f6?s=96&d=mm&r=g\",\"caption\":\"Anne-Mich\u00e8le GAUCHARD\"}}]}<\/script>\n<!-- \/ Yoast SEO plugin. -->","yoast_head_json":{"title":"Les oiseaux de Barbara - Lecture musicale - Office de tourisme Couesnon Marches de Bretagne","robots":{"index":"index","follow":"follow","max-snippet":"max-snippet:-1","max-image-preview":"max-image-preview:large","max-video-preview":"max-video-preview:-1"},"canonical":"https:\/\/www.tourisme-marchesdebretagne.com\/en\/les-oiseaux-de-barbara-lecture-musicale\/","og_locale":"en_US","og_type":"article","og_title":"Les oiseaux de Barbara - Lecture musicale - Office de tourisme Couesnon Marches de Bretagne","og_description":"A l&#8217;occasion de l&#8217;ouverture de la saison culturelle , Culture Couesnon Marches de Bretagne vous convie \u00e0 une lecture musicale interpr\u00e9t\u00e9e par Ludovic Lecomte. Barbara pleure chaque jour son mari, un marin disparu en mer. Un jour, elle remarque un serin dans une boutique et tombe sous le charme de son chant. Un lien au [&hellip;]","og_url":"https:\/\/www.tourisme-marchesdebretagne.com\/en\/les-oiseaux-de-barbara-lecture-musicale\/","og_site_name":"Office de tourisme Couesnon Marches de Bretagne","article_published_time":"2026-08-30T05:37:06+00:00","article_modified_time":"2026-08-31T06:50:14+00:00","og_image":[{"width":800,"height":532,"url":"https:\/\/www.tourisme-marchesdebretagne.com\/wp-content\/uploads\/2026\/08\/visuel-Oiseaux-de-Barbara-Ludovic-Lecomte-TIS.jpg","type":"image\/jpeg"}],"twitter_card":"summary_large_image","twitter_misc":{"Written by":"Anne-Mich\u00e8le GAUCHARD","Est. reading time":"1 minute"},"schema":{"@context":"https:\/\/schema.org","@graph":[{"@type":"Organization","@id":"https:\/\/www.tourisme-marchesdebretagne.com\/en\/#organization","name":"R\u00e9sultats de recherche R\u00e9sultats Web http:\/\/www.tourisme-marchesdebretagne.com\/www.tourisme-marchesdebretagne.com \u203a marches March\u00e9s - Office de Tourisme Couesnon Marches de Bretagne","url":"https:\/\/www.tourisme-marchesdebretagne.com\/en\/","sameAs":[],"logo":{"@type":"ImageObject","@id":"https:\/\/www.tourisme-marchesdebretagne.com\/en\/#logo","inLanguage":"en-US","url":"https:\/\/www.tourisme-marchesdebretagne.com\/wp-content\/uploads\/2019\/12\/header_logo_grand.png","contentUrl":"https:\/\/www.tourisme-marchesdebretagne.com\/wp-content\/uploads\/2019\/12\/header_logo_grand.png","width":280,"height":76,"caption":"R\u00e9sultats de recherche R\u00e9sultats Web http:\/\/www.tourisme-marchesdebretagne.com\/www.tourisme-marchesdebretagne.com \u203a marches March\u00e9s - Office de Tourisme Couesnon Marches de Bretagne"},"image":{"@id":"https:\/\/www.tourisme-marchesdebretagne.com\/en\/#logo"}},{"@type":"WebSite","@id":"https:\/\/www.tourisme-marchesdebretagne.com\/en\/#website","url":"https:\/\/www.tourisme-marchesdebretagne.com\/en\/","name":"Office de tourisme Couesnon Marches de Bretagne","description":"Le site officiel de l&#039;Office de Tourisme Couesnon Marches de Bretagne \u00e0 Bazouges-la-P\u00e9rouse et Maen Roch en Ille-et-Vilaine.","publisher":{"@id":"https:\/\/www.tourisme-marchesdebretagne.com\/en\/#organization"},"potentialAction":[{"@type":"SearchAction","target":{"@type":"EntryPoint","urlTemplate":"https:\/\/www.tourisme-marchesdebretagne.com\/en\/?s={search_term_string}"},"query-input":"required name=search_term_string"}],"inLanguage":"en-US"},{"@type":"ImageObject","@id":"https:\/\/www.tourisme-marchesdebretagne.com\/en\/les-oiseaux-de-barbara-lecture-musicale\/#primaryimage","inLanguage":"en-US","url":"https:\/\/www.tourisme-marchesdebretagne.com\/wp-content\/uploads\/2026\/08\/visuel-Oiseaux-de-Barbara-Ludovic-Lecomte-TIS.jpg","contentUrl":"https:\/\/www.tourisme-marchesdebretagne.com\/wp-content\/uploads\/2026\/08\/visuel-Oiseaux-de-Barbara-Ludovic-Lecomte-TIS.jpg","width":800,"height":532},{"@type":"WebPage","@id":"https:\/\/www.tourisme-marchesdebretagne.com\/en\/les-oiseaux-de-barbara-lecture-musicale\/#webpage","url":"https:\/\/www.tourisme-marchesdebretagne.com\/en\/les-oiseaux-de-barbara-lecture-musicale\/","name":"Les oiseaux de Barbara - Lecture musicale - Office de tourisme Couesnon Marches de Bretagne","isPartOf":{"@id":"https:\/\/www.tourisme-marchesdebretagne.com\/en\/#website"},"primaryImageOfPage":{"@id":"https:\/\/www.tourisme-marchesdebretagne.com\/en\/les-oiseaux-de-barbara-lecture-musicale\/#primaryimage"},"datePublished":"2026-08-30T05:37:06+00:00","dateModified":"2026-08-31T06:50:14+00:00","breadcrumb":{"@id":"https:\/\/www.tourisme-marchesdebretagne.com\/en\/les-oiseaux-de-barbara-lecture-musicale\/#breadcrumb"},"inLanguage":"en-US","potentialAction":[{"@type":"ReadAction","target":["https:\/\/www.tourisme-marchesdebretagne.com\/en\/les-oiseaux-de-barbara-lecture-musicale\/"]}]},{"@type":"BreadcrumbList","@id":"https:\/\/www.tourisme-marchesdebretagne.com\/en\/les-oiseaux-de-barbara-lecture-musicale\/#breadcrumb","itemListElement":[{"@type":"ListItem","position":1,"name":"Accueil","item":"https:\/\/www.tourisme-marchesdebretagne.com\/en\/"},{"@type":"ListItem","position":2,"name":"Agenda","item":"https:\/\/www.tourisme-marchesdebretagne.com\/en\/category\/agenda\/"},{"@type":"ListItem","position":3,"name":"Les oiseaux de Barbara &#8211; Lecture musicale"}]},{"@type":"Article","@id":"https:\/\/www.tourisme-marchesdebretagne.com\/en\/les-oiseaux-de-barbara-lecture-musicale\/#article","isPartOf":{"@id":"https:\/\/www.tourisme-marchesdebretagne.com\/en\/les-oiseaux-de-barbara-lecture-musicale\/#webpage"},"author":{"@id":"https:\/\/www.tourisme-marchesdebretagne.com\/en\/#\/schema\/person\/f34ae55a5dabe6b57b374cdf485ec6c6"},"headline":"Les oiseaux de Barbara &#8211; Lecture musicale","datePublished":"2026-08-30T05:37:06+00:00","dateModified":"2026-08-31T06:50:14+00:00","mainEntityOfPage":{"@id":"https:\/\/www.tourisme-marchesdebretagne.com\/en\/les-oiseaux-de-barbara-lecture-musicale\/#webpage"},"wordCount":156,"publisher":{"@id":"https:\/\/www.tourisme-marchesdebretagne.com\/en\/#organization"},"image":{"@id":"https:\/\/www.tourisme-marchesdebretagne.com\/en\/les-oiseaux-de-barbara-lecture-musicale\/#primaryimage"},"thumbnailUrl":"https:\/\/www.tourisme-marchesdebretagne.com\/wp-content\/uploads\/2026\/08\/visuel-Oiseaux-de-Barbara-Ludovic-Lecomte-TIS.jpg","articleSection":["Agenda"],"inLanguage":"en-US"},{"@type":"Person","@id":"https:\/\/www.tourisme-marchesdebretagne.com\/en\/#\/schema\/person\/f34ae55a5dabe6b57b374cdf485ec6c6","name":"Anne-Mich\u00e8le GAUCHARD","image":{"@type":"ImageObject","@id":"https:\/\/www.tourisme-marchesdebretagne.com\/en\/#personlogo","inLanguage":"en-US","url":"https:\/\/secure.gravatar.com\/avatar\/1cbdb3a64f05514dd7b49d6b8eb251f6?s=96&d=mm&r=g","contentUrl":"https:\/\/secure.gravatar.com\/avatar\/1cbdb3a64f05514dd7b49d6b8eb251f6?s=96&d=mm&r=g","caption":"Anne-Mich\u00e8le GAUCHARD"}}]}},"_links":{"self":[{"href":"https:\/\/www.tourisme-marchesdebretagne.com\/en\/wp-json\/wp\/v2\/posts\/244719"}],"collection":[{"href":"https:\/\/www.tourisme-marchesdebretagne.com\/en\/wp-json\/wp\/v2\/posts"}],"about":[{"href":"https:\/\/www.tourisme-marchesdebretagne.com\/en\/wp-json\/wp\/v2\/types\/post"}],"author":[{"embeddable":true,"href":"https:\/\/www.tourisme-marchesdebretagne.com\/en\/wp-json\/wp\/v2\/users\/8"}],"replies":[{"embeddable":true,"href":"https:\/\/www.tourisme-marchesdebretagne.com\/en\/wp-json\/wp\/v2\/comments?post=244719"}],"version-history":[{"count":3,"href":"https:\/\/www.tourisme-marchesdebretagne.com\/en\/wp-json\/wp\/v2\/posts\/244719\/revisions"}],"predecessor-version":[{"id":244743,"href":"https:\/\/www.tourisme-marchesdebretagne.com\/en\/wp-json\/wp\/v2\/posts\/244719\/revisions\/244743"}],"wp:featuredmedia":[{"embeddable":true,"href":"https:\/\/www.tourisme-marchesdebretagne.com\/en\/wp-json\/wp\/v2\/media\/244720"}],"wp:attachment":[{"href":"https:\/\/www.tourisme-marchesdebretagne.com\/en\/wp-json\/wp\/v2\/media?parent=244719"}],"wp:term":[{"taxonomy":"category","embeddable":true,"href":"https:\/\/www.tourisme-marchesdebretagne.com\/en\/wp-json\/wp\/v2\/categories?post=244719"},{"taxonomy":"post_tag","embeddable":true,"href":"https:\/\/www.tourisme-marchesdebretagne.com\/en\/wp-json\/wp\/v2\/tags?post=244719"}],"curies":[{"name":"wp","href":"https:\/\/api.w.org\/{rel}","templated":true}]}}