{"id":244727,"date":"2026-08-30T07:37:08","date_gmt":"2026-08-30T05:37:08","guid":{"rendered":"https:\/\/www.tourisme-marchesdebretagne.com\/the-amber-day-concert-folk\/"},"modified":"2026-08-31T08:50:15","modified_gmt":"2026-08-31T06:50:15","slug":"the-amber-day-concert-folk","status":"publish","type":"post","link":"https:\/\/www.tourisme-marchesdebretagne.com\/en\/the-amber-day-concert-folk\/","title":{"rendered":"The Amber Day &#8211; Concert folk"},"content":{"rendered":"<p>Concert organis\u00e9 dans le cadre du festival d\u00e9partemental &#8220;Le Grand Soufflet&#8221;.<\/p>\n<p>The Amber Day nous embarque dans un voyage folk et americana port\u00e9 par la voix de Rachel Baum, chanteuse am\u00e9ricaine originaire de<br \/>\nLouisiane.<\/p>\n<p>Entre douceur m\u00e9lancolique et envol\u00e9es pop, le groupe tisse des paysages sonores chaleureux et immersifs. Leurs chansons racontent<br \/>\nl\u2019amour, l\u2019exil et les souvenirs de vie. Un moment hors du temps \u00e0 partager, entre intensit\u00e9, \u00e9l\u00e9gance et frissons musicaux.<\/p>\n<p>Souvent compar\u00e9 aux excellents Cats on Trees avec lesquels ils ont partag\u00e9 quelques sc\u00e8nes, The Amber Day s\u00e9duit avant d\u2019\u00e9blouir gr\u00e2ce<br \/>\n\u00e0 la grande qualit\u00e9 de ses musiques mais aussi gr\u00e2ce \u00e0 une ma\u00eetrise parfaite de la sc\u00e8ne.<\/p>\n<p>Rachel : Chant \u2013 piano \u2013 Mandoline \u2013 Guitare folk<br \/>\nAntonin : Guitare folk<br \/>\nFred : Guitare \u00e9lectrique \u2013 banjo &#8211; ch\u0153urs<br \/>\nLucien : Basse<br \/>\nAur\u00e9lien : Batterie<br \/>\nFlorent : Son<\/p>\n<p>Tout public.<\/p>\n<p>Gratuit, sur r\u00e9servation.<\/p>\n<p>Pr\u00e9sence du bar mobile du Grand Soufflet \u00e0 partir de 14h !<\/p>\n<p>D\u00e9jeuner possible au restaurant Chez Jacques. R\u00e9servez votre table au  02 56 47 14 68<\/p>\n","protected":false},"excerpt":{"rendered":"<p>Concert organis\u00e9 dans le cadre du festival d\u00e9partemental &#8220;Le Grand Soufflet&#8221;. The Amber Day nous embarque dans un voyage folk et americana port\u00e9 par la voix de Rachel Baum, chanteuse am\u00e9ricaine originaire de Louisiane. Entre douceur m\u00e9lancolique et envol\u00e9es pop, le groupe tisse des paysages sonores chaleureux et immersifs. Leurs chansons racontent l\u2019amour, l\u2019exil et [&hellip;]<\/p>\n","protected":false},"author":8,"featured_media":244728,"comment_status":"closed","ping_status":"open","sticky":false,"template":"","format":"standard","meta":{"footnotes":""},"categories":[16],"tags":[],"acf":[],"yoast_head":"<!-- This site is optimized with the Yoast SEO plugin v18.4.1 - https:\/\/yoast.com\/wordpress\/plugins\/seo\/ -->\n<title>The Amber Day - Concert folk - Office de tourisme Couesnon Marches de Bretagne<\/title>\n<meta name=\"robots\" content=\"index, follow, max-snippet:-1, max-image-preview:large, max-video-preview:-1\" \/>\n<link rel=\"canonical\" href=\"https:\/\/www.tourisme-marchesdebretagne.com\/en\/the-amber-day-concert-folk\/\" \/>\n<meta property=\"og:locale\" content=\"en_US\" \/>\n<meta property=\"og:type\" content=\"article\" \/>\n<meta property=\"og:title\" content=\"The Amber Day - Concert folk - Office de tourisme Couesnon Marches de Bretagne\" \/>\n<meta property=\"og:description\" content=\"Concert organis\u00e9 dans le cadre du festival d\u00e9partemental &#8220;Le Grand Soufflet&#8221;. The Amber Day nous embarque dans un voyage folk et americana port\u00e9 par la voix de Rachel Baum, chanteuse am\u00e9ricaine originaire de Louisiane. Entre douceur m\u00e9lancolique et envol\u00e9es pop, le groupe tisse des paysages sonores chaleureux et immersifs. Leurs chansons racontent l\u2019amour, l\u2019exil et [&hellip;]\" \/>\n<meta property=\"og:url\" content=\"https:\/\/www.tourisme-marchesdebretagne.com\/en\/the-amber-day-concert-folk\/\" \/>\n<meta property=\"og:site_name\" content=\"Office de tourisme Couesnon Marches de Bretagne\" \/>\n<meta property=\"article:published_time\" content=\"2026-08-30T05:37:08+00:00\" \/>\n<meta property=\"article:modified_time\" content=\"2026-08-31T06:50:15+00:00\" \/>\n<meta property=\"og:image\" content=\"https:\/\/www.tourisme-marchesdebretagne.com\/wp-content\/uploads\/2026\/08\/PHOTO-A-UTILISER-The-Amber-Day-CindyCanto.jpg\" \/>\n\t<meta property=\"og:image:width\" content=\"800\" \/>\n\t<meta property=\"og:image:height\" content=\"533\" \/>\n\t<meta property=\"og:image:type\" content=\"image\/jpeg\" \/>\n<meta name=\"twitter:card\" content=\"summary_large_image\" \/>\n<meta name=\"twitter:label1\" content=\"Written by\" \/>\n\t<meta name=\"twitter:data1\" content=\"Anne-Mich\u00e8le GAUCHARD\" \/>\n\t<meta name=\"twitter:label2\" content=\"Est. reading time\" \/>\n\t<meta name=\"twitter:data2\" content=\"1 minute\" \/>\n<script type=\"application\/ld+json\" class=\"yoast-schema-graph\">{\"@context\":\"https:\/\/schema.org\",\"@graph\":[{\"@type\":\"Organization\",\"@id\":\"https:\/\/www.tourisme-marchesdebretagne.com\/en\/#organization\",\"name\":\"R\u00e9sultats de recherche R\u00e9sultats Web http:\/\/www.tourisme-marchesdebretagne.com\/www.tourisme-marchesdebretagne.com \u203a marches March\u00e9s - Office de Tourisme Couesnon Marches de Bretagne\",\"url\":\"https:\/\/www.tourisme-marchesdebretagne.com\/en\/\",\"sameAs\":[],\"logo\":{\"@type\":\"ImageObject\",\"@id\":\"https:\/\/www.tourisme-marchesdebretagne.com\/en\/#logo\",\"inLanguage\":\"en-US\",\"url\":\"https:\/\/www.tourisme-marchesdebretagne.com\/wp-content\/uploads\/2019\/12\/header_logo_grand.png\",\"contentUrl\":\"https:\/\/www.tourisme-marchesdebretagne.com\/wp-content\/uploads\/2019\/12\/header_logo_grand.png\",\"width\":280,\"height\":76,\"caption\":\"R\u00e9sultats de recherche R\u00e9sultats Web http:\/\/www.tourisme-marchesdebretagne.com\/www.tourisme-marchesdebretagne.com \u203a marches March\u00e9s - Office de Tourisme Couesnon Marches de Bretagne\"},\"image\":{\"@id\":\"https:\/\/www.tourisme-marchesdebretagne.com\/en\/#logo\"}},{\"@type\":\"WebSite\",\"@id\":\"https:\/\/www.tourisme-marchesdebretagne.com\/en\/#website\",\"url\":\"https:\/\/www.tourisme-marchesdebretagne.com\/en\/\",\"name\":\"Office de tourisme Couesnon Marches de Bretagne\",\"description\":\"Le site officiel de l&#039;Office de Tourisme Couesnon Marches de Bretagne \u00e0 Bazouges-la-P\u00e9rouse et Maen Roch en Ille-et-Vilaine.\",\"publisher\":{\"@id\":\"https:\/\/www.tourisme-marchesdebretagne.com\/en\/#organization\"},\"potentialAction\":[{\"@type\":\"SearchAction\",\"target\":{\"@type\":\"EntryPoint\",\"urlTemplate\":\"https:\/\/www.tourisme-marchesdebretagne.com\/en\/?s={search_term_string}\"},\"query-input\":\"required name=search_term_string\"}],\"inLanguage\":\"en-US\"},{\"@type\":\"ImageObject\",\"@id\":\"https:\/\/www.tourisme-marchesdebretagne.com\/en\/the-amber-day-concert-folk\/#primaryimage\",\"inLanguage\":\"en-US\",\"url\":\"https:\/\/www.tourisme-marchesdebretagne.com\/wp-content\/uploads\/2026\/08\/PHOTO-A-UTILISER-The-Amber-Day-CindyCanto.jpg\",\"contentUrl\":\"https:\/\/www.tourisme-marchesdebretagne.com\/wp-content\/uploads\/2026\/08\/PHOTO-A-UTILISER-The-Amber-Day-CindyCanto.jpg\",\"width\":800,\"height\":533},{\"@type\":\"WebPage\",\"@id\":\"https:\/\/www.tourisme-marchesdebretagne.com\/en\/the-amber-day-concert-folk\/#webpage\",\"url\":\"https:\/\/www.tourisme-marchesdebretagne.com\/en\/the-amber-day-concert-folk\/\",\"name\":\"The Amber Day - Concert folk - Office de tourisme Couesnon Marches de Bretagne\",\"isPartOf\":{\"@id\":\"https:\/\/www.tourisme-marchesdebretagne.com\/en\/#website\"},\"primaryImageOfPage\":{\"@id\":\"https:\/\/www.tourisme-marchesdebretagne.com\/en\/the-amber-day-concert-folk\/#primaryimage\"},\"datePublished\":\"2026-08-30T05:37:08+00:00\",\"dateModified\":\"2026-08-31T06:50:15+00:00\",\"breadcrumb\":{\"@id\":\"https:\/\/www.tourisme-marchesdebretagne.com\/en\/the-amber-day-concert-folk\/#breadcrumb\"},\"inLanguage\":\"en-US\",\"potentialAction\":[{\"@type\":\"ReadAction\",\"target\":[\"https:\/\/www.tourisme-marchesdebretagne.com\/en\/the-amber-day-concert-folk\/\"]}]},{\"@type\":\"BreadcrumbList\",\"@id\":\"https:\/\/www.tourisme-marchesdebretagne.com\/en\/the-amber-day-concert-folk\/#breadcrumb\",\"itemListElement\":[{\"@type\":\"ListItem\",\"position\":1,\"name\":\"Accueil\",\"item\":\"https:\/\/www.tourisme-marchesdebretagne.com\/en\/\"},{\"@type\":\"ListItem\",\"position\":2,\"name\":\"Agenda\",\"item\":\"https:\/\/www.tourisme-marchesdebretagne.com\/en\/category\/agenda\/\"},{\"@type\":\"ListItem\",\"position\":3,\"name\":\"The Amber Day &#8211; Concert folk\"}]},{\"@type\":\"Article\",\"@id\":\"https:\/\/www.tourisme-marchesdebretagne.com\/en\/the-amber-day-concert-folk\/#article\",\"isPartOf\":{\"@id\":\"https:\/\/www.tourisme-marchesdebretagne.com\/en\/the-amber-day-concert-folk\/#webpage\"},\"author\":{\"@id\":\"https:\/\/www.tourisme-marchesdebretagne.com\/en\/#\/schema\/person\/f34ae55a5dabe6b57b374cdf485ec6c6\"},\"headline\":\"The Amber Day &#8211; Concert folk\",\"datePublished\":\"2026-08-30T05:37:08+00:00\",\"dateModified\":\"2026-08-31T06:50:15+00:00\",\"mainEntityOfPage\":{\"@id\":\"https:\/\/www.tourisme-marchesdebretagne.com\/en\/the-amber-day-concert-folk\/#webpage\"},\"wordCount\":179,\"publisher\":{\"@id\":\"https:\/\/www.tourisme-marchesdebretagne.com\/en\/#organization\"},\"image\":{\"@id\":\"https:\/\/www.tourisme-marchesdebretagne.com\/en\/the-amber-day-concert-folk\/#primaryimage\"},\"thumbnailUrl\":\"https:\/\/www.tourisme-marchesdebretagne.com\/wp-content\/uploads\/2026\/08\/PHOTO-A-UTILISER-The-Amber-Day-CindyCanto.jpg\",\"articleSection\":[\"Agenda\"],\"inLanguage\":\"en-US\"},{\"@type\":\"Person\",\"@id\":\"https:\/\/www.tourisme-marchesdebretagne.com\/en\/#\/schema\/person\/f34ae55a5dabe6b57b374cdf485ec6c6\",\"name\":\"Anne-Mich\u00e8le GAUCHARD\",\"image\":{\"@type\":\"ImageObject\",\"@id\":\"https:\/\/www.tourisme-marchesdebretagne.com\/en\/#personlogo\",\"inLanguage\":\"en-US\",\"url\":\"https:\/\/secure.gravatar.com\/avatar\/1cbdb3a64f05514dd7b49d6b8eb251f6?s=96&d=mm&r=g\",\"contentUrl\":\"https:\/\/secure.gravatar.com\/avatar\/1cbdb3a64f05514dd7b49d6b8eb251f6?s=96&d=mm&r=g\",\"caption\":\"Anne-Mich\u00e8le GAUCHARD\"}}]}<\/script>\n<!-- \/ Yoast SEO plugin. -->","yoast_head_json":{"title":"The Amber Day - Concert folk - Office de tourisme Couesnon Marches de Bretagne","robots":{"index":"index","follow":"follow","max-snippet":"max-snippet:-1","max-image-preview":"max-image-preview:large","max-video-preview":"max-video-preview:-1"},"canonical":"https:\/\/www.tourisme-marchesdebretagne.com\/en\/the-amber-day-concert-folk\/","og_locale":"en_US","og_type":"article","og_title":"The Amber Day - Concert folk - Office de tourisme Couesnon Marches de Bretagne","og_description":"Concert organis\u00e9 dans le cadre du festival d\u00e9partemental &#8220;Le Grand Soufflet&#8221;. The Amber Day nous embarque dans un voyage folk et americana port\u00e9 par la voix de Rachel Baum, chanteuse am\u00e9ricaine originaire de Louisiane. Entre douceur m\u00e9lancolique et envol\u00e9es pop, le groupe tisse des paysages sonores chaleureux et immersifs. Leurs chansons racontent l\u2019amour, l\u2019exil et [&hellip;]","og_url":"https:\/\/www.tourisme-marchesdebretagne.com\/en\/the-amber-day-concert-folk\/","og_site_name":"Office de tourisme Couesnon Marches de Bretagne","article_published_time":"2026-08-30T05:37:08+00:00","article_modified_time":"2026-08-31T06:50:15+00:00","og_image":[{"width":800,"height":533,"url":"https:\/\/www.tourisme-marchesdebretagne.com\/wp-content\/uploads\/2026\/08\/PHOTO-A-UTILISER-The-Amber-Day-CindyCanto.jpg","type":"image\/jpeg"}],"twitter_card":"summary_large_image","twitter_misc":{"Written by":"Anne-Mich\u00e8le GAUCHARD","Est. reading time":"1 minute"},"schema":{"@context":"https:\/\/schema.org","@graph":[{"@type":"Organization","@id":"https:\/\/www.tourisme-marchesdebretagne.com\/en\/#organization","name":"R\u00e9sultats de recherche R\u00e9sultats Web http:\/\/www.tourisme-marchesdebretagne.com\/www.tourisme-marchesdebretagne.com \u203a marches March\u00e9s - Office de Tourisme Couesnon Marches de Bretagne","url":"https:\/\/www.tourisme-marchesdebretagne.com\/en\/","sameAs":[],"logo":{"@type":"ImageObject","@id":"https:\/\/www.tourisme-marchesdebretagne.com\/en\/#logo","inLanguage":"en-US","url":"https:\/\/www.tourisme-marchesdebretagne.com\/wp-content\/uploads\/2019\/12\/header_logo_grand.png","contentUrl":"https:\/\/www.tourisme-marchesdebretagne.com\/wp-content\/uploads\/2019\/12\/header_logo_grand.png","width":280,"height":76,"caption":"R\u00e9sultats de recherche R\u00e9sultats Web http:\/\/www.tourisme-marchesdebretagne.com\/www.tourisme-marchesdebretagne.com \u203a marches March\u00e9s - Office de Tourisme Couesnon Marches de Bretagne"},"image":{"@id":"https:\/\/www.tourisme-marchesdebretagne.com\/en\/#logo"}},{"@type":"WebSite","@id":"https:\/\/www.tourisme-marchesdebretagne.com\/en\/#website","url":"https:\/\/www.tourisme-marchesdebretagne.com\/en\/","name":"Office de tourisme Couesnon Marches de Bretagne","description":"Le site officiel de l&#039;Office de Tourisme Couesnon Marches de Bretagne \u00e0 Bazouges-la-P\u00e9rouse et Maen Roch en Ille-et-Vilaine.","publisher":{"@id":"https:\/\/www.tourisme-marchesdebretagne.com\/en\/#organization"},"potentialAction":[{"@type":"SearchAction","target":{"@type":"EntryPoint","urlTemplate":"https:\/\/www.tourisme-marchesdebretagne.com\/en\/?s={search_term_string}"},"query-input":"required name=search_term_string"}],"inLanguage":"en-US"},{"@type":"ImageObject","@id":"https:\/\/www.tourisme-marchesdebretagne.com\/en\/the-amber-day-concert-folk\/#primaryimage","inLanguage":"en-US","url":"https:\/\/www.tourisme-marchesdebretagne.com\/wp-content\/uploads\/2026\/08\/PHOTO-A-UTILISER-The-Amber-Day-CindyCanto.jpg","contentUrl":"https:\/\/www.tourisme-marchesdebretagne.com\/wp-content\/uploads\/2026\/08\/PHOTO-A-UTILISER-The-Amber-Day-CindyCanto.jpg","width":800,"height":533},{"@type":"WebPage","@id":"https:\/\/www.tourisme-marchesdebretagne.com\/en\/the-amber-day-concert-folk\/#webpage","url":"https:\/\/www.tourisme-marchesdebretagne.com\/en\/the-amber-day-concert-folk\/","name":"The Amber Day - Concert folk - Office de tourisme Couesnon Marches de Bretagne","isPartOf":{"@id":"https:\/\/www.tourisme-marchesdebretagne.com\/en\/#website"},"primaryImageOfPage":{"@id":"https:\/\/www.tourisme-marchesdebretagne.com\/en\/the-amber-day-concert-folk\/#primaryimage"},"datePublished":"2026-08-30T05:37:08+00:00","dateModified":"2026-08-31T06:50:15+00:00","breadcrumb":{"@id":"https:\/\/www.tourisme-marchesdebretagne.com\/en\/the-amber-day-concert-folk\/#breadcrumb"},"inLanguage":"en-US","potentialAction":[{"@type":"ReadAction","target":["https:\/\/www.tourisme-marchesdebretagne.com\/en\/the-amber-day-concert-folk\/"]}]},{"@type":"BreadcrumbList","@id":"https:\/\/www.tourisme-marchesdebretagne.com\/en\/the-amber-day-concert-folk\/#breadcrumb","itemListElement":[{"@type":"ListItem","position":1,"name":"Accueil","item":"https:\/\/www.tourisme-marchesdebretagne.com\/en\/"},{"@type":"ListItem","position":2,"name":"Agenda","item":"https:\/\/www.tourisme-marchesdebretagne.com\/en\/category\/agenda\/"},{"@type":"ListItem","position":3,"name":"The Amber Day &#8211; Concert folk"}]},{"@type":"Article","@id":"https:\/\/www.tourisme-marchesdebretagne.com\/en\/the-amber-day-concert-folk\/#article","isPartOf":{"@id":"https:\/\/www.tourisme-marchesdebretagne.com\/en\/the-amber-day-concert-folk\/#webpage"},"author":{"@id":"https:\/\/www.tourisme-marchesdebretagne.com\/en\/#\/schema\/person\/f34ae55a5dabe6b57b374cdf485ec6c6"},"headline":"The Amber Day &#8211; Concert folk","datePublished":"2026-08-30T05:37:08+00:00","dateModified":"2026-08-31T06:50:15+00:00","mainEntityOfPage":{"@id":"https:\/\/www.tourisme-marchesdebretagne.com\/en\/the-amber-day-concert-folk\/#webpage"},"wordCount":179,"publisher":{"@id":"https:\/\/www.tourisme-marchesdebretagne.com\/en\/#organization"},"image":{"@id":"https:\/\/www.tourisme-marchesdebretagne.com\/en\/the-amber-day-concert-folk\/#primaryimage"},"thumbnailUrl":"https:\/\/www.tourisme-marchesdebretagne.com\/wp-content\/uploads\/2026\/08\/PHOTO-A-UTILISER-The-Amber-Day-CindyCanto.jpg","articleSection":["Agenda"],"inLanguage":"en-US"},{"@type":"Person","@id":"https:\/\/www.tourisme-marchesdebretagne.com\/en\/#\/schema\/person\/f34ae55a5dabe6b57b374cdf485ec6c6","name":"Anne-Mich\u00e8le GAUCHARD","image":{"@type":"ImageObject","@id":"https:\/\/www.tourisme-marchesdebretagne.com\/en\/#personlogo","inLanguage":"en-US","url":"https:\/\/secure.gravatar.com\/avatar\/1cbdb3a64f05514dd7b49d6b8eb251f6?s=96&d=mm&r=g","contentUrl":"https:\/\/secure.gravatar.com\/avatar\/1cbdb3a64f05514dd7b49d6b8eb251f6?s=96&d=mm&r=g","caption":"Anne-Mich\u00e8le GAUCHARD"}}]}},"_links":{"self":[{"href":"https:\/\/www.tourisme-marchesdebretagne.com\/en\/wp-json\/wp\/v2\/posts\/244727"}],"collection":[{"href":"https:\/\/www.tourisme-marchesdebretagne.com\/en\/wp-json\/wp\/v2\/posts"}],"about":[{"href":"https:\/\/www.tourisme-marchesdebretagne.com\/en\/wp-json\/wp\/v2\/types\/post"}],"author":[{"embeddable":true,"href":"https:\/\/www.tourisme-marchesdebretagne.com\/en\/wp-json\/wp\/v2\/users\/8"}],"replies":[{"embeddable":true,"href":"https:\/\/www.tourisme-marchesdebretagne.com\/en\/wp-json\/wp\/v2\/comments?post=244727"}],"version-history":[{"count":3,"href":"https:\/\/www.tourisme-marchesdebretagne.com\/en\/wp-json\/wp\/v2\/posts\/244727\/revisions"}],"predecessor-version":[{"id":244745,"href":"https:\/\/www.tourisme-marchesdebretagne.com\/en\/wp-json\/wp\/v2\/posts\/244727\/revisions\/244745"}],"wp:featuredmedia":[{"embeddable":true,"href":"https:\/\/www.tourisme-marchesdebretagne.com\/en\/wp-json\/wp\/v2\/media\/244728"}],"wp:attachment":[{"href":"https:\/\/www.tourisme-marchesdebretagne.com\/en\/wp-json\/wp\/v2\/media?parent=244727"}],"wp:term":[{"taxonomy":"category","embeddable":true,"href":"https:\/\/www.tourisme-marchesdebretagne.com\/en\/wp-json\/wp\/v2\/categories?post=244727"},{"taxonomy":"post_tag","embeddable":true,"href":"https:\/\/www.tourisme-marchesdebretagne.com\/en\/wp-json\/wp\/v2\/tags?post=244727"}],"curies":[{"name":"wp","href":"https:\/\/api.w.org\/{rel}","templated":true}]}}